{"id":11677,"date":"2025-07-04T02:24:06","date_gmt":"2025-07-04T00:24:06","guid":{"rendered":"https:\/\/lepatriotebenin.com\/?p=11677"},"modified":"2025-07-04T02:24:09","modified_gmt":"2025-07-04T00:24:09","slug":"residence-artistique-nu-futurs-2025-a-roots-cafe-de-ste-rita-lappel-a-candidatures-ouvert-jusquau-12-juillet-prochain","status":"publish","type":"post","link":"https:\/\/lepatriotebenin.com\/index.php\/2025\/07\/04\/residence-artistique-nu-futurs-2025-a-roots-cafe-de-ste-rita-lappel-a-candidatures-ouvert-jusquau-12-juillet-prochain\/","title":{"rendered":"R\u00e9sidence artistique Nu Futurs 2025 \u00e0 Roots caf\u00e9 de Ste Rita\u00a0: L\u2019appel \u00e0 candidatures ouvert jusqu\u2019au 12 Juillet prochain"},"content":{"rendered":"\n<p>En vue de permettre aux artistes en \u00e9closion de pouvoir travailler les talents, le collectif Nu objective organiser une r\u00e9sidence de cr\u00e9ation contemporaine au profit des artistes du B\u00e9nin et de la sous-r\u00e9gion, du 17 au 30 juillet prochain, dans la commune de Cotonou. En pr\u00e9lude \u00e0 cet \u00e9v\u00e8nement majeur, un appel \u00e0 candidatures est lanc\u00e9 afin de permettre aux artistes d\u00e9sireux de participer aux activit\u00e9s de la &nbsp;r\u00e9sidence du programme NU Futures 2005 d\u2019\u00eatre s\u00e9lectionn\u00e9s. Cet appel \u00e0 candidatures, selon M. Kolawol\u00e9 Aihonnou, l\u2019un des membres dudit collectif, est ouvert jusqu\u2019au 12 Juillet prochain. &nbsp;<\/p>\n\n\n\n<p>\u2018\u2019Le futur de la femme commerciale ouest-africaine\u2019\u2019.&nbsp; Tel est le &nbsp;th\u00e8me choisi par le collectif Nu pour d\u00e9rouler les travaux de cette r\u00e9sidence de cr\u00e9ation contemporaine. Durant dix (10) jours, les artistes s\u00e9lectionn\u00e9s auront \u00e0 porter les r\u00e9flexions cr\u00e9atives autour de cette th\u00e9matique. Il s\u2019agit concr\u00e8tement pour le collectif Nu d\u2019emporter le regard des cr\u00e9ateurs contemporains vers &nbsp;le futur de la femme commer\u00e7ante ouest-africaine en s\u2019inspirant surtout du pr\u00e9sent.&nbsp; &nbsp;\u00ab&nbsp;Ici, on est \u00e0 Cotonou, un peu comme dans les autres villes ouest-africaines, il y a une forte urbanisation. &nbsp;Et il y a sp\u00e9cialement \u00e0 Cotonou de nouveaux march\u00e9s qui font partie de cette urbanisation. Il y a d&rsquo;autres challenges auxquels les femmes commer\u00e7antes doivent faire face en dehors de l&rsquo;urbanisation. C&rsquo;est ces aspects-l\u00e0 qui nous ont interpell\u00e9s. Mais aussi le march\u00e9 qui est en face du centre qui h\u00e9berge notre collectif&nbsp;\u00bb a rench\u00e9ri, M. Kolawol\u00e9 Aihonnou.&nbsp; \u00ab&nbsp;On appelle tous les artistes qui ont une approche hors du commun et qui ont envie de cr\u00e9er, de venir participer \u00e0 cette r\u00e9sidence&nbsp;\u00bb a-t-il exhort\u00e9, avant de pr\u00e9ciser que cette r\u00e9sidence artistique entend non seulement, travailler les talents, mais aussi, &nbsp;c\u00f4toyer d&rsquo;autres cr\u00e9atifs, parce que les cr\u00e9atifs ont besoin des autres cr\u00e9atifs et enfin de &nbsp;cr\u00e9er un espace de collaboration, un espace de d\u00e9couverte de soi, de travail cr\u00e9atif. &nbsp;Pendant &nbsp;la r\u00e9sidence, il y aura des activit\u00e9s pour permettre au public de d\u00e9couvrir ces talents-l\u00e0 qui seront en r\u00e9sidence. Ensuite, il y a aura une restitution \u00e0 travers une exposition qui va durer du 1<sup>er<\/sup> au 31 Ao\u00fbt prochain. \u00ab&nbsp;La restitution va permettre \u00e0 nous autres, qui ne sommes pas artistes, de pouvoir entrer en contact avec l&rsquo;imaginaire de la femme commer\u00e7ante ouest-africaine. De d\u00e9couvrir comment nos fr\u00e8res artistes voient la femme commer\u00e7ante ouest-africaine. Et aussi, \u00e0 travers ces \u0153uvres, de nous rendre compte de l&rsquo;\u00e9tat de la femme commer\u00e7ante et de ses avenirs possibles. Ce sera en m\u00eame temps pour nous des moments de ressourcement, des moments de sensibilisation par rapport \u00e0 l&rsquo;importance de cette classe de femmes-l\u00e0 dans notre soci\u00e9t\u00e9 ouest-africaine. L&rsquo;importance de la femme commer\u00e7ante en Afrique de l&rsquo;Ouest. La r\u00e9sidence permettra aux non-artistes de d\u00e9couvrir ces \u0153uvres-l\u00e0, de comprendre ses fonctionnements, mais aussi de consommer de l&rsquo;art b\u00e9ninois, de d\u00e9couvrir des talents b\u00e9ninois&nbsp;\u00bb, a-t-il d\u00e9taill\u00e9.<\/p>\n\n\n\n<p><strong>Rod\u00e9ric&nbsp; DEDEGNONHOU<\/strong><\/p>\n","protected":false},"excerpt":{"rendered":"<p>En vue de permettre aux artistes en \u00e9closion de pouvoir travailler les talents, le collectif Nu objective organiser une r\u00e9sidence de cr\u00e9ation contemporaine au profit des artistes du B\u00e9nin et&hellip;<\/p>\n","protected":false},"author":5,"featured_media":11678,"comment_status":"open","ping_status":"open","sticky":false,"template":"","format":"standard","meta":{"content-type":"","om_disable_all_campaigns":false,"_monsterinsights_skip_tracking":false,"_monsterinsights_sitenote_active":false,"_monsterinsights_sitenote_note":"","_monsterinsights_sitenote_category":0,"_uf_show_specific_survey":0,"_uf_disable_surveys":false,"footnotes":""},"categories":[29],"tags":[],"class_list":["post-11677","post","type-post","status-publish","format-standard","has-post-thumbnail","hentry","category-culture"],"aioseo_notices":[],"yoast_head":"<!-- This site is optimized with the Yoast SEO plugin v27.5 - https:\/\/yoast.com\/product\/yoast-seo-wordpress\/ -->\n<title>R\u00e9sidence artistique Nu Futurs 2025 \u00e0 Roots caf\u00e9 de Ste Rita\u00a0: L\u2019appel \u00e0 candidatures ouvert jusqu\u2019au 12 Juillet prochain - Le Patriote<\/title>\n<meta name=\"robots\" content=\"index, follow, max-snippet:-1, max-image-preview:large, max-video-preview:-1\" \/>\n<link rel=\"canonical\" href=\"https:\/\/lepatriotebenin.com\/index.php\/2025\/07\/04\/residence-artistique-nu-futurs-2025-a-roots-cafe-de-ste-rita-lappel-a-candidatures-ouvert-jusquau-12-juillet-prochain\/\" \/>\n<meta property=\"og:locale\" content=\"fr_FR\" \/>\n<meta property=\"og:type\" content=\"article\" \/>\n<meta property=\"og:title\" content=\"R\u00e9sidence artistique Nu Futurs 2025 \u00e0 Roots caf\u00e9 de Ste Rita\u00a0: L\u2019appel \u00e0 candidatures ouvert jusqu\u2019au 12 Juillet prochain - Le Patriote\" \/>\n<meta property=\"og:description\" content=\"En vue de permettre aux artistes en \u00e9closion de pouvoir travailler les talents, le collectif Nu objective organiser une r\u00e9sidence de cr\u00e9ation contemporaine au profit des artistes du B\u00e9nin et&hellip;\" \/>\n<meta property=\"og:url\" content=\"https:\/\/lepatriotebenin.com\/index.php\/2025\/07\/04\/residence-artistique-nu-futurs-2025-a-roots-cafe-de-ste-rita-lappel-a-candidatures-ouvert-jusquau-12-juillet-prochain\/\" \/>\n<meta property=\"og:site_name\" content=\"Le Patriote\" \/>\n<meta property=\"article:published_time\" content=\"2025-07-04T00:24:06+00:00\" \/>\n<meta property=\"article:modified_time\" content=\"2025-07-04T00:24:09+00:00\" \/>\n<meta property=\"og:image\" content=\"https:\/\/lepatriotebenin.com\/wp-content\/uploads\/2025\/07\/whatsapp-image-2025-07-03-a-22-24-26-2e6afc05.jpg\" \/>\n\t<meta property=\"og:image:width\" content=\"960\" \/>\n\t<meta property=\"og:image:height\" content=\"1280\" \/>\n\t<meta property=\"og:image:type\" content=\"image\/jpeg\" \/>\n<meta name=\"author\" content=\"Redaction\" \/>\n<meta name=\"twitter:card\" content=\"summary_large_image\" \/>\n<meta name=\"twitter:label1\" content=\"\u00c9crit par\" \/>\n\t<meta name=\"twitter:data1\" content=\"Redaction\" \/>\n\t<meta name=\"twitter:label2\" content=\"Dur\u00e9e de lecture estim\u00e9e\" \/>\n\t<meta name=\"twitter:data2\" content=\"3 minutes\" \/>\n<script type=\"application\/ld+json\" class=\"yoast-schema-graph\">{\"@context\":\"https:\\\/\\\/schema.org\",\"@graph\":[{\"@type\":\"Article\",\"@id\":\"https:\\\/\\\/lepatriotebenin.com\\\/index.php\\\/2025\\\/07\\\/04\\\/residence-artistique-nu-futurs-2025-a-roots-cafe-de-ste-rita-lappel-a-candidatures-ouvert-jusquau-12-juillet-prochain\\\/#article\",\"isPartOf\":{\"@id\":\"https:\\\/\\\/lepatriotebenin.com\\\/index.php\\\/2025\\\/07\\\/04\\\/residence-artistique-nu-futurs-2025-a-roots-cafe-de-ste-rita-lappel-a-candidatures-ouvert-jusquau-12-juillet-prochain\\\/\"},\"author\":{\"name\":\"Redaction\",\"@id\":\"https:\\\/\\\/lepatriotebenin.com\\\/#\\\/schema\\\/person\\\/2e7709b9c9cc313e452d1136af61690f\"},\"headline\":\"R\u00e9sidence artistique Nu Futurs 2025 \u00e0 Roots caf\u00e9 de Ste Rita\u00a0: L\u2019appel \u00e0 candidatures ouvert jusqu\u2019au 12 Juillet prochain\",\"datePublished\":\"2025-07-04T00:24:06+00:00\",\"dateModified\":\"2025-07-04T00:24:09+00:00\",\"mainEntityOfPage\":{\"@id\":\"https:\\\/\\\/lepatriotebenin.com\\\/index.php\\\/2025\\\/07\\\/04\\\/residence-artistique-nu-futurs-2025-a-roots-cafe-de-ste-rita-lappel-a-candidatures-ouvert-jusquau-12-juillet-prochain\\\/\"},\"wordCount\":571,\"commentCount\":0,\"image\":{\"@id\":\"https:\\\/\\\/lepatriotebenin.com\\\/index.php\\\/2025\\\/07\\\/04\\\/residence-artistique-nu-futurs-2025-a-roots-cafe-de-ste-rita-lappel-a-candidatures-ouvert-jusquau-12-juillet-prochain\\\/#primaryimage\"},\"thumbnailUrl\":\"https:\\\/\\\/lepatriotebenin.com\\\/wp-content\\\/uploads\\\/2025\\\/07\\\/whatsapp-image-2025-07-03-a-22-24-26-2e6afc05.jpg\",\"articleSection\":[\"Culture\"],\"inLanguage\":\"fr-FR\",\"potentialAction\":[{\"@type\":\"CommentAction\",\"name\":\"Comment\",\"target\":[\"https:\\\/\\\/lepatriotebenin.com\\\/index.php\\\/2025\\\/07\\\/04\\\/residence-artistique-nu-futurs-2025-a-roots-cafe-de-ste-rita-lappel-a-candidatures-ouvert-jusquau-12-juillet-prochain\\\/#respond\"]}]},{\"@type\":\"WebPage\",\"@id\":\"https:\\\/\\\/lepatriotebenin.com\\\/index.php\\\/2025\\\/07\\\/04\\\/residence-artistique-nu-futurs-2025-a-roots-cafe-de-ste-rita-lappel-a-candidatures-ouvert-jusquau-12-juillet-prochain\\\/\",\"url\":\"https:\\\/\\\/lepatriotebenin.com\\\/index.php\\\/2025\\\/07\\\/04\\\/residence-artistique-nu-futurs-2025-a-roots-cafe-de-ste-rita-lappel-a-candidatures-ouvert-jusquau-12-juillet-prochain\\\/\",\"name\":\"R\u00e9sidence artistique Nu Futurs 2025 \u00e0 Roots caf\u00e9 de Ste Rita\u00a0: L\u2019appel \u00e0 candidatures ouvert jusqu\u2019au 12 Juillet prochain - Le Patriote\",\"isPartOf\":{\"@id\":\"https:\\\/\\\/lepatriotebenin.com\\\/#website\"},\"primaryImageOfPage\":{\"@id\":\"https:\\\/\\\/lepatriotebenin.com\\\/index.php\\\/2025\\\/07\\\/04\\\/residence-artistique-nu-futurs-2025-a-roots-cafe-de-ste-rita-lappel-a-candidatures-ouvert-jusquau-12-juillet-prochain\\\/#primaryimage\"},\"image\":{\"@id\":\"https:\\\/\\\/lepatriotebenin.com\\\/index.php\\\/2025\\\/07\\\/04\\\/residence-artistique-nu-futurs-2025-a-roots-cafe-de-ste-rita-lappel-a-candidatures-ouvert-jusquau-12-juillet-prochain\\\/#primaryimage\"},\"thumbnailUrl\":\"https:\\\/\\\/lepatriotebenin.com\\\/wp-content\\\/uploads\\\/2025\\\/07\\\/whatsapp-image-2025-07-03-a-22-24-26-2e6afc05.jpg\",\"datePublished\":\"2025-07-04T00:24:06+00:00\",\"dateModified\":\"2025-07-04T00:24:09+00:00\",\"author\":{\"@id\":\"https:\\\/\\\/lepatriotebenin.com\\\/#\\\/schema\\\/person\\\/2e7709b9c9cc313e452d1136af61690f\"},\"breadcrumb\":{\"@id\":\"https:\\\/\\\/lepatriotebenin.com\\\/index.php\\\/2025\\\/07\\\/04\\\/residence-artistique-nu-futurs-2025-a-roots-cafe-de-ste-rita-lappel-a-candidatures-ouvert-jusquau-12-juillet-prochain\\\/#breadcrumb\"},\"inLanguage\":\"fr-FR\",\"potentialAction\":[{\"@type\":\"ReadAction\",\"target\":[\"https:\\\/\\\/lepatriotebenin.com\\\/index.php\\\/2025\\\/07\\\/04\\\/residence-artistique-nu-futurs-2025-a-roots-cafe-de-ste-rita-lappel-a-candidatures-ouvert-jusquau-12-juillet-prochain\\\/\"]}]},{\"@type\":\"ImageObject\",\"inLanguage\":\"fr-FR\",\"@id\":\"https:\\\/\\\/lepatriotebenin.com\\\/index.php\\\/2025\\\/07\\\/04\\\/residence-artistique-nu-futurs-2025-a-roots-cafe-de-ste-rita-lappel-a-candidatures-ouvert-jusquau-12-juillet-prochain\\\/#primaryimage\",\"url\":\"https:\\\/\\\/lepatriotebenin.com\\\/wp-content\\\/uploads\\\/2025\\\/07\\\/whatsapp-image-2025-07-03-a-22-24-26-2e6afc05.jpg\",\"contentUrl\":\"https:\\\/\\\/lepatriotebenin.com\\\/wp-content\\\/uploads\\\/2025\\\/07\\\/whatsapp-image-2025-07-03-a-22-24-26-2e6afc05.jpg\",\"width\":960,\"height\":1280},{\"@type\":\"BreadcrumbList\",\"@id\":\"https:\\\/\\\/lepatriotebenin.com\\\/index.php\\\/2025\\\/07\\\/04\\\/residence-artistique-nu-futurs-2025-a-roots-cafe-de-ste-rita-lappel-a-candidatures-ouvert-jusquau-12-juillet-prochain\\\/#breadcrumb\",\"itemListElement\":[{\"@type\":\"ListItem\",\"position\":1,\"name\":\"Accueil\",\"item\":\"https:\\\/\\\/lepatriotebenin.com\\\/\"},{\"@type\":\"ListItem\",\"position\":2,\"name\":\"R\u00e9sidence artistique Nu Futurs 2025 \u00e0 Roots caf\u00e9 de Ste Rita\u00a0: L\u2019appel \u00e0 candidatures ouvert jusqu\u2019au 12 Juillet prochain\"}]},{\"@type\":\"WebSite\",\"@id\":\"https:\\\/\\\/lepatriotebenin.com\\\/#website\",\"url\":\"https:\\\/\\\/lepatriotebenin.com\\\/\",\"name\":\"Le Patriote\",\"description\":\"Le Patriote B\u00e9nin\",\"potentialAction\":[{\"@type\":\"SearchAction\",\"target\":{\"@type\":\"EntryPoint\",\"urlTemplate\":\"https:\\\/\\\/lepatriotebenin.com\\\/?s={search_term_string}\"},\"query-input\":{\"@type\":\"PropertyValueSpecification\",\"valueRequired\":true,\"valueName\":\"search_term_string\"}}],\"inLanguage\":\"fr-FR\"},{\"@type\":\"Person\",\"@id\":\"https:\\\/\\\/lepatriotebenin.com\\\/#\\\/schema\\\/person\\\/2e7709b9c9cc313e452d1136af61690f\",\"name\":\"Redaction\",\"image\":{\"@type\":\"ImageObject\",\"inLanguage\":\"fr-FR\",\"@id\":\"https:\\\/\\\/secure.gravatar.com\\\/avatar\\\/c4c509357859ea2ca2cbb6d8812898a73e4ef1ef9934c2e591d7e32face734d1?s=96&d=mm&r=g\",\"url\":\"https:\\\/\\\/secure.gravatar.com\\\/avatar\\\/c4c509357859ea2ca2cbb6d8812898a73e4ef1ef9934c2e591d7e32face734d1?s=96&d=mm&r=g\",\"contentUrl\":\"https:\\\/\\\/secure.gravatar.com\\\/avatar\\\/c4c509357859ea2ca2cbb6d8812898a73e4ef1ef9934c2e591d7e32face734d1?s=96&d=mm&r=g\",\"caption\":\"Redaction\"},\"url\":\"https:\\\/\\\/lepatriotebenin.com\"}]}<\/script>\n<!-- \/ Yoast SEO plugin. -->","yoast_head_json":{"title":"R\u00e9sidence artistique Nu Futurs 2025 \u00e0 Roots caf\u00e9 de Ste Rita\u00a0: L\u2019appel \u00e0 candidatures ouvert jusqu\u2019au 12 Juillet prochain - Le Patriote","robots":{"index":"index","follow":"follow","max-snippet":"max-snippet:-1","max-image-preview":"max-image-preview:large","max-video-preview":"max-video-preview:-1"},"canonical":"https:\/\/lepatriotebenin.com\/index.php\/2025\/07\/04\/residence-artistique-nu-futurs-2025-a-roots-cafe-de-ste-rita-lappel-a-candidatures-ouvert-jusquau-12-juillet-prochain\/","og_locale":"fr_FR","og_type":"article","og_title":"R\u00e9sidence artistique Nu Futurs 2025 \u00e0 Roots caf\u00e9 de Ste Rita\u00a0: L\u2019appel \u00e0 candidatures ouvert jusqu\u2019au 12 Juillet prochain - Le Patriote","og_description":"En vue de permettre aux artistes en \u00e9closion de pouvoir travailler les talents, le collectif Nu objective organiser une r\u00e9sidence de cr\u00e9ation contemporaine au profit des artistes du B\u00e9nin et&hellip;","og_url":"https:\/\/lepatriotebenin.com\/index.php\/2025\/07\/04\/residence-artistique-nu-futurs-2025-a-roots-cafe-de-ste-rita-lappel-a-candidatures-ouvert-jusquau-12-juillet-prochain\/","og_site_name":"Le Patriote","article_published_time":"2025-07-04T00:24:06+00:00","article_modified_time":"2025-07-04T00:24:09+00:00","og_image":[{"width":960,"height":1280,"url":"https:\/\/lepatriotebenin.com\/wp-content\/uploads\/2025\/07\/whatsapp-image-2025-07-03-a-22-24-26-2e6afc05.jpg","type":"image\/jpeg"}],"author":"Redaction","twitter_card":"summary_large_image","twitter_misc":{"\u00c9crit par":"Redaction","Dur\u00e9e de lecture estim\u00e9e":"3 minutes"},"schema":{"@context":"https:\/\/schema.org","@graph":[{"@type":"Article","@id":"https:\/\/lepatriotebenin.com\/index.php\/2025\/07\/04\/residence-artistique-nu-futurs-2025-a-roots-cafe-de-ste-rita-lappel-a-candidatures-ouvert-jusquau-12-juillet-prochain\/#article","isPartOf":{"@id":"https:\/\/lepatriotebenin.com\/index.php\/2025\/07\/04\/residence-artistique-nu-futurs-2025-a-roots-cafe-de-ste-rita-lappel-a-candidatures-ouvert-jusquau-12-juillet-prochain\/"},"author":{"name":"Redaction","@id":"https:\/\/lepatriotebenin.com\/#\/schema\/person\/2e7709b9c9cc313e452d1136af61690f"},"headline":"R\u00e9sidence artistique Nu Futurs 2025 \u00e0 Roots caf\u00e9 de Ste Rita\u00a0: L\u2019appel \u00e0 candidatures ouvert jusqu\u2019au 12 Juillet prochain","datePublished":"2025-07-04T00:24:06+00:00","dateModified":"2025-07-04T00:24:09+00:00","mainEntityOfPage":{"@id":"https:\/\/lepatriotebenin.com\/index.php\/2025\/07\/04\/residence-artistique-nu-futurs-2025-a-roots-cafe-de-ste-rita-lappel-a-candidatures-ouvert-jusquau-12-juillet-prochain\/"},"wordCount":571,"commentCount":0,"image":{"@id":"https:\/\/lepatriotebenin.com\/index.php\/2025\/07\/04\/residence-artistique-nu-futurs-2025-a-roots-cafe-de-ste-rita-lappel-a-candidatures-ouvert-jusquau-12-juillet-prochain\/#primaryimage"},"thumbnailUrl":"https:\/\/lepatriotebenin.com\/wp-content\/uploads\/2025\/07\/whatsapp-image-2025-07-03-a-22-24-26-2e6afc05.jpg","articleSection":["Culture"],"inLanguage":"fr-FR","potentialAction":[{"@type":"CommentAction","name":"Comment","target":["https:\/\/lepatriotebenin.com\/index.php\/2025\/07\/04\/residence-artistique-nu-futurs-2025-a-roots-cafe-de-ste-rita-lappel-a-candidatures-ouvert-jusquau-12-juillet-prochain\/#respond"]}]},{"@type":"WebPage","@id":"https:\/\/lepatriotebenin.com\/index.php\/2025\/07\/04\/residence-artistique-nu-futurs-2025-a-roots-cafe-de-ste-rita-lappel-a-candidatures-ouvert-jusquau-12-juillet-prochain\/","url":"https:\/\/lepatriotebenin.com\/index.php\/2025\/07\/04\/residence-artistique-nu-futurs-2025-a-roots-cafe-de-ste-rita-lappel-a-candidatures-ouvert-jusquau-12-juillet-prochain\/","name":"R\u00e9sidence artistique Nu Futurs 2025 \u00e0 Roots caf\u00e9 de Ste Rita\u00a0: L\u2019appel \u00e0 candidatures ouvert jusqu\u2019au 12 Juillet prochain - Le Patriote","isPartOf":{"@id":"https:\/\/lepatriotebenin.com\/#website"},"primaryImageOfPage":{"@id":"https:\/\/lepatriotebenin.com\/index.php\/2025\/07\/04\/residence-artistique-nu-futurs-2025-a-roots-cafe-de-ste-rita-lappel-a-candidatures-ouvert-jusquau-12-juillet-prochain\/#primaryimage"},"image":{"@id":"https:\/\/lepatriotebenin.com\/index.php\/2025\/07\/04\/residence-artistique-nu-futurs-2025-a-roots-cafe-de-ste-rita-lappel-a-candidatures-ouvert-jusquau-12-juillet-prochain\/#primaryimage"},"thumbnailUrl":"https:\/\/lepatriotebenin.com\/wp-content\/uploads\/2025\/07\/whatsapp-image-2025-07-03-a-22-24-26-2e6afc05.jpg","datePublished":"2025-07-04T00:24:06+00:00","dateModified":"2025-07-04T00:24:09+00:00","author":{"@id":"https:\/\/lepatriotebenin.com\/#\/schema\/person\/2e7709b9c9cc313e452d1136af61690f"},"breadcrumb":{"@id":"https:\/\/lepatriotebenin.com\/index.php\/2025\/07\/04\/residence-artistique-nu-futurs-2025-a-roots-cafe-de-ste-rita-lappel-a-candidatures-ouvert-jusquau-12-juillet-prochain\/#breadcrumb"},"inLanguage":"fr-FR","potentialAction":[{"@type":"ReadAction","target":["https:\/\/lepatriotebenin.com\/index.php\/2025\/07\/04\/residence-artistique-nu-futurs-2025-a-roots-cafe-de-ste-rita-lappel-a-candidatures-ouvert-jusquau-12-juillet-prochain\/"]}]},{"@type":"ImageObject","inLanguage":"fr-FR","@id":"https:\/\/lepatriotebenin.com\/index.php\/2025\/07\/04\/residence-artistique-nu-futurs-2025-a-roots-cafe-de-ste-rita-lappel-a-candidatures-ouvert-jusquau-12-juillet-prochain\/#primaryimage","url":"https:\/\/lepatriotebenin.com\/wp-content\/uploads\/2025\/07\/whatsapp-image-2025-07-03-a-22-24-26-2e6afc05.jpg","contentUrl":"https:\/\/lepatriotebenin.com\/wp-content\/uploads\/2025\/07\/whatsapp-image-2025-07-03-a-22-24-26-2e6afc05.jpg","width":960,"height":1280},{"@type":"BreadcrumbList","@id":"https:\/\/lepatriotebenin.com\/index.php\/2025\/07\/04\/residence-artistique-nu-futurs-2025-a-roots-cafe-de-ste-rita-lappel-a-candidatures-ouvert-jusquau-12-juillet-prochain\/#breadcrumb","itemListElement":[{"@type":"ListItem","position":1,"name":"Accueil","item":"https:\/\/lepatriotebenin.com\/"},{"@type":"ListItem","position":2,"name":"R\u00e9sidence artistique Nu Futurs 2025 \u00e0 Roots caf\u00e9 de Ste Rita\u00a0: L\u2019appel \u00e0 candidatures ouvert jusqu\u2019au 12 Juillet prochain"}]},{"@type":"WebSite","@id":"https:\/\/lepatriotebenin.com\/#website","url":"https:\/\/lepatriotebenin.com\/","name":"Le Patriote","description":"Le Patriote B\u00e9nin","potentialAction":[{"@type":"SearchAction","target":{"@type":"EntryPoint","urlTemplate":"https:\/\/lepatriotebenin.com\/?s={search_term_string}"},"query-input":{"@type":"PropertyValueSpecification","valueRequired":true,"valueName":"search_term_string"}}],"inLanguage":"fr-FR"},{"@type":"Person","@id":"https:\/\/lepatriotebenin.com\/#\/schema\/person\/2e7709b9c9cc313e452d1136af61690f","name":"Redaction","image":{"@type":"ImageObject","inLanguage":"fr-FR","@id":"https:\/\/secure.gravatar.com\/avatar\/c4c509357859ea2ca2cbb6d8812898a73e4ef1ef9934c2e591d7e32face734d1?s=96&d=mm&r=g","url":"https:\/\/secure.gravatar.com\/avatar\/c4c509357859ea2ca2cbb6d8812898a73e4ef1ef9934c2e591d7e32face734d1?s=96&d=mm&r=g","contentUrl":"https:\/\/secure.gravatar.com\/avatar\/c4c509357859ea2ca2cbb6d8812898a73e4ef1ef9934c2e591d7e32face734d1?s=96&d=mm&r=g","caption":"Redaction"},"url":"https:\/\/lepatriotebenin.com"}]}},"_links":{"self":[{"href":"https:\/\/lepatriotebenin.com\/index.php\/wp-json\/wp\/v2\/posts\/11677","targetHints":{"allow":["GET"]}}],"collection":[{"href":"https:\/\/lepatriotebenin.com\/index.php\/wp-json\/wp\/v2\/posts"}],"about":[{"href":"https:\/\/lepatriotebenin.com\/index.php\/wp-json\/wp\/v2\/types\/post"}],"author":[{"embeddable":true,"href":"https:\/\/lepatriotebenin.com\/index.php\/wp-json\/wp\/v2\/users\/5"}],"replies":[{"embeddable":true,"href":"https:\/\/lepatriotebenin.com\/index.php\/wp-json\/wp\/v2\/comments?post=11677"}],"version-history":[{"count":1,"href":"https:\/\/lepatriotebenin.com\/index.php\/wp-json\/wp\/v2\/posts\/11677\/revisions"}],"predecessor-version":[{"id":11679,"href":"https:\/\/lepatriotebenin.com\/index.php\/wp-json\/wp\/v2\/posts\/11677\/revisions\/11679"}],"wp:featuredmedia":[{"embeddable":true,"href":"https:\/\/lepatriotebenin.com\/index.php\/wp-json\/wp\/v2\/media\/11678"}],"wp:attachment":[{"href":"https:\/\/lepatriotebenin.com\/index.php\/wp-json\/wp\/v2\/media?parent=11677"}],"wp:term":[{"taxonomy":"category","embeddable":true,"href":"https:\/\/lepatriotebenin.com\/index.php\/wp-json\/wp\/v2\/categories?post=11677"},{"taxonomy":"post_tag","embeddable":true,"href":"https:\/\/lepatriotebenin.com\/index.php\/wp-json\/wp\/v2\/tags?post=11677"}],"curies":[{"name":"wp","href":"https:\/\/api.w.org\/{rel}","templated":true}]}}