{"id":11672,"date":"2025-07-04T02:04:47","date_gmt":"2025-07-04T00:04:47","guid":{"rendered":"https:\/\/lepatriotebenin.com\/?p=11672"},"modified":"2025-07-04T02:04:50","modified_gmt":"2025-07-04T00:04:50","slug":"augmentation-des-frais-de-retrait-momo-coup-de-marteau-de-mtn-sur-la-tete-des-consommateurs","status":"publish","type":"post","link":"https:\/\/lepatriotebenin.com\/index.php\/2025\/07\/04\/augmentation-des-frais-de-retrait-momo-coup-de-marteau-de-mtn-sur-la-tete-des-consommateurs\/","title":{"rendered":"Augmentation des frais de retrait MOMO : \u00a0Coup de marteau de MTN sur la t\u00eate des consommateurs"},"content":{"rendered":"\n<p>A partir de ce vendredi 04 Juillet 2025, les abonn\u00e9s du r\u00e9seau de la t\u00e9l\u00e9phonie mobile MTN d\u00e9bourseront encore plus pour leurs transactions financi\u00e8res. Ceci pour cause, la tarification au niveau des Services Financiers Mobiles (SFM) de l\u2019op\u00e9rateur se bonificie non pas en faveur des abonn\u00e9s mais pour le r\u00e9seau.<\/p>\n\n\n\n<p>Cette nouvelle tarification touche les transactions comprises entre 500 FCFA et 20.000 FCFA \u00e0 raison d\u2019une augmentation d\u2019au moins 25 FCFA sur l\u2019ancien tarif. Pour retirer entre 501 et 5.000 FCFA, l\u2019abonn\u00e9 paiera d\u00e9sormais 125 FCFA au lieu de 100 FCFA et pour retirer entre 5001 FCF et 10.000 FCFA, c\u2019est 225 FCFA au lieu de 200 FCFA et 375 FCFA au lieu de 350 lorsqu\u2019il s\u2019agira de retirer entre 10.001 FCFA et 20.000 FCFA. L\u2019information a \u00e9t\u00e9 juste publi\u00e9e sur le site de l\u2019op\u00e9rateur sans aucune mesure visant \u00e0 informer les abonn\u00e9s les plus concern\u00e9s notamment la basse classe.<\/p>\n\n\n\n<p>En effet, avant d\u2019implimenter cette nouvelle tarification sur sa plateforme et appliqu\u00e9e aux consommateurs, l\u2019op\u00e9rateur ne s\u2019est nullement souci\u00e9 d\u2019informer plus largement ses abonn\u00e9s surtout la basse classe qui malheurusement n\u2019a aucune possibilit\u00e9 de visiter reguli\u00e8rement, voire par moment, le site sur lequel l\u2019information fut port\u00e9e au public. Ni un communiqu\u00e9 officiel de l\u2019op\u00e9rateur, ni une sortie m\u00e9diatique du genre conf\u00e9rence de presse et autres, bref aucune action de communication n\u2019a \u00e9t\u00e9 entreprise par l\u2019op\u00e9rateur pour pr\u00e9paer les consommateurs \u00e0 acceuillir cette nouvlle augmentation m\u00eame s\u2019il leur est demand\u00e9 de fournir plus d\u2019effort financi\u00e8rement. Sans qu\u2019ils&nbsp; n\u2019aient droit&nbsp; \u00e0 la plus basique des explications, les abonn\u00e9s de MTN devront donc revoir leur pr\u00e9vision surtout si elle doit utiliser Momo.&nbsp; &nbsp;<\/p>\n\n\n\n<p>Mais pourquoi augmenter les commissions sur les op\u00e9rations de retrait si visiblement l\u2019op\u00e9rateur n\u2019est pas en difficult\u00e9 de tr\u00e9sorerie ou si son chiffre d\u2019affaires ne connait aucune baisse ?<\/p>\n\n\n\n<p>En effet, selon le rapport annuel d\u2019activit\u00e9 2024 de l\u2019Autorit\u00e9 de R\u00e9gulatiion des Communications Electriques et de la Poste (ARCEP-BENIN), le nombre global de points de Services Financiers Mobiles a atteint 619.125 en 2024, soit un accroissement de 35% par rapport \u00e0 2023. L\u2019op\u00e9rateur MTN d\u00e9tient \u00e0 lui seul 33% de ce march\u00e9.<\/p>\n\n\n\n<p>Aussi, le nombre de comptes actifs associ\u00e9s aux services financiers mobiles a-t-il atteints 11.247.480 clients en 2024, soit un accroissement de 0.7% par rapport \u00e0 2023. Ici, MTN seul d\u00e9tient 65% selon le m\u00eame rapport de l\u2019ARCEP BENIN. Et en ce qui concerne le chiffre d\u2019affaires des fournisseurs du service financier mobile, &nbsp;il est estim\u00e9 \u00e0 64,2 milliards de francs CFA au 31 d\u00e9cembre 2024 soit un accroissement de 22% par rapport \u00e0 2023. MTN detient l\u00e0 aussi la plus grosse part du march\u00e9 soit 85,4%, c\u2019est-\u00e0-dire environ 54,8 milliards sur les 64,2 milliards de chiffre d\u2019affaires. Le nombre d\u2019abonn\u00e9s monte chaque ann\u00e9e, le chiffre d\u2019affaires croit mais tel un \u00e9ternel insatisfait, les b\u00e9nifices de suffisent visiblement pas l\u2019op\u00e9rateur qui veut par cette augmentation imposer de nouveaux tarifs au consommateurs sans d\u00e9fense \u00e9vidente, sans voix et surtout dej\u00e0 affaiblis par la chert\u00e9 de la vie qui s\u00e9coue le pays depuis trop longtemps.&nbsp; L\u2019ARCEP BENIN charg\u00e9e de r\u00e9guler le secteur a-t-elle approuv\u00e9 cette nouvelle tarification de l\u2019op\u00e9rateur avant son impl\u00e9mentation ? Que disent les associations de d\u00e9fenses des droits des consommateurs devenues muettes et que fait le gouvernement pour \u00e9viter aux b\u00e9ninois de subir une fois encore la politique tarifaire tr\u00e8s am\u00e8re dans ce secteur&nbsp; qui avale les porte-monneis ?<\/p>\n\n\n\n<p>Rendus incontorunables pour les consommateurs de part la facilt\u00e9 pour eux d\u2019effectuer leurs transactions financi\u00e8res, les SFM deviennent de plus en plus trop co\u00fbteux pour b\u00e9ninois qui grognent en silence, sans d\u00e9fense mais contraints malgr\u00e9 la dictaure des co\u00fbts \u00e0 d\u00e9poser et retirer l\u2019argent via le mobile, pour le bien de l\u2019op\u00e9rateur.<\/p>\n","protected":false},"excerpt":{"rendered":"<p>A partir de ce vendredi 04 Juillet 2025, les abonn\u00e9s du r\u00e9seau de la t\u00e9l\u00e9phonie mobile MTN d\u00e9bourseront encore plus pour leurs transactions financi\u00e8res. Ceci pour cause, la tarification au&hellip;<\/p>\n","protected":false},"author":12,"featured_media":11642,"comment_status":"open","ping_status":"open","sticky":false,"template":"","format":"standard","meta":{"content-type":"","om_disable_all_campaigns":false,"_monsterinsights_skip_tracking":false,"_monsterinsights_sitenote_active":false,"_monsterinsights_sitenote_note":"","_monsterinsights_sitenote_category":0,"_uf_show_specific_survey":0,"_uf_disable_surveys":false,"footnotes":""},"categories":[4],"tags":[],"class_list":["post-11672","post","type-post","status-publish","format-standard","has-post-thumbnail","hentry","category-economie"],"aioseo_notices":[],"yoast_head":"<!-- This site is optimized with the Yoast SEO plugin v27.5 - https:\/\/yoast.com\/product\/yoast-seo-wordpress\/ -->\n<title>Augmentation des frais de retrait MOMO : \u00a0Coup de marteau de MTN sur la t\u00eate des consommateurs - Le Patriote<\/title>\n<meta name=\"robots\" content=\"index, follow, max-snippet:-1, max-image-preview:large, max-video-preview:-1\" \/>\n<link rel=\"canonical\" href=\"https:\/\/lepatriotebenin.com\/index.php\/2025\/07\/04\/augmentation-des-frais-de-retrait-momo-coup-de-marteau-de-mtn-sur-la-tete-des-consommateurs\/\" \/>\n<meta property=\"og:locale\" content=\"fr_FR\" \/>\n<meta property=\"og:type\" content=\"article\" \/>\n<meta property=\"og:title\" content=\"Augmentation des frais de retrait MOMO : \u00a0Coup de marteau de MTN sur la t\u00eate des consommateurs - Le Patriote\" \/>\n<meta property=\"og:description\" content=\"A partir de ce vendredi 04 Juillet 2025, les abonn\u00e9s du r\u00e9seau de la t\u00e9l\u00e9phonie mobile MTN d\u00e9bourseront encore plus pour leurs transactions financi\u00e8res. Ceci pour cause, la tarification au&hellip;\" \/>\n<meta property=\"og:url\" content=\"https:\/\/lepatriotebenin.com\/index.php\/2025\/07\/04\/augmentation-des-frais-de-retrait-momo-coup-de-marteau-de-mtn-sur-la-tete-des-consommateurs\/\" \/>\n<meta property=\"og:site_name\" content=\"Le Patriote\" \/>\n<meta property=\"article:published_time\" content=\"2025-07-04T00:04:47+00:00\" \/>\n<meta property=\"article:modified_time\" content=\"2025-07-04T00:04:50+00:00\" \/>\n<meta property=\"og:image\" content=\"https:\/\/lepatriotebenin.com\/wp-content\/uploads\/2025\/07\/mtn-mobile-money.webp\" \/>\n\t<meta property=\"og:image:width\" content=\"1280\" \/>\n\t<meta property=\"og:image:height\" content=\"720\" \/>\n\t<meta property=\"og:image:type\" content=\"image\/webp\" \/>\n<meta name=\"author\" content=\"Comlan Paul ODAH\" \/>\n<meta name=\"twitter:card\" content=\"summary_large_image\" \/>\n<meta name=\"twitter:label1\" content=\"\u00c9crit par\" \/>\n\t<meta name=\"twitter:data1\" content=\"Comlan Paul ODAH\" \/>\n\t<meta name=\"twitter:label2\" content=\"Dur\u00e9e de lecture estim\u00e9e\" \/>\n\t<meta name=\"twitter:data2\" content=\"4 minutes\" \/>\n<script type=\"application\/ld+json\" class=\"yoast-schema-graph\">{\"@context\":\"https:\\\/\\\/schema.org\",\"@graph\":[{\"@type\":\"Article\",\"@id\":\"https:\\\/\\\/lepatriotebenin.com\\\/index.php\\\/2025\\\/07\\\/04\\\/augmentation-des-frais-de-retrait-momo-coup-de-marteau-de-mtn-sur-la-tete-des-consommateurs\\\/#article\",\"isPartOf\":{\"@id\":\"https:\\\/\\\/lepatriotebenin.com\\\/index.php\\\/2025\\\/07\\\/04\\\/augmentation-des-frais-de-retrait-momo-coup-de-marteau-de-mtn-sur-la-tete-des-consommateurs\\\/\"},\"author\":{\"name\":\"Comlan Paul ODAH\",\"@id\":\"https:\\\/\\\/lepatriotebenin.com\\\/#\\\/schema\\\/person\\\/6486fa44ec286eee49816deb241bcbbf\"},\"headline\":\"Augmentation des frais de retrait MOMO : \u00a0Coup de marteau de MTN sur la t\u00eate des consommateurs\",\"datePublished\":\"2025-07-04T00:04:47+00:00\",\"dateModified\":\"2025-07-04T00:04:50+00:00\",\"mainEntityOfPage\":{\"@id\":\"https:\\\/\\\/lepatriotebenin.com\\\/index.php\\\/2025\\\/07\\\/04\\\/augmentation-des-frais-de-retrait-momo-coup-de-marteau-de-mtn-sur-la-tete-des-consommateurs\\\/\"},\"wordCount\":688,\"commentCount\":0,\"image\":{\"@id\":\"https:\\\/\\\/lepatriotebenin.com\\\/index.php\\\/2025\\\/07\\\/04\\\/augmentation-des-frais-de-retrait-momo-coup-de-marteau-de-mtn-sur-la-tete-des-consommateurs\\\/#primaryimage\"},\"thumbnailUrl\":\"https:\\\/\\\/lepatriotebenin.com\\\/wp-content\\\/uploads\\\/2025\\\/07\\\/mtn-mobile-money.webp\",\"articleSection\":[\"Economie\"],\"inLanguage\":\"fr-FR\",\"potentialAction\":[{\"@type\":\"CommentAction\",\"name\":\"Comment\",\"target\":[\"https:\\\/\\\/lepatriotebenin.com\\\/index.php\\\/2025\\\/07\\\/04\\\/augmentation-des-frais-de-retrait-momo-coup-de-marteau-de-mtn-sur-la-tete-des-consommateurs\\\/#respond\"]}]},{\"@type\":\"WebPage\",\"@id\":\"https:\\\/\\\/lepatriotebenin.com\\\/index.php\\\/2025\\\/07\\\/04\\\/augmentation-des-frais-de-retrait-momo-coup-de-marteau-de-mtn-sur-la-tete-des-consommateurs\\\/\",\"url\":\"https:\\\/\\\/lepatriotebenin.com\\\/index.php\\\/2025\\\/07\\\/04\\\/augmentation-des-frais-de-retrait-momo-coup-de-marteau-de-mtn-sur-la-tete-des-consommateurs\\\/\",\"name\":\"Augmentation des frais de retrait MOMO : \u00a0Coup de marteau de MTN sur la t\u00eate des consommateurs - Le Patriote\",\"isPartOf\":{\"@id\":\"https:\\\/\\\/lepatriotebenin.com\\\/#website\"},\"primaryImageOfPage\":{\"@id\":\"https:\\\/\\\/lepatriotebenin.com\\\/index.php\\\/2025\\\/07\\\/04\\\/augmentation-des-frais-de-retrait-momo-coup-de-marteau-de-mtn-sur-la-tete-des-consommateurs\\\/#primaryimage\"},\"image\":{\"@id\":\"https:\\\/\\\/lepatriotebenin.com\\\/index.php\\\/2025\\\/07\\\/04\\\/augmentation-des-frais-de-retrait-momo-coup-de-marteau-de-mtn-sur-la-tete-des-consommateurs\\\/#primaryimage\"},\"thumbnailUrl\":\"https:\\\/\\\/lepatriotebenin.com\\\/wp-content\\\/uploads\\\/2025\\\/07\\\/mtn-mobile-money.webp\",\"datePublished\":\"2025-07-04T00:04:47+00:00\",\"dateModified\":\"2025-07-04T00:04:50+00:00\",\"author\":{\"@id\":\"https:\\\/\\\/lepatriotebenin.com\\\/#\\\/schema\\\/person\\\/6486fa44ec286eee49816deb241bcbbf\"},\"breadcrumb\":{\"@id\":\"https:\\\/\\\/lepatriotebenin.com\\\/index.php\\\/2025\\\/07\\\/04\\\/augmentation-des-frais-de-retrait-momo-coup-de-marteau-de-mtn-sur-la-tete-des-consommateurs\\\/#breadcrumb\"},\"inLanguage\":\"fr-FR\",\"potentialAction\":[{\"@type\":\"ReadAction\",\"target\":[\"https:\\\/\\\/lepatriotebenin.com\\\/index.php\\\/2025\\\/07\\\/04\\\/augmentation-des-frais-de-retrait-momo-coup-de-marteau-de-mtn-sur-la-tete-des-consommateurs\\\/\"]}]},{\"@type\":\"ImageObject\",\"inLanguage\":\"fr-FR\",\"@id\":\"https:\\\/\\\/lepatriotebenin.com\\\/index.php\\\/2025\\\/07\\\/04\\\/augmentation-des-frais-de-retrait-momo-coup-de-marteau-de-mtn-sur-la-tete-des-consommateurs\\\/#primaryimage\",\"url\":\"https:\\\/\\\/lepatriotebenin.com\\\/wp-content\\\/uploads\\\/2025\\\/07\\\/mtn-mobile-money.webp\",\"contentUrl\":\"https:\\\/\\\/lepatriotebenin.com\\\/wp-content\\\/uploads\\\/2025\\\/07\\\/mtn-mobile-money.webp\",\"width\":1280,\"height\":720},{\"@type\":\"BreadcrumbList\",\"@id\":\"https:\\\/\\\/lepatriotebenin.com\\\/index.php\\\/2025\\\/07\\\/04\\\/augmentation-des-frais-de-retrait-momo-coup-de-marteau-de-mtn-sur-la-tete-des-consommateurs\\\/#breadcrumb\",\"itemListElement\":[{\"@type\":\"ListItem\",\"position\":1,\"name\":\"Accueil\",\"item\":\"https:\\\/\\\/lepatriotebenin.com\\\/\"},{\"@type\":\"ListItem\",\"position\":2,\"name\":\"Augmentation des frais de retrait MOMO : \u00a0Coup de marteau de MTN sur la t\u00eate des consommateurs\"}]},{\"@type\":\"WebSite\",\"@id\":\"https:\\\/\\\/lepatriotebenin.com\\\/#website\",\"url\":\"https:\\\/\\\/lepatriotebenin.com\\\/\",\"name\":\"Le Patriote\",\"description\":\"Le Patriote B\u00e9nin\",\"potentialAction\":[{\"@type\":\"SearchAction\",\"target\":{\"@type\":\"EntryPoint\",\"urlTemplate\":\"https:\\\/\\\/lepatriotebenin.com\\\/?s={search_term_string}\"},\"query-input\":{\"@type\":\"PropertyValueSpecification\",\"valueRequired\":true,\"valueName\":\"search_term_string\"}}],\"inLanguage\":\"fr-FR\"},{\"@type\":\"Person\",\"@id\":\"https:\\\/\\\/lepatriotebenin.com\\\/#\\\/schema\\\/person\\\/6486fa44ec286eee49816deb241bcbbf\",\"name\":\"Comlan Paul ODAH\",\"image\":{\"@type\":\"ImageObject\",\"inLanguage\":\"fr-FR\",\"@id\":\"https:\\\/\\\/secure.gravatar.com\\\/avatar\\\/c45cf8a86d3cde8c562d63858f4ea8947664bd10708ad75990c2938897d9dbe1?s=96&d=mm&r=g\",\"url\":\"https:\\\/\\\/secure.gravatar.com\\\/avatar\\\/c45cf8a86d3cde8c562d63858f4ea8947664bd10708ad75990c2938897d9dbe1?s=96&d=mm&r=g\",\"contentUrl\":\"https:\\\/\\\/secure.gravatar.com\\\/avatar\\\/c45cf8a86d3cde8c562d63858f4ea8947664bd10708ad75990c2938897d9dbe1?s=96&d=mm&r=g\",\"caption\":\"Comlan Paul ODAH\"},\"url\":\"https:\\\/\\\/lepatriotebenin.com\"}]}<\/script>\n<!-- \/ Yoast SEO plugin. -->","yoast_head_json":{"title":"Augmentation des frais de retrait MOMO : \u00a0Coup de marteau de MTN sur la t\u00eate des consommateurs - Le Patriote","robots":{"index":"index","follow":"follow","max-snippet":"max-snippet:-1","max-image-preview":"max-image-preview:large","max-video-preview":"max-video-preview:-1"},"canonical":"https:\/\/lepatriotebenin.com\/index.php\/2025\/07\/04\/augmentation-des-frais-de-retrait-momo-coup-de-marteau-de-mtn-sur-la-tete-des-consommateurs\/","og_locale":"fr_FR","og_type":"article","og_title":"Augmentation des frais de retrait MOMO : \u00a0Coup de marteau de MTN sur la t\u00eate des consommateurs - Le Patriote","og_description":"A partir de ce vendredi 04 Juillet 2025, les abonn\u00e9s du r\u00e9seau de la t\u00e9l\u00e9phonie mobile MTN d\u00e9bourseront encore plus pour leurs transactions financi\u00e8res. Ceci pour cause, la tarification au&hellip;","og_url":"https:\/\/lepatriotebenin.com\/index.php\/2025\/07\/04\/augmentation-des-frais-de-retrait-momo-coup-de-marteau-de-mtn-sur-la-tete-des-consommateurs\/","og_site_name":"Le Patriote","article_published_time":"2025-07-04T00:04:47+00:00","article_modified_time":"2025-07-04T00:04:50+00:00","og_image":[{"width":1280,"height":720,"url":"https:\/\/lepatriotebenin.com\/wp-content\/uploads\/2025\/07\/mtn-mobile-money.webp","type":"image\/webp"}],"author":"Comlan Paul ODAH","twitter_card":"summary_large_image","twitter_misc":{"\u00c9crit par":"Comlan Paul ODAH","Dur\u00e9e de lecture estim\u00e9e":"4 minutes"},"schema":{"@context":"https:\/\/schema.org","@graph":[{"@type":"Article","@id":"https:\/\/lepatriotebenin.com\/index.php\/2025\/07\/04\/augmentation-des-frais-de-retrait-momo-coup-de-marteau-de-mtn-sur-la-tete-des-consommateurs\/#article","isPartOf":{"@id":"https:\/\/lepatriotebenin.com\/index.php\/2025\/07\/04\/augmentation-des-frais-de-retrait-momo-coup-de-marteau-de-mtn-sur-la-tete-des-consommateurs\/"},"author":{"name":"Comlan Paul ODAH","@id":"https:\/\/lepatriotebenin.com\/#\/schema\/person\/6486fa44ec286eee49816deb241bcbbf"},"headline":"Augmentation des frais de retrait MOMO : \u00a0Coup de marteau de MTN sur la t\u00eate des consommateurs","datePublished":"2025-07-04T00:04:47+00:00","dateModified":"2025-07-04T00:04:50+00:00","mainEntityOfPage":{"@id":"https:\/\/lepatriotebenin.com\/index.php\/2025\/07\/04\/augmentation-des-frais-de-retrait-momo-coup-de-marteau-de-mtn-sur-la-tete-des-consommateurs\/"},"wordCount":688,"commentCount":0,"image":{"@id":"https:\/\/lepatriotebenin.com\/index.php\/2025\/07\/04\/augmentation-des-frais-de-retrait-momo-coup-de-marteau-de-mtn-sur-la-tete-des-consommateurs\/#primaryimage"},"thumbnailUrl":"https:\/\/lepatriotebenin.com\/wp-content\/uploads\/2025\/07\/mtn-mobile-money.webp","articleSection":["Economie"],"inLanguage":"fr-FR","potentialAction":[{"@type":"CommentAction","name":"Comment","target":["https:\/\/lepatriotebenin.com\/index.php\/2025\/07\/04\/augmentation-des-frais-de-retrait-momo-coup-de-marteau-de-mtn-sur-la-tete-des-consommateurs\/#respond"]}]},{"@type":"WebPage","@id":"https:\/\/lepatriotebenin.com\/index.php\/2025\/07\/04\/augmentation-des-frais-de-retrait-momo-coup-de-marteau-de-mtn-sur-la-tete-des-consommateurs\/","url":"https:\/\/lepatriotebenin.com\/index.php\/2025\/07\/04\/augmentation-des-frais-de-retrait-momo-coup-de-marteau-de-mtn-sur-la-tete-des-consommateurs\/","name":"Augmentation des frais de retrait MOMO : \u00a0Coup de marteau de MTN sur la t\u00eate des consommateurs - Le Patriote","isPartOf":{"@id":"https:\/\/lepatriotebenin.com\/#website"},"primaryImageOfPage":{"@id":"https:\/\/lepatriotebenin.com\/index.php\/2025\/07\/04\/augmentation-des-frais-de-retrait-momo-coup-de-marteau-de-mtn-sur-la-tete-des-consommateurs\/#primaryimage"},"image":{"@id":"https:\/\/lepatriotebenin.com\/index.php\/2025\/07\/04\/augmentation-des-frais-de-retrait-momo-coup-de-marteau-de-mtn-sur-la-tete-des-consommateurs\/#primaryimage"},"thumbnailUrl":"https:\/\/lepatriotebenin.com\/wp-content\/uploads\/2025\/07\/mtn-mobile-money.webp","datePublished":"2025-07-04T00:04:47+00:00","dateModified":"2025-07-04T00:04:50+00:00","author":{"@id":"https:\/\/lepatriotebenin.com\/#\/schema\/person\/6486fa44ec286eee49816deb241bcbbf"},"breadcrumb":{"@id":"https:\/\/lepatriotebenin.com\/index.php\/2025\/07\/04\/augmentation-des-frais-de-retrait-momo-coup-de-marteau-de-mtn-sur-la-tete-des-consommateurs\/#breadcrumb"},"inLanguage":"fr-FR","potentialAction":[{"@type":"ReadAction","target":["https:\/\/lepatriotebenin.com\/index.php\/2025\/07\/04\/augmentation-des-frais-de-retrait-momo-coup-de-marteau-de-mtn-sur-la-tete-des-consommateurs\/"]}]},{"@type":"ImageObject","inLanguage":"fr-FR","@id":"https:\/\/lepatriotebenin.com\/index.php\/2025\/07\/04\/augmentation-des-frais-de-retrait-momo-coup-de-marteau-de-mtn-sur-la-tete-des-consommateurs\/#primaryimage","url":"https:\/\/lepatriotebenin.com\/wp-content\/uploads\/2025\/07\/mtn-mobile-money.webp","contentUrl":"https:\/\/lepatriotebenin.com\/wp-content\/uploads\/2025\/07\/mtn-mobile-money.webp","width":1280,"height":720},{"@type":"BreadcrumbList","@id":"https:\/\/lepatriotebenin.com\/index.php\/2025\/07\/04\/augmentation-des-frais-de-retrait-momo-coup-de-marteau-de-mtn-sur-la-tete-des-consommateurs\/#breadcrumb","itemListElement":[{"@type":"ListItem","position":1,"name":"Accueil","item":"https:\/\/lepatriotebenin.com\/"},{"@type":"ListItem","position":2,"name":"Augmentation des frais de retrait MOMO : \u00a0Coup de marteau de MTN sur la t\u00eate des consommateurs"}]},{"@type":"WebSite","@id":"https:\/\/lepatriotebenin.com\/#website","url":"https:\/\/lepatriotebenin.com\/","name":"Le Patriote","description":"Le Patriote B\u00e9nin","potentialAction":[{"@type":"SearchAction","target":{"@type":"EntryPoint","urlTemplate":"https:\/\/lepatriotebenin.com\/?s={search_term_string}"},"query-input":{"@type":"PropertyValueSpecification","valueRequired":true,"valueName":"search_term_string"}}],"inLanguage":"fr-FR"},{"@type":"Person","@id":"https:\/\/lepatriotebenin.com\/#\/schema\/person\/6486fa44ec286eee49816deb241bcbbf","name":"Comlan Paul ODAH","image":{"@type":"ImageObject","inLanguage":"fr-FR","@id":"https:\/\/secure.gravatar.com\/avatar\/c45cf8a86d3cde8c562d63858f4ea8947664bd10708ad75990c2938897d9dbe1?s=96&d=mm&r=g","url":"https:\/\/secure.gravatar.com\/avatar\/c45cf8a86d3cde8c562d63858f4ea8947664bd10708ad75990c2938897d9dbe1?s=96&d=mm&r=g","contentUrl":"https:\/\/secure.gravatar.com\/avatar\/c45cf8a86d3cde8c562d63858f4ea8947664bd10708ad75990c2938897d9dbe1?s=96&d=mm&r=g","caption":"Comlan Paul ODAH"},"url":"https:\/\/lepatriotebenin.com"}]}},"_links":{"self":[{"href":"https:\/\/lepatriotebenin.com\/index.php\/wp-json\/wp\/v2\/posts\/11672","targetHints":{"allow":["GET"]}}],"collection":[{"href":"https:\/\/lepatriotebenin.com\/index.php\/wp-json\/wp\/v2\/posts"}],"about":[{"href":"https:\/\/lepatriotebenin.com\/index.php\/wp-json\/wp\/v2\/types\/post"}],"author":[{"embeddable":true,"href":"https:\/\/lepatriotebenin.com\/index.php\/wp-json\/wp\/v2\/users\/12"}],"replies":[{"embeddable":true,"href":"https:\/\/lepatriotebenin.com\/index.php\/wp-json\/wp\/v2\/comments?post=11672"}],"version-history":[{"count":1,"href":"https:\/\/lepatriotebenin.com\/index.php\/wp-json\/wp\/v2\/posts\/11672\/revisions"}],"predecessor-version":[{"id":11673,"href":"https:\/\/lepatriotebenin.com\/index.php\/wp-json\/wp\/v2\/posts\/11672\/revisions\/11673"}],"wp:featuredmedia":[{"embeddable":true,"href":"https:\/\/lepatriotebenin.com\/index.php\/wp-json\/wp\/v2\/media\/11642"}],"wp:attachment":[{"href":"https:\/\/lepatriotebenin.com\/index.php\/wp-json\/wp\/v2\/media?parent=11672"}],"wp:term":[{"taxonomy":"category","embeddable":true,"href":"https:\/\/lepatriotebenin.com\/index.php\/wp-json\/wp\/v2\/categories?post=11672"},{"taxonomy":"post_tag","embeddable":true,"href":"https:\/\/lepatriotebenin.com\/index.php\/wp-json\/wp\/v2\/tags?post=11672"}],"curies":[{"name":"wp","href":"https:\/\/api.w.org\/{rel}","templated":true}]}}