{"id":11669,"date":"2025-07-04T02:03:09","date_gmt":"2025-07-04T00:03:09","guid":{"rendered":"https:\/\/lepatriotebenin.com\/?p=11669"},"modified":"2025-07-04T03:04:52","modified_gmt":"2025-07-04T01:04:52","slug":"mobilisation-des-jeunes-pour-le-developpement-de-lafrique-thibaut-ogou-et-simone-gbagbo-se-donnent-la-main","status":"publish","type":"post","link":"https:\/\/lepatriotebenin.com\/index.php\/2025\/07\/04\/mobilisation-des-jeunes-pour-le-developpement-de-lafrique-thibaut-ogou-et-simone-gbagbo-se-donnent-la-main\/","title":{"rendered":"Mobilisation des jeunes pour le d\u00e9veloppement de l\u2019Afrique\u00a0: Thibaut Ogou et Simone Gbagbo se donnent la main"},"content":{"rendered":"\n<p><em>En C\u00f4te d\u2019Ivoire depuis quelques jours pour donner une dimension internationale \u00e0 son engagement politique, Thibaut Ogou, Pr\u00e9sident de l\u2019Alliance Conclave de la Jeunesse (ACJ) &nbsp;pr\u00e9sidente&nbsp; du Mouvement des G\u00e9n\u00e9rations Capables (MGC). Au cours de ces \u00e9changes, ils ont converg\u00e9 leurs visions sur l\u2019engagement et l\u2019audace des jeunes pour une Afrique plus forte.<\/em><\/p>\n\n\n\n<p><em>&nbsp; &nbsp;<br><\/em><br><br>Le Pr\u00e9sident de l\u2019Alliance Conclave de la Jeunesse(AJC) Thibaut Ogou s\u00e9journe depuis quelques jours en C\u00f4te d\u2019Ivoire dans le cadre de sa tourn\u00e9e sous-r\u00e9gionale en vue de mobiliser la jeunesse africaine autour des valeurs de v\u00e9rit\u00e9, de justice et de souverainet\u00e9 du continent. C\u2019est dans ce cadre qu\u2019il a rencontr\u00e9 le lundi 30 juin 2025 \u00e0 Abidjan Madame Simone Ehivet GBAGBO, Pr\u00e9sidente du Mouvement des G\u00e9n\u00e9rations Capables (MGC).<br>Les \u00e9changes ont port\u00e9 sur le renforcement des liens entre les deux organisations, avec un accent particulier sur la jeunesse africaine, sa place dans la gouvernance, sa participation active \u00e0 la d\u00e9mocratie, et la n\u00e9cessit\u00e9 d\u2019une conscience panafricaine renouvel\u00e9e.<br>Madame Simone GBAGBO a d\u00e9clar\u00e9 avec fermet\u00e9 que: \u00ab&nbsp;L\u2019Afrique ne doit plus \u00eatre le continent des r\u00e9signations. Les jeunes doivent cesser de se chercher des mod\u00e8les ailleurs. Nous avons en nous les germes de notre propre renaissance&nbsp;\u00bb.<br>\u00c0 son tour, le pr\u00e9sident Thibaut OGOU a r\u00e9affirm\u00e9 la position de l\u2019ACJ en mettant l\u2019accent sur&nbsp;: \u00ab&nbsp;L\u2019engagement de la jeunesse ne doit plus \u00eatre accessoire. Il est temps que nos voix soient entendues comme forces de proposition et non comme bruits de r\u00e9volte&nbsp;\u00bb.<br><br>Les deux leaders ont partag\u00e9 une vision commune, celle d\u2019une Afrique debout, port\u00e9e par des jeunes engag\u00e9s, audacieux et enracin\u00e9s dans les valeurs de justice, de v\u00e9rit\u00e9 et de souverainet\u00e9 populaire. L\u2019entretien a aussi permis d\u2019\u00e9voquer des pistes concr\u00e8tes de collaboration entre les deux structures, notamment dans les domaines de la formation politique, du renforcement des capacit\u00e9s et de la mobilisation citoyenne.<br><br>Cette rencontre marque un tournant dans la vie du mouvement Alliance Conclave de la Jeunesse ACJ et confirme sa volont\u00e9 de tisser des alliances strat\u00e9giques, au service de l\u2019int\u00e9r\u00eat g\u00e9n\u00e9ral, au-del\u00e0 des fronti\u00e8res. Elle redonne espoir \u00e0 toute une g\u00e9n\u00e9ration qui croit encore aux id\u00e9aux de courage, de v\u00e9rit\u00e9 et de dignit\u00e9 africaine.<br><br>Le mouvement ACJ salue cette ouverture fraternelle du MGC et rassure le peuple b\u00e9ninois que la jeunesse reste en marche, r\u00e9solue \u00e0 jouer son r\u00f4le dans la transformation du B\u00e9nin en particulier et du continent en g\u00e9n\u00e9ral.<br><br><\/p>\n","protected":false},"excerpt":{"rendered":"<p>En C\u00f4te d\u2019Ivoire depuis quelques jours pour donner une dimension internationale \u00e0 son engagement politique, Thibaut Ogou, Pr\u00e9sident de l\u2019Alliance Conclave de la Jeunesse (ACJ) &nbsp;pr\u00e9sidente&nbsp; du Mouvement des G\u00e9n\u00e9rations&hellip;<\/p>\n","protected":false},"author":5,"featured_media":11670,"comment_status":"open","ping_status":"open","sticky":false,"template":"","format":"standard","meta":{"content-type":"","om_disable_all_campaigns":false,"_monsterinsights_skip_tracking":false,"_monsterinsights_sitenote_active":false,"_monsterinsights_sitenote_note":"","_monsterinsights_sitenote_category":0,"_uf_show_specific_survey":0,"_uf_disable_surveys":false,"footnotes":""},"categories":[26],"tags":[],"class_list":["post-11669","post","type-post","status-publish","format-standard","has-post-thumbnail","hentry","category-politique"],"aioseo_notices":[],"yoast_head":"<!-- This site is optimized with the Yoast SEO plugin v27.5 - https:\/\/yoast.com\/product\/yoast-seo-wordpress\/ -->\n<title>Mobilisation des jeunes pour le d\u00e9veloppement de l\u2019Afrique\u00a0: Thibaut Ogou et Simone Gbagbo se donnent la main - Le Patriote<\/title>\n<meta name=\"robots\" content=\"index, follow, max-snippet:-1, max-image-preview:large, max-video-preview:-1\" \/>\n<link rel=\"canonical\" href=\"https:\/\/lepatriotebenin.com\/index.php\/2025\/07\/04\/mobilisation-des-jeunes-pour-le-developpement-de-lafrique-thibaut-ogou-et-simone-gbagbo-se-donnent-la-main\/\" \/>\n<meta property=\"og:locale\" content=\"fr_FR\" \/>\n<meta property=\"og:type\" content=\"article\" \/>\n<meta property=\"og:title\" content=\"Mobilisation des jeunes pour le d\u00e9veloppement de l\u2019Afrique\u00a0: Thibaut Ogou et Simone Gbagbo se donnent la main - Le Patriote\" \/>\n<meta property=\"og:description\" content=\"En C\u00f4te d\u2019Ivoire depuis quelques jours pour donner une dimension internationale \u00e0 son engagement politique, Thibaut Ogou, Pr\u00e9sident de l\u2019Alliance Conclave de la Jeunesse (ACJ) &nbsp;pr\u00e9sidente&nbsp; du Mouvement des G\u00e9n\u00e9rations&hellip;\" \/>\n<meta property=\"og:url\" content=\"https:\/\/lepatriotebenin.com\/index.php\/2025\/07\/04\/mobilisation-des-jeunes-pour-le-developpement-de-lafrique-thibaut-ogou-et-simone-gbagbo-se-donnent-la-main\/\" \/>\n<meta property=\"og:site_name\" content=\"Le Patriote\" \/>\n<meta property=\"article:published_time\" content=\"2025-07-04T00:03:09+00:00\" \/>\n<meta property=\"article:modified_time\" content=\"2025-07-04T01:04:52+00:00\" \/>\n<meta property=\"og:image\" content=\"https:\/\/lepatriotebenin.com\/wp-content\/uploads\/2025\/07\/ogou-a-abidjan.jpg\" \/>\n\t<meta property=\"og:image:width\" content=\"964\" \/>\n\t<meta property=\"og:image:height\" content=\"1080\" \/>\n\t<meta property=\"og:image:type\" content=\"image\/jpeg\" \/>\n<meta name=\"author\" content=\"Redaction\" \/>\n<meta name=\"twitter:card\" content=\"summary_large_image\" \/>\n<meta name=\"twitter:label1\" content=\"\u00c9crit par\" \/>\n\t<meta name=\"twitter:data1\" content=\"Redaction\" \/>\n\t<meta name=\"twitter:label2\" content=\"Dur\u00e9e de lecture estim\u00e9e\" \/>\n\t<meta name=\"twitter:data2\" content=\"3 minutes\" \/>\n<script type=\"application\/ld+json\" class=\"yoast-schema-graph\">{\"@context\":\"https:\\\/\\\/schema.org\",\"@graph\":[{\"@type\":\"Article\",\"@id\":\"https:\\\/\\\/lepatriotebenin.com\\\/index.php\\\/2025\\\/07\\\/04\\\/mobilisation-des-jeunes-pour-le-developpement-de-lafrique-thibaut-ogou-et-simone-gbagbo-se-donnent-la-main\\\/#article\",\"isPartOf\":{\"@id\":\"https:\\\/\\\/lepatriotebenin.com\\\/index.php\\\/2025\\\/07\\\/04\\\/mobilisation-des-jeunes-pour-le-developpement-de-lafrique-thibaut-ogou-et-simone-gbagbo-se-donnent-la-main\\\/\"},\"author\":{\"name\":\"Redaction\",\"@id\":\"https:\\\/\\\/lepatriotebenin.com\\\/#\\\/schema\\\/person\\\/2e7709b9c9cc313e452d1136af61690f\"},\"headline\":\"Mobilisation des jeunes pour le d\u00e9veloppement de l\u2019Afrique\u00a0: Thibaut Ogou et Simone Gbagbo se donnent la main\",\"datePublished\":\"2025-07-04T00:03:09+00:00\",\"dateModified\":\"2025-07-04T01:04:52+00:00\",\"mainEntityOfPage\":{\"@id\":\"https:\\\/\\\/lepatriotebenin.com\\\/index.php\\\/2025\\\/07\\\/04\\\/mobilisation-des-jeunes-pour-le-developpement-de-lafrique-thibaut-ogou-et-simone-gbagbo-se-donnent-la-main\\\/\"},\"wordCount\":476,\"commentCount\":0,\"image\":{\"@id\":\"https:\\\/\\\/lepatriotebenin.com\\\/index.php\\\/2025\\\/07\\\/04\\\/mobilisation-des-jeunes-pour-le-developpement-de-lafrique-thibaut-ogou-et-simone-gbagbo-se-donnent-la-main\\\/#primaryimage\"},\"thumbnailUrl\":\"https:\\\/\\\/lepatriotebenin.com\\\/wp-content\\\/uploads\\\/2025\\\/07\\\/ogou-a-abidjan.jpg\",\"articleSection\":[\"Politique\"],\"inLanguage\":\"fr-FR\",\"potentialAction\":[{\"@type\":\"CommentAction\",\"name\":\"Comment\",\"target\":[\"https:\\\/\\\/lepatriotebenin.com\\\/index.php\\\/2025\\\/07\\\/04\\\/mobilisation-des-jeunes-pour-le-developpement-de-lafrique-thibaut-ogou-et-simone-gbagbo-se-donnent-la-main\\\/#respond\"]}]},{\"@type\":\"WebPage\",\"@id\":\"https:\\\/\\\/lepatriotebenin.com\\\/index.php\\\/2025\\\/07\\\/04\\\/mobilisation-des-jeunes-pour-le-developpement-de-lafrique-thibaut-ogou-et-simone-gbagbo-se-donnent-la-main\\\/\",\"url\":\"https:\\\/\\\/lepatriotebenin.com\\\/index.php\\\/2025\\\/07\\\/04\\\/mobilisation-des-jeunes-pour-le-developpement-de-lafrique-thibaut-ogou-et-simone-gbagbo-se-donnent-la-main\\\/\",\"name\":\"Mobilisation des jeunes pour le d\u00e9veloppement de l\u2019Afrique\u00a0: Thibaut Ogou et Simone Gbagbo se donnent la main - Le Patriote\",\"isPartOf\":{\"@id\":\"https:\\\/\\\/lepatriotebenin.com\\\/#website\"},\"primaryImageOfPage\":{\"@id\":\"https:\\\/\\\/lepatriotebenin.com\\\/index.php\\\/2025\\\/07\\\/04\\\/mobilisation-des-jeunes-pour-le-developpement-de-lafrique-thibaut-ogou-et-simone-gbagbo-se-donnent-la-main\\\/#primaryimage\"},\"image\":{\"@id\":\"https:\\\/\\\/lepatriotebenin.com\\\/index.php\\\/2025\\\/07\\\/04\\\/mobilisation-des-jeunes-pour-le-developpement-de-lafrique-thibaut-ogou-et-simone-gbagbo-se-donnent-la-main\\\/#primaryimage\"},\"thumbnailUrl\":\"https:\\\/\\\/lepatriotebenin.com\\\/wp-content\\\/uploads\\\/2025\\\/07\\\/ogou-a-abidjan.jpg\",\"datePublished\":\"2025-07-04T00:03:09+00:00\",\"dateModified\":\"2025-07-04T01:04:52+00:00\",\"author\":{\"@id\":\"https:\\\/\\\/lepatriotebenin.com\\\/#\\\/schema\\\/person\\\/2e7709b9c9cc313e452d1136af61690f\"},\"breadcrumb\":{\"@id\":\"https:\\\/\\\/lepatriotebenin.com\\\/index.php\\\/2025\\\/07\\\/04\\\/mobilisation-des-jeunes-pour-le-developpement-de-lafrique-thibaut-ogou-et-simone-gbagbo-se-donnent-la-main\\\/#breadcrumb\"},\"inLanguage\":\"fr-FR\",\"potentialAction\":[{\"@type\":\"ReadAction\",\"target\":[\"https:\\\/\\\/lepatriotebenin.com\\\/index.php\\\/2025\\\/07\\\/04\\\/mobilisation-des-jeunes-pour-le-developpement-de-lafrique-thibaut-ogou-et-simone-gbagbo-se-donnent-la-main\\\/\"]}]},{\"@type\":\"ImageObject\",\"inLanguage\":\"fr-FR\",\"@id\":\"https:\\\/\\\/lepatriotebenin.com\\\/index.php\\\/2025\\\/07\\\/04\\\/mobilisation-des-jeunes-pour-le-developpement-de-lafrique-thibaut-ogou-et-simone-gbagbo-se-donnent-la-main\\\/#primaryimage\",\"url\":\"https:\\\/\\\/lepatriotebenin.com\\\/wp-content\\\/uploads\\\/2025\\\/07\\\/ogou-a-abidjan.jpg\",\"contentUrl\":\"https:\\\/\\\/lepatriotebenin.com\\\/wp-content\\\/uploads\\\/2025\\\/07\\\/ogou-a-abidjan.jpg\",\"width\":964,\"height\":1080},{\"@type\":\"BreadcrumbList\",\"@id\":\"https:\\\/\\\/lepatriotebenin.com\\\/index.php\\\/2025\\\/07\\\/04\\\/mobilisation-des-jeunes-pour-le-developpement-de-lafrique-thibaut-ogou-et-simone-gbagbo-se-donnent-la-main\\\/#breadcrumb\",\"itemListElement\":[{\"@type\":\"ListItem\",\"position\":1,\"name\":\"Accueil\",\"item\":\"https:\\\/\\\/lepatriotebenin.com\\\/\"},{\"@type\":\"ListItem\",\"position\":2,\"name\":\"Mobilisation des jeunes pour le d\u00e9veloppement de l\u2019Afrique\u00a0: Thibaut Ogou et Simone Gbagbo se donnent la main\"}]},{\"@type\":\"WebSite\",\"@id\":\"https:\\\/\\\/lepatriotebenin.com\\\/#website\",\"url\":\"https:\\\/\\\/lepatriotebenin.com\\\/\",\"name\":\"Le Patriote\",\"description\":\"Le Patriote B\u00e9nin\",\"potentialAction\":[{\"@type\":\"SearchAction\",\"target\":{\"@type\":\"EntryPoint\",\"urlTemplate\":\"https:\\\/\\\/lepatriotebenin.com\\\/?s={search_term_string}\"},\"query-input\":{\"@type\":\"PropertyValueSpecification\",\"valueRequired\":true,\"valueName\":\"search_term_string\"}}],\"inLanguage\":\"fr-FR\"},{\"@type\":\"Person\",\"@id\":\"https:\\\/\\\/lepatriotebenin.com\\\/#\\\/schema\\\/person\\\/2e7709b9c9cc313e452d1136af61690f\",\"name\":\"Redaction\",\"image\":{\"@type\":\"ImageObject\",\"inLanguage\":\"fr-FR\",\"@id\":\"https:\\\/\\\/secure.gravatar.com\\\/avatar\\\/c4c509357859ea2ca2cbb6d8812898a73e4ef1ef9934c2e591d7e32face734d1?s=96&d=mm&r=g\",\"url\":\"https:\\\/\\\/secure.gravatar.com\\\/avatar\\\/c4c509357859ea2ca2cbb6d8812898a73e4ef1ef9934c2e591d7e32face734d1?s=96&d=mm&r=g\",\"contentUrl\":\"https:\\\/\\\/secure.gravatar.com\\\/avatar\\\/c4c509357859ea2ca2cbb6d8812898a73e4ef1ef9934c2e591d7e32face734d1?s=96&d=mm&r=g\",\"caption\":\"Redaction\"},\"url\":\"https:\\\/\\\/lepatriotebenin.com\"}]}<\/script>\n<!-- \/ Yoast SEO plugin. -->","yoast_head_json":{"title":"Mobilisation des jeunes pour le d\u00e9veloppement de l\u2019Afrique\u00a0: Thibaut Ogou et Simone Gbagbo se donnent la main - Le Patriote","robots":{"index":"index","follow":"follow","max-snippet":"max-snippet:-1","max-image-preview":"max-image-preview:large","max-video-preview":"max-video-preview:-1"},"canonical":"https:\/\/lepatriotebenin.com\/index.php\/2025\/07\/04\/mobilisation-des-jeunes-pour-le-developpement-de-lafrique-thibaut-ogou-et-simone-gbagbo-se-donnent-la-main\/","og_locale":"fr_FR","og_type":"article","og_title":"Mobilisation des jeunes pour le d\u00e9veloppement de l\u2019Afrique\u00a0: Thibaut Ogou et Simone Gbagbo se donnent la main - Le Patriote","og_description":"En C\u00f4te d\u2019Ivoire depuis quelques jours pour donner une dimension internationale \u00e0 son engagement politique, Thibaut Ogou, Pr\u00e9sident de l\u2019Alliance Conclave de la Jeunesse (ACJ) &nbsp;pr\u00e9sidente&nbsp; du Mouvement des G\u00e9n\u00e9rations&hellip;","og_url":"https:\/\/lepatriotebenin.com\/index.php\/2025\/07\/04\/mobilisation-des-jeunes-pour-le-developpement-de-lafrique-thibaut-ogou-et-simone-gbagbo-se-donnent-la-main\/","og_site_name":"Le Patriote","article_published_time":"2025-07-04T00:03:09+00:00","article_modified_time":"2025-07-04T01:04:52+00:00","og_image":[{"width":964,"height":1080,"url":"https:\/\/lepatriotebenin.com\/wp-content\/uploads\/2025\/07\/ogou-a-abidjan.jpg","type":"image\/jpeg"}],"author":"Redaction","twitter_card":"summary_large_image","twitter_misc":{"\u00c9crit par":"Redaction","Dur\u00e9e de lecture estim\u00e9e":"3 minutes"},"schema":{"@context":"https:\/\/schema.org","@graph":[{"@type":"Article","@id":"https:\/\/lepatriotebenin.com\/index.php\/2025\/07\/04\/mobilisation-des-jeunes-pour-le-developpement-de-lafrique-thibaut-ogou-et-simone-gbagbo-se-donnent-la-main\/#article","isPartOf":{"@id":"https:\/\/lepatriotebenin.com\/index.php\/2025\/07\/04\/mobilisation-des-jeunes-pour-le-developpement-de-lafrique-thibaut-ogou-et-simone-gbagbo-se-donnent-la-main\/"},"author":{"name":"Redaction","@id":"https:\/\/lepatriotebenin.com\/#\/schema\/person\/2e7709b9c9cc313e452d1136af61690f"},"headline":"Mobilisation des jeunes pour le d\u00e9veloppement de l\u2019Afrique\u00a0: Thibaut Ogou et Simone Gbagbo se donnent la main","datePublished":"2025-07-04T00:03:09+00:00","dateModified":"2025-07-04T01:04:52+00:00","mainEntityOfPage":{"@id":"https:\/\/lepatriotebenin.com\/index.php\/2025\/07\/04\/mobilisation-des-jeunes-pour-le-developpement-de-lafrique-thibaut-ogou-et-simone-gbagbo-se-donnent-la-main\/"},"wordCount":476,"commentCount":0,"image":{"@id":"https:\/\/lepatriotebenin.com\/index.php\/2025\/07\/04\/mobilisation-des-jeunes-pour-le-developpement-de-lafrique-thibaut-ogou-et-simone-gbagbo-se-donnent-la-main\/#primaryimage"},"thumbnailUrl":"https:\/\/lepatriotebenin.com\/wp-content\/uploads\/2025\/07\/ogou-a-abidjan.jpg","articleSection":["Politique"],"inLanguage":"fr-FR","potentialAction":[{"@type":"CommentAction","name":"Comment","target":["https:\/\/lepatriotebenin.com\/index.php\/2025\/07\/04\/mobilisation-des-jeunes-pour-le-developpement-de-lafrique-thibaut-ogou-et-simone-gbagbo-se-donnent-la-main\/#respond"]}]},{"@type":"WebPage","@id":"https:\/\/lepatriotebenin.com\/index.php\/2025\/07\/04\/mobilisation-des-jeunes-pour-le-developpement-de-lafrique-thibaut-ogou-et-simone-gbagbo-se-donnent-la-main\/","url":"https:\/\/lepatriotebenin.com\/index.php\/2025\/07\/04\/mobilisation-des-jeunes-pour-le-developpement-de-lafrique-thibaut-ogou-et-simone-gbagbo-se-donnent-la-main\/","name":"Mobilisation des jeunes pour le d\u00e9veloppement de l\u2019Afrique\u00a0: Thibaut Ogou et Simone Gbagbo se donnent la main - Le Patriote","isPartOf":{"@id":"https:\/\/lepatriotebenin.com\/#website"},"primaryImageOfPage":{"@id":"https:\/\/lepatriotebenin.com\/index.php\/2025\/07\/04\/mobilisation-des-jeunes-pour-le-developpement-de-lafrique-thibaut-ogou-et-simone-gbagbo-se-donnent-la-main\/#primaryimage"},"image":{"@id":"https:\/\/lepatriotebenin.com\/index.php\/2025\/07\/04\/mobilisation-des-jeunes-pour-le-developpement-de-lafrique-thibaut-ogou-et-simone-gbagbo-se-donnent-la-main\/#primaryimage"},"thumbnailUrl":"https:\/\/lepatriotebenin.com\/wp-content\/uploads\/2025\/07\/ogou-a-abidjan.jpg","datePublished":"2025-07-04T00:03:09+00:00","dateModified":"2025-07-04T01:04:52+00:00","author":{"@id":"https:\/\/lepatriotebenin.com\/#\/schema\/person\/2e7709b9c9cc313e452d1136af61690f"},"breadcrumb":{"@id":"https:\/\/lepatriotebenin.com\/index.php\/2025\/07\/04\/mobilisation-des-jeunes-pour-le-developpement-de-lafrique-thibaut-ogou-et-simone-gbagbo-se-donnent-la-main\/#breadcrumb"},"inLanguage":"fr-FR","potentialAction":[{"@type":"ReadAction","target":["https:\/\/lepatriotebenin.com\/index.php\/2025\/07\/04\/mobilisation-des-jeunes-pour-le-developpement-de-lafrique-thibaut-ogou-et-simone-gbagbo-se-donnent-la-main\/"]}]},{"@type":"ImageObject","inLanguage":"fr-FR","@id":"https:\/\/lepatriotebenin.com\/index.php\/2025\/07\/04\/mobilisation-des-jeunes-pour-le-developpement-de-lafrique-thibaut-ogou-et-simone-gbagbo-se-donnent-la-main\/#primaryimage","url":"https:\/\/lepatriotebenin.com\/wp-content\/uploads\/2025\/07\/ogou-a-abidjan.jpg","contentUrl":"https:\/\/lepatriotebenin.com\/wp-content\/uploads\/2025\/07\/ogou-a-abidjan.jpg","width":964,"height":1080},{"@type":"BreadcrumbList","@id":"https:\/\/lepatriotebenin.com\/index.php\/2025\/07\/04\/mobilisation-des-jeunes-pour-le-developpement-de-lafrique-thibaut-ogou-et-simone-gbagbo-se-donnent-la-main\/#breadcrumb","itemListElement":[{"@type":"ListItem","position":1,"name":"Accueil","item":"https:\/\/lepatriotebenin.com\/"},{"@type":"ListItem","position":2,"name":"Mobilisation des jeunes pour le d\u00e9veloppement de l\u2019Afrique\u00a0: Thibaut Ogou et Simone Gbagbo se donnent la main"}]},{"@type":"WebSite","@id":"https:\/\/lepatriotebenin.com\/#website","url":"https:\/\/lepatriotebenin.com\/","name":"Le Patriote","description":"Le Patriote B\u00e9nin","potentialAction":[{"@type":"SearchAction","target":{"@type":"EntryPoint","urlTemplate":"https:\/\/lepatriotebenin.com\/?s={search_term_string}"},"query-input":{"@type":"PropertyValueSpecification","valueRequired":true,"valueName":"search_term_string"}}],"inLanguage":"fr-FR"},{"@type":"Person","@id":"https:\/\/lepatriotebenin.com\/#\/schema\/person\/2e7709b9c9cc313e452d1136af61690f","name":"Redaction","image":{"@type":"ImageObject","inLanguage":"fr-FR","@id":"https:\/\/secure.gravatar.com\/avatar\/c4c509357859ea2ca2cbb6d8812898a73e4ef1ef9934c2e591d7e32face734d1?s=96&d=mm&r=g","url":"https:\/\/secure.gravatar.com\/avatar\/c4c509357859ea2ca2cbb6d8812898a73e4ef1ef9934c2e591d7e32face734d1?s=96&d=mm&r=g","contentUrl":"https:\/\/secure.gravatar.com\/avatar\/c4c509357859ea2ca2cbb6d8812898a73e4ef1ef9934c2e591d7e32face734d1?s=96&d=mm&r=g","caption":"Redaction"},"url":"https:\/\/lepatriotebenin.com"}]}},"_links":{"self":[{"href":"https:\/\/lepatriotebenin.com\/index.php\/wp-json\/wp\/v2\/posts\/11669","targetHints":{"allow":["GET"]}}],"collection":[{"href":"https:\/\/lepatriotebenin.com\/index.php\/wp-json\/wp\/v2\/posts"}],"about":[{"href":"https:\/\/lepatriotebenin.com\/index.php\/wp-json\/wp\/v2\/types\/post"}],"author":[{"embeddable":true,"href":"https:\/\/lepatriotebenin.com\/index.php\/wp-json\/wp\/v2\/users\/5"}],"replies":[{"embeddable":true,"href":"https:\/\/lepatriotebenin.com\/index.php\/wp-json\/wp\/v2\/comments?post=11669"}],"version-history":[{"count":1,"href":"https:\/\/lepatriotebenin.com\/index.php\/wp-json\/wp\/v2\/posts\/11669\/revisions"}],"predecessor-version":[{"id":11671,"href":"https:\/\/lepatriotebenin.com\/index.php\/wp-json\/wp\/v2\/posts\/11669\/revisions\/11671"}],"wp:featuredmedia":[{"embeddable":true,"href":"https:\/\/lepatriotebenin.com\/index.php\/wp-json\/wp\/v2\/media\/11670"}],"wp:attachment":[{"href":"https:\/\/lepatriotebenin.com\/index.php\/wp-json\/wp\/v2\/media?parent=11669"}],"wp:term":[{"taxonomy":"category","embeddable":true,"href":"https:\/\/lepatriotebenin.com\/index.php\/wp-json\/wp\/v2\/categories?post=11669"},{"taxonomy":"post_tag","embeddable":true,"href":"https:\/\/lepatriotebenin.com\/index.php\/wp-json\/wp\/v2\/tags?post=11669"}],"curies":[{"name":"wp","href":"https:\/\/api.w.org\/{rel}","templated":true}]}}