{"id":11666,"date":"2025-07-03T23:05:37","date_gmt":"2025-07-03T21:05:37","guid":{"rendered":"https:\/\/lepatriotebenin.com\/?p=11666"},"modified":"2025-07-03T23:05:40","modified_gmt":"2025-07-03T21:05:40","slug":"nigeria-peter-rufai-legende-des-super-eagles-decede","status":"publish","type":"post","link":"https:\/\/lepatriotebenin.com\/index.php\/2025\/07\/03\/nigeria-peter-rufai-legende-des-super-eagles-decede\/","title":{"rendered":"Nigeria: Peter Rufai, l\u00e9gende des Super Eagles, d\u00e9c\u00e9d\u00e9"},"content":{"rendered":"\n<p>\u00a0Treize\u00a0ans apr\u00e8s le d\u00e9c\u00e8s de <strong>Rashidi Y\u00e8kini,<\/strong> le Nigeria pleure la mort d\u2019un autre de ses h\u00e9ros du sacre \u00e0 la Coupe d\u2019Afrique des Nations (CAN) 1994. \u00a0L\u2019embl\u00e9matique gardien de but des Super Eagles du Nig\u00e9ria, Peter Rufai est d\u00e9c\u00e9d\u00e9 dans la nuit de m<strong>ercredi 2 au petit matin de\u00a0 ce jeudi 03 juillet 2025 <\/strong>\u00e0 l\u2019\u00e2ge de 60 ans des suites d\u2019une longue maladie. L\u2019information rapport\u00e9e par\u00a0 Soccernet.ng et Radio Nigeria \u00a0a \u00e9t\u00e9 confirm\u00e9e par un haut fonctionnaire du gouvernement de l\u2019Etat Lagos.<\/p>\n\n\n\n<p>Surnomm\u00e9 affectueusement \u00ab\u00a0<strong>Dodo Mayana\u00a0\u00bb,<\/strong> <strong>Peter Rufai<\/strong> est une figure l\u00e9gendaire du football\u00a0 nig\u00e9rian, c\u00e9l\u00e8bre par ses performances remarquables dans les buts de l\u2019\u00e9quipe nationale, notamment durant l\u2019\u00e2ge d\u2019or des Super Eagles dans les ann\u00e9es 1990. \u00a0Il a d\u00e9but\u00e9 sa carri\u00e8re avec les clubs nig\u00e9rians Stationery Stores et Femo Scorpions, avant de\u00a0 s\u2019envoler\u00a0 en 1986 pour le B\u00e9nin afin de rejoindre les\u00a0 Dragons de l\u2019Ou\u00e9m\u00e9.\u00a0 Il a \u00e9volu\u00e9 pendant 6 ans en Belgique en Belgique notamment \u00e0 Lokeren puis Beveren, bien que ses apparitions y aient \u00e9t\u00e9 limit\u00e9es. Lors de la saison 1993-94, il \u00a0rejoint les Pays-Bas et le club de Go Ahead Eagles, disputant 12 rencontres en Eredivisie avant de poser ses valises\u00a0 au SC Farence au Portugal en 1994. Sa \u00a0carri\u00e8re fut marqu\u00e9e\u00a0 par 65 s\u00e9lections\u00a0avec l\u2019\u00e9quipe nationale, incluant\u00a0des participations m\u00e9morables \u00e0 deux Coupe du monde de la Fifa\u00a0et le sacre lors de la CAN en 1994.<\/p>\n","protected":false},"excerpt":{"rendered":"<p>\u00a0Treize\u00a0ans apr\u00e8s le d\u00e9c\u00e8s de Rashidi Y\u00e8kini, le Nigeria pleure la mort d\u2019un autre de ses h\u00e9ros du sacre \u00e0 la Coupe d\u2019Afrique des Nations (CAN) 1994. \u00a0L\u2019embl\u00e9matique gardien de&hellip;<\/p>\n","protected":false},"author":6,"featured_media":11667,"comment_status":"open","ping_status":"open","sticky":false,"template":"","format":"standard","meta":{"content-type":"","om_disable_all_campaigns":false,"_monsterinsights_skip_tracking":false,"_monsterinsights_sitenote_active":false,"_monsterinsights_sitenote_note":"","_monsterinsights_sitenote_category":0,"_uf_show_specific_survey":0,"_uf_disable_surveys":false,"footnotes":""},"categories":[8],"tags":[],"class_list":["post-11666","post","type-post","status-publish","format-standard","has-post-thumbnail","hentry","category-sport"],"aioseo_notices":[],"yoast_head":"<!-- This site is optimized with the Yoast SEO plugin v27.5 - https:\/\/yoast.com\/product\/yoast-seo-wordpress\/ -->\n<title>Nigeria: Peter Rufai, l\u00e9gende des Super Eagles, d\u00e9c\u00e9d\u00e9 - Le Patriote<\/title>\n<meta name=\"robots\" content=\"index, follow, max-snippet:-1, max-image-preview:large, max-video-preview:-1\" \/>\n<link rel=\"canonical\" href=\"https:\/\/lepatriotebenin.com\/index.php\/2025\/07\/03\/nigeria-peter-rufai-legende-des-super-eagles-decede\/\" \/>\n<meta property=\"og:locale\" content=\"fr_FR\" \/>\n<meta property=\"og:type\" content=\"article\" \/>\n<meta property=\"og:title\" content=\"Nigeria: Peter Rufai, l\u00e9gende des Super Eagles, d\u00e9c\u00e9d\u00e9 - Le Patriote\" \/>\n<meta property=\"og:description\" content=\"\u00a0Treize\u00a0ans apr\u00e8s le d\u00e9c\u00e8s de Rashidi Y\u00e8kini, le Nigeria pleure la mort d\u2019un autre de ses h\u00e9ros du sacre \u00e0 la Coupe d\u2019Afrique des Nations (CAN) 1994. \u00a0L\u2019embl\u00e9matique gardien de&hellip;\" \/>\n<meta property=\"og:url\" content=\"https:\/\/lepatriotebenin.com\/index.php\/2025\/07\/03\/nigeria-peter-rufai-legende-des-super-eagles-decede\/\" \/>\n<meta property=\"og:site_name\" content=\"Le Patriote\" \/>\n<meta property=\"article:published_time\" content=\"2025-07-03T21:05:37+00:00\" \/>\n<meta property=\"article:modified_time\" content=\"2025-07-03T21:05:40+00:00\" \/>\n<meta property=\"og:image\" content=\"https:\/\/lepatriotebenin.com\/wp-content\/uploads\/2025\/07\/peter.jpg\" \/>\n\t<meta property=\"og:image:width\" content=\"1260\" \/>\n\t<meta property=\"og:image:height\" content=\"708\" \/>\n\t<meta property=\"og:image:type\" content=\"image\/jpeg\" \/>\n<meta name=\"author\" content=\"Roland AFFANOU\" \/>\n<meta name=\"twitter:card\" content=\"summary_large_image\" \/>\n<meta name=\"twitter:label1\" content=\"\u00c9crit par\" \/>\n\t<meta name=\"twitter:data1\" content=\"Roland AFFANOU\" \/>\n\t<meta name=\"twitter:label2\" content=\"Dur\u00e9e de lecture estim\u00e9e\" \/>\n\t<meta name=\"twitter:data2\" content=\"2 minutes\" \/>\n<script type=\"application\/ld+json\" class=\"yoast-schema-graph\">{\"@context\":\"https:\\\/\\\/schema.org\",\"@graph\":[{\"@type\":\"Article\",\"@id\":\"https:\\\/\\\/lepatriotebenin.com\\\/index.php\\\/2025\\\/07\\\/03\\\/nigeria-peter-rufai-legende-des-super-eagles-decede\\\/#article\",\"isPartOf\":{\"@id\":\"https:\\\/\\\/lepatriotebenin.com\\\/index.php\\\/2025\\\/07\\\/03\\\/nigeria-peter-rufai-legende-des-super-eagles-decede\\\/\"},\"author\":{\"name\":\"Roland AFFANOU\",\"@id\":\"https:\\\/\\\/lepatriotebenin.com\\\/#\\\/schema\\\/person\\\/4a9b67216c97d04045e01405c534c91f\"},\"headline\":\"Nigeria: Peter Rufai, l\u00e9gende des Super Eagles, d\u00e9c\u00e9d\u00e9\",\"datePublished\":\"2025-07-03T21:05:37+00:00\",\"dateModified\":\"2025-07-03T21:05:40+00:00\",\"mainEntityOfPage\":{\"@id\":\"https:\\\/\\\/lepatriotebenin.com\\\/index.php\\\/2025\\\/07\\\/03\\\/nigeria-peter-rufai-legende-des-super-eagles-decede\\\/\"},\"wordCount\":271,\"commentCount\":0,\"image\":{\"@id\":\"https:\\\/\\\/lepatriotebenin.com\\\/index.php\\\/2025\\\/07\\\/03\\\/nigeria-peter-rufai-legende-des-super-eagles-decede\\\/#primaryimage\"},\"thumbnailUrl\":\"https:\\\/\\\/lepatriotebenin.com\\\/wp-content\\\/uploads\\\/2025\\\/07\\\/peter.jpg\",\"articleSection\":[\"Sport\"],\"inLanguage\":\"fr-FR\",\"potentialAction\":[{\"@type\":\"CommentAction\",\"name\":\"Comment\",\"target\":[\"https:\\\/\\\/lepatriotebenin.com\\\/index.php\\\/2025\\\/07\\\/03\\\/nigeria-peter-rufai-legende-des-super-eagles-decede\\\/#respond\"]}]},{\"@type\":\"WebPage\",\"@id\":\"https:\\\/\\\/lepatriotebenin.com\\\/index.php\\\/2025\\\/07\\\/03\\\/nigeria-peter-rufai-legende-des-super-eagles-decede\\\/\",\"url\":\"https:\\\/\\\/lepatriotebenin.com\\\/index.php\\\/2025\\\/07\\\/03\\\/nigeria-peter-rufai-legende-des-super-eagles-decede\\\/\",\"name\":\"Nigeria: Peter Rufai, l\u00e9gende des Super Eagles, d\u00e9c\u00e9d\u00e9 - Le Patriote\",\"isPartOf\":{\"@id\":\"https:\\\/\\\/lepatriotebenin.com\\\/#website\"},\"primaryImageOfPage\":{\"@id\":\"https:\\\/\\\/lepatriotebenin.com\\\/index.php\\\/2025\\\/07\\\/03\\\/nigeria-peter-rufai-legende-des-super-eagles-decede\\\/#primaryimage\"},\"image\":{\"@id\":\"https:\\\/\\\/lepatriotebenin.com\\\/index.php\\\/2025\\\/07\\\/03\\\/nigeria-peter-rufai-legende-des-super-eagles-decede\\\/#primaryimage\"},\"thumbnailUrl\":\"https:\\\/\\\/lepatriotebenin.com\\\/wp-content\\\/uploads\\\/2025\\\/07\\\/peter.jpg\",\"datePublished\":\"2025-07-03T21:05:37+00:00\",\"dateModified\":\"2025-07-03T21:05:40+00:00\",\"author\":{\"@id\":\"https:\\\/\\\/lepatriotebenin.com\\\/#\\\/schema\\\/person\\\/4a9b67216c97d04045e01405c534c91f\"},\"breadcrumb\":{\"@id\":\"https:\\\/\\\/lepatriotebenin.com\\\/index.php\\\/2025\\\/07\\\/03\\\/nigeria-peter-rufai-legende-des-super-eagles-decede\\\/#breadcrumb\"},\"inLanguage\":\"fr-FR\",\"potentialAction\":[{\"@type\":\"ReadAction\",\"target\":[\"https:\\\/\\\/lepatriotebenin.com\\\/index.php\\\/2025\\\/07\\\/03\\\/nigeria-peter-rufai-legende-des-super-eagles-decede\\\/\"]}]},{\"@type\":\"ImageObject\",\"inLanguage\":\"fr-FR\",\"@id\":\"https:\\\/\\\/lepatriotebenin.com\\\/index.php\\\/2025\\\/07\\\/03\\\/nigeria-peter-rufai-legende-des-super-eagles-decede\\\/#primaryimage\",\"url\":\"https:\\\/\\\/lepatriotebenin.com\\\/wp-content\\\/uploads\\\/2025\\\/07\\\/peter.jpg\",\"contentUrl\":\"https:\\\/\\\/lepatriotebenin.com\\\/wp-content\\\/uploads\\\/2025\\\/07\\\/peter.jpg\",\"width\":1260,\"height\":708},{\"@type\":\"BreadcrumbList\",\"@id\":\"https:\\\/\\\/lepatriotebenin.com\\\/index.php\\\/2025\\\/07\\\/03\\\/nigeria-peter-rufai-legende-des-super-eagles-decede\\\/#breadcrumb\",\"itemListElement\":[{\"@type\":\"ListItem\",\"position\":1,\"name\":\"Accueil\",\"item\":\"https:\\\/\\\/lepatriotebenin.com\\\/\"},{\"@type\":\"ListItem\",\"position\":2,\"name\":\"Nigeria: Peter Rufai, l\u00e9gende des Super Eagles, d\u00e9c\u00e9d\u00e9\"}]},{\"@type\":\"WebSite\",\"@id\":\"https:\\\/\\\/lepatriotebenin.com\\\/#website\",\"url\":\"https:\\\/\\\/lepatriotebenin.com\\\/\",\"name\":\"Le Patriote\",\"description\":\"Le Patriote B\u00e9nin\",\"potentialAction\":[{\"@type\":\"SearchAction\",\"target\":{\"@type\":\"EntryPoint\",\"urlTemplate\":\"https:\\\/\\\/lepatriotebenin.com\\\/?s={search_term_string}\"},\"query-input\":{\"@type\":\"PropertyValueSpecification\",\"valueRequired\":true,\"valueName\":\"search_term_string\"}}],\"inLanguage\":\"fr-FR\"},{\"@type\":\"Person\",\"@id\":\"https:\\\/\\\/lepatriotebenin.com\\\/#\\\/schema\\\/person\\\/4a9b67216c97d04045e01405c534c91f\",\"name\":\"Roland AFFANOU\",\"image\":{\"@type\":\"ImageObject\",\"inLanguage\":\"fr-FR\",\"@id\":\"https:\\\/\\\/secure.gravatar.com\\\/avatar\\\/7209d3f6d2d47ea4d0c67e14d3effb61feb10ae540a4381280c66265de5bd643?s=96&d=mm&r=g\",\"url\":\"https:\\\/\\\/secure.gravatar.com\\\/avatar\\\/7209d3f6d2d47ea4d0c67e14d3effb61feb10ae540a4381280c66265de5bd643?s=96&d=mm&r=g\",\"contentUrl\":\"https:\\\/\\\/secure.gravatar.com\\\/avatar\\\/7209d3f6d2d47ea4d0c67e14d3effb61feb10ae540a4381280c66265de5bd643?s=96&d=mm&r=g\",\"caption\":\"Roland AFFANOU\"},\"url\":\"https:\\\/\\\/lepatriotebenin.com\"}]}<\/script>\n<!-- \/ Yoast SEO plugin. -->","yoast_head_json":{"title":"Nigeria: Peter Rufai, l\u00e9gende des Super Eagles, d\u00e9c\u00e9d\u00e9 - Le Patriote","robots":{"index":"index","follow":"follow","max-snippet":"max-snippet:-1","max-image-preview":"max-image-preview:large","max-video-preview":"max-video-preview:-1"},"canonical":"https:\/\/lepatriotebenin.com\/index.php\/2025\/07\/03\/nigeria-peter-rufai-legende-des-super-eagles-decede\/","og_locale":"fr_FR","og_type":"article","og_title":"Nigeria: Peter Rufai, l\u00e9gende des Super Eagles, d\u00e9c\u00e9d\u00e9 - Le Patriote","og_description":"\u00a0Treize\u00a0ans apr\u00e8s le d\u00e9c\u00e8s de Rashidi Y\u00e8kini, le Nigeria pleure la mort d\u2019un autre de ses h\u00e9ros du sacre \u00e0 la Coupe d\u2019Afrique des Nations (CAN) 1994. \u00a0L\u2019embl\u00e9matique gardien de&hellip;","og_url":"https:\/\/lepatriotebenin.com\/index.php\/2025\/07\/03\/nigeria-peter-rufai-legende-des-super-eagles-decede\/","og_site_name":"Le Patriote","article_published_time":"2025-07-03T21:05:37+00:00","article_modified_time":"2025-07-03T21:05:40+00:00","og_image":[{"width":1260,"height":708,"url":"https:\/\/lepatriotebenin.com\/wp-content\/uploads\/2025\/07\/peter.jpg","type":"image\/jpeg"}],"author":"Roland AFFANOU","twitter_card":"summary_large_image","twitter_misc":{"\u00c9crit par":"Roland AFFANOU","Dur\u00e9e de lecture estim\u00e9e":"2 minutes"},"schema":{"@context":"https:\/\/schema.org","@graph":[{"@type":"Article","@id":"https:\/\/lepatriotebenin.com\/index.php\/2025\/07\/03\/nigeria-peter-rufai-legende-des-super-eagles-decede\/#article","isPartOf":{"@id":"https:\/\/lepatriotebenin.com\/index.php\/2025\/07\/03\/nigeria-peter-rufai-legende-des-super-eagles-decede\/"},"author":{"name":"Roland AFFANOU","@id":"https:\/\/lepatriotebenin.com\/#\/schema\/person\/4a9b67216c97d04045e01405c534c91f"},"headline":"Nigeria: Peter Rufai, l\u00e9gende des Super Eagles, d\u00e9c\u00e9d\u00e9","datePublished":"2025-07-03T21:05:37+00:00","dateModified":"2025-07-03T21:05:40+00:00","mainEntityOfPage":{"@id":"https:\/\/lepatriotebenin.com\/index.php\/2025\/07\/03\/nigeria-peter-rufai-legende-des-super-eagles-decede\/"},"wordCount":271,"commentCount":0,"image":{"@id":"https:\/\/lepatriotebenin.com\/index.php\/2025\/07\/03\/nigeria-peter-rufai-legende-des-super-eagles-decede\/#primaryimage"},"thumbnailUrl":"https:\/\/lepatriotebenin.com\/wp-content\/uploads\/2025\/07\/peter.jpg","articleSection":["Sport"],"inLanguage":"fr-FR","potentialAction":[{"@type":"CommentAction","name":"Comment","target":["https:\/\/lepatriotebenin.com\/index.php\/2025\/07\/03\/nigeria-peter-rufai-legende-des-super-eagles-decede\/#respond"]}]},{"@type":"WebPage","@id":"https:\/\/lepatriotebenin.com\/index.php\/2025\/07\/03\/nigeria-peter-rufai-legende-des-super-eagles-decede\/","url":"https:\/\/lepatriotebenin.com\/index.php\/2025\/07\/03\/nigeria-peter-rufai-legende-des-super-eagles-decede\/","name":"Nigeria: Peter Rufai, l\u00e9gende des Super Eagles, d\u00e9c\u00e9d\u00e9 - Le Patriote","isPartOf":{"@id":"https:\/\/lepatriotebenin.com\/#website"},"primaryImageOfPage":{"@id":"https:\/\/lepatriotebenin.com\/index.php\/2025\/07\/03\/nigeria-peter-rufai-legende-des-super-eagles-decede\/#primaryimage"},"image":{"@id":"https:\/\/lepatriotebenin.com\/index.php\/2025\/07\/03\/nigeria-peter-rufai-legende-des-super-eagles-decede\/#primaryimage"},"thumbnailUrl":"https:\/\/lepatriotebenin.com\/wp-content\/uploads\/2025\/07\/peter.jpg","datePublished":"2025-07-03T21:05:37+00:00","dateModified":"2025-07-03T21:05:40+00:00","author":{"@id":"https:\/\/lepatriotebenin.com\/#\/schema\/person\/4a9b67216c97d04045e01405c534c91f"},"breadcrumb":{"@id":"https:\/\/lepatriotebenin.com\/index.php\/2025\/07\/03\/nigeria-peter-rufai-legende-des-super-eagles-decede\/#breadcrumb"},"inLanguage":"fr-FR","potentialAction":[{"@type":"ReadAction","target":["https:\/\/lepatriotebenin.com\/index.php\/2025\/07\/03\/nigeria-peter-rufai-legende-des-super-eagles-decede\/"]}]},{"@type":"ImageObject","inLanguage":"fr-FR","@id":"https:\/\/lepatriotebenin.com\/index.php\/2025\/07\/03\/nigeria-peter-rufai-legende-des-super-eagles-decede\/#primaryimage","url":"https:\/\/lepatriotebenin.com\/wp-content\/uploads\/2025\/07\/peter.jpg","contentUrl":"https:\/\/lepatriotebenin.com\/wp-content\/uploads\/2025\/07\/peter.jpg","width":1260,"height":708},{"@type":"BreadcrumbList","@id":"https:\/\/lepatriotebenin.com\/index.php\/2025\/07\/03\/nigeria-peter-rufai-legende-des-super-eagles-decede\/#breadcrumb","itemListElement":[{"@type":"ListItem","position":1,"name":"Accueil","item":"https:\/\/lepatriotebenin.com\/"},{"@type":"ListItem","position":2,"name":"Nigeria: Peter Rufai, l\u00e9gende des Super Eagles, d\u00e9c\u00e9d\u00e9"}]},{"@type":"WebSite","@id":"https:\/\/lepatriotebenin.com\/#website","url":"https:\/\/lepatriotebenin.com\/","name":"Le Patriote","description":"Le Patriote B\u00e9nin","potentialAction":[{"@type":"SearchAction","target":{"@type":"EntryPoint","urlTemplate":"https:\/\/lepatriotebenin.com\/?s={search_term_string}"},"query-input":{"@type":"PropertyValueSpecification","valueRequired":true,"valueName":"search_term_string"}}],"inLanguage":"fr-FR"},{"@type":"Person","@id":"https:\/\/lepatriotebenin.com\/#\/schema\/person\/4a9b67216c97d04045e01405c534c91f","name":"Roland AFFANOU","image":{"@type":"ImageObject","inLanguage":"fr-FR","@id":"https:\/\/secure.gravatar.com\/avatar\/7209d3f6d2d47ea4d0c67e14d3effb61feb10ae540a4381280c66265de5bd643?s=96&d=mm&r=g","url":"https:\/\/secure.gravatar.com\/avatar\/7209d3f6d2d47ea4d0c67e14d3effb61feb10ae540a4381280c66265de5bd643?s=96&d=mm&r=g","contentUrl":"https:\/\/secure.gravatar.com\/avatar\/7209d3f6d2d47ea4d0c67e14d3effb61feb10ae540a4381280c66265de5bd643?s=96&d=mm&r=g","caption":"Roland AFFANOU"},"url":"https:\/\/lepatriotebenin.com"}]}},"_links":{"self":[{"href":"https:\/\/lepatriotebenin.com\/index.php\/wp-json\/wp\/v2\/posts\/11666","targetHints":{"allow":["GET"]}}],"collection":[{"href":"https:\/\/lepatriotebenin.com\/index.php\/wp-json\/wp\/v2\/posts"}],"about":[{"href":"https:\/\/lepatriotebenin.com\/index.php\/wp-json\/wp\/v2\/types\/post"}],"author":[{"embeddable":true,"href":"https:\/\/lepatriotebenin.com\/index.php\/wp-json\/wp\/v2\/users\/6"}],"replies":[{"embeddable":true,"href":"https:\/\/lepatriotebenin.com\/index.php\/wp-json\/wp\/v2\/comments?post=11666"}],"version-history":[{"count":1,"href":"https:\/\/lepatriotebenin.com\/index.php\/wp-json\/wp\/v2\/posts\/11666\/revisions"}],"predecessor-version":[{"id":11668,"href":"https:\/\/lepatriotebenin.com\/index.php\/wp-json\/wp\/v2\/posts\/11666\/revisions\/11668"}],"wp:featuredmedia":[{"embeddable":true,"href":"https:\/\/lepatriotebenin.com\/index.php\/wp-json\/wp\/v2\/media\/11667"}],"wp:attachment":[{"href":"https:\/\/lepatriotebenin.com\/index.php\/wp-json\/wp\/v2\/media?parent=11666"}],"wp:term":[{"taxonomy":"category","embeddable":true,"href":"https:\/\/lepatriotebenin.com\/index.php\/wp-json\/wp\/v2\/categories?post=11666"},{"taxonomy":"post_tag","embeddable":true,"href":"https:\/\/lepatriotebenin.com\/index.php\/wp-json\/wp\/v2\/tags?post=11666"}],"curies":[{"name":"wp","href":"https:\/\/api.w.org\/{rel}","templated":true}]}}