{"id":11544,"date":"2025-07-01T10:42:09","date_gmt":"2025-07-01T08:42:09","guid":{"rendered":"https:\/\/lepatriotebenin.com\/?p=11544"},"modified":"2025-07-01T10:42:11","modified_gmt":"2025-07-01T08:42:11","slug":"benin-julien-kande-kansou-devant-les-juges-de-la-criet","status":"publish","type":"post","link":"https:\/\/lepatriotebenin.com\/index.php\/2025\/07\/01\/benin-julien-kande-kansou-devant-les-juges-de-la-criet\/","title":{"rendered":"B\u00e9nin\u00a0: Julien Kand\u00e9 Kansou devant les juges de la CRIET"},"content":{"rendered":"\n<p>Poursuivi pour \u00ab&nbsp;<em>publication de fausses nouvelles et harc\u00e8lement par voie de&nbsp; communication \u00e9lectronique&nbsp;\u00bb,<\/em>&nbsp; le militant du parti Les D\u00e9mocrates, membre de la cellule de communication de ce parti et po\u00e8te,&nbsp; <strong>Julien Kand\u00e9 Kansou<\/strong> va comparaitre ce <strong>mardi 1<sup>er<\/sup> juillet 2025<\/strong> devant les juges de la Cour de R\u00e9pression des Infractions \u00e9conomiques et du terrorisme (CRIET).<\/p>\n\n\n\n<p>Il faut se rappeler que le po\u00e8te a \u00e9t\u00e9 interpell\u00e9 le <strong>jeudi 5 juin 2025<\/strong>, selon un communiqu\u00e9 de sa formation politique, \u00ab&nbsp;<em>aux environs de 12 heures<\/em>&nbsp;\u00bb &nbsp;par \u00absix policiers en civil<em>&nbsp;\u00bb qui \u00ab<\/em> ont fait irruption&nbsp;\u00bb<em> \u00e0 son domicile. Interrog\u00e9 par BIP Radio, l\u2019un des avocats du po\u00e8te, <\/em><strong>Me Augustin Aballo<\/strong>&nbsp; avait d\u00e9clar\u00e9 qu\u2019il a \u00e9t\u00e9 interpell\u00e9 par des agents de l\u2019ancien Office Central de R\u00e9pression de la Cybercriminalit\u00e9 ex-OCRC devenu Centre National d\u2019investigations Num\u00e9riques (CNIN).<\/p>\n\n\n\n<p>Pr\u00e9sent\u00e9 le <strong>jeudi 12 juin 2025<\/strong> au 2<sup>\u00e8me<\/sup>&nbsp; substitut du Procureur Sp\u00e9cial de la CRIET, en pr\u00e9sence &nbsp;de ses avocats Me <strong>Augustin Aballo et Renaud Agbodjo<\/strong>, le magistrat a d\u00e9cid\u00e9 de son placement sous mandat de d\u00e9p\u00f4t. Pr\u00e9cisons qu\u2019il est reproch\u00e9 \u00e9galement&nbsp;; &nbsp;selon Me Renaud Agbodjo, d\u2019avoir diffus\u00e9 des contenus critiquant la politique de taxation d\u2019internet au B\u00e9nin.<\/p>\n","protected":false},"excerpt":{"rendered":"<p>Poursuivi pour \u00ab&nbsp;publication de fausses nouvelles et harc\u00e8lement par voie de&nbsp; communication \u00e9lectronique&nbsp;\u00bb,&nbsp; le militant du parti Les D\u00e9mocrates, membre de la cellule de communication de ce parti et po\u00e8te,&nbsp;&hellip;<\/p>\n","protected":false},"author":6,"featured_media":10887,"comment_status":"open","ping_status":"open","sticky":false,"template":"","format":"standard","meta":{"content-type":"","om_disable_all_campaigns":false,"_monsterinsights_skip_tracking":false,"_monsterinsights_sitenote_active":false,"_monsterinsights_sitenote_note":"","_monsterinsights_sitenote_category":0,"_uf_show_specific_survey":0,"_uf_disable_surveys":false,"footnotes":""},"categories":[20],"tags":[],"class_list":["post-11544","post","type-post","status-publish","format-standard","has-post-thumbnail","hentry","category-societe"],"aioseo_notices":[],"yoast_head":"<!-- This site is optimized with the Yoast SEO plugin v27.5 - https:\/\/yoast.com\/product\/yoast-seo-wordpress\/ -->\n<title>B\u00e9nin\u00a0: Julien Kand\u00e9 Kansou devant les juges de la CRIET - Le Patriote<\/title>\n<meta name=\"robots\" content=\"index, follow, max-snippet:-1, max-image-preview:large, max-video-preview:-1\" \/>\n<link rel=\"canonical\" href=\"https:\/\/lepatriotebenin.com\/index.php\/2025\/07\/01\/benin-julien-kande-kansou-devant-les-juges-de-la-criet\/\" \/>\n<meta property=\"og:locale\" content=\"fr_FR\" \/>\n<meta property=\"og:type\" content=\"article\" \/>\n<meta property=\"og:title\" content=\"B\u00e9nin\u00a0: Julien Kand\u00e9 Kansou devant les juges de la CRIET - Le Patriote\" \/>\n<meta property=\"og:description\" content=\"Poursuivi pour \u00ab&nbsp;publication de fausses nouvelles et harc\u00e8lement par voie de&nbsp; communication \u00e9lectronique&nbsp;\u00bb,&nbsp; le militant du parti Les D\u00e9mocrates, membre de la cellule de communication de ce parti et po\u00e8te,&nbsp;&hellip;\" \/>\n<meta property=\"og:url\" content=\"https:\/\/lepatriotebenin.com\/index.php\/2025\/07\/01\/benin-julien-kande-kansou-devant-les-juges-de-la-criet\/\" \/>\n<meta property=\"og:site_name\" content=\"Le Patriote\" \/>\n<meta property=\"article:published_time\" content=\"2025-07-01T08:42:09+00:00\" \/>\n<meta property=\"article:modified_time\" content=\"2025-07-01T08:42:11+00:00\" \/>\n<meta property=\"og:image\" content=\"https:\/\/lepatriotebenin.com\/wp-content\/uploads\/2025\/06\/kande.webp\" \/>\n\t<meta property=\"og:image:width\" content=\"866\" \/>\n\t<meta property=\"og:image:height\" content=\"566\" \/>\n\t<meta property=\"og:image:type\" content=\"image\/webp\" \/>\n<meta name=\"author\" content=\"Roland AFFANOU\" \/>\n<meta name=\"twitter:card\" content=\"summary_large_image\" \/>\n<meta name=\"twitter:label1\" content=\"\u00c9crit par\" \/>\n\t<meta name=\"twitter:data1\" content=\"Roland AFFANOU\" \/>\n\t<meta name=\"twitter:label2\" content=\"Dur\u00e9e de lecture estim\u00e9e\" \/>\n\t<meta name=\"twitter:data2\" content=\"1 minute\" \/>\n<script type=\"application\/ld+json\" class=\"yoast-schema-graph\">{\"@context\":\"https:\\\/\\\/schema.org\",\"@graph\":[{\"@type\":\"Article\",\"@id\":\"https:\\\/\\\/lepatriotebenin.com\\\/index.php\\\/2025\\\/07\\\/01\\\/benin-julien-kande-kansou-devant-les-juges-de-la-criet\\\/#article\",\"isPartOf\":{\"@id\":\"https:\\\/\\\/lepatriotebenin.com\\\/index.php\\\/2025\\\/07\\\/01\\\/benin-julien-kande-kansou-devant-les-juges-de-la-criet\\\/\"},\"author\":{\"name\":\"Roland AFFANOU\",\"@id\":\"https:\\\/\\\/lepatriotebenin.com\\\/#\\\/schema\\\/person\\\/4a9b67216c97d04045e01405c534c91f\"},\"headline\":\"B\u00e9nin\u00a0: Julien Kand\u00e9 Kansou devant les juges de la CRIET\",\"datePublished\":\"2025-07-01T08:42:09+00:00\",\"dateModified\":\"2025-07-01T08:42:11+00:00\",\"mainEntityOfPage\":{\"@id\":\"https:\\\/\\\/lepatriotebenin.com\\\/index.php\\\/2025\\\/07\\\/01\\\/benin-julien-kande-kansou-devant-les-juges-de-la-criet\\\/\"},\"wordCount\":232,\"commentCount\":0,\"image\":{\"@id\":\"https:\\\/\\\/lepatriotebenin.com\\\/index.php\\\/2025\\\/07\\\/01\\\/benin-julien-kande-kansou-devant-les-juges-de-la-criet\\\/#primaryimage\"},\"thumbnailUrl\":\"https:\\\/\\\/lepatriotebenin.com\\\/wp-content\\\/uploads\\\/2025\\\/06\\\/kande.webp\",\"articleSection\":[\"Soci\u00e9t\u00e9\"],\"inLanguage\":\"fr-FR\",\"potentialAction\":[{\"@type\":\"CommentAction\",\"name\":\"Comment\",\"target\":[\"https:\\\/\\\/lepatriotebenin.com\\\/index.php\\\/2025\\\/07\\\/01\\\/benin-julien-kande-kansou-devant-les-juges-de-la-criet\\\/#respond\"]}]},{\"@type\":\"WebPage\",\"@id\":\"https:\\\/\\\/lepatriotebenin.com\\\/index.php\\\/2025\\\/07\\\/01\\\/benin-julien-kande-kansou-devant-les-juges-de-la-criet\\\/\",\"url\":\"https:\\\/\\\/lepatriotebenin.com\\\/index.php\\\/2025\\\/07\\\/01\\\/benin-julien-kande-kansou-devant-les-juges-de-la-criet\\\/\",\"name\":\"B\u00e9nin\u00a0: Julien Kand\u00e9 Kansou devant les juges de la CRIET - Le Patriote\",\"isPartOf\":{\"@id\":\"https:\\\/\\\/lepatriotebenin.com\\\/#website\"},\"primaryImageOfPage\":{\"@id\":\"https:\\\/\\\/lepatriotebenin.com\\\/index.php\\\/2025\\\/07\\\/01\\\/benin-julien-kande-kansou-devant-les-juges-de-la-criet\\\/#primaryimage\"},\"image\":{\"@id\":\"https:\\\/\\\/lepatriotebenin.com\\\/index.php\\\/2025\\\/07\\\/01\\\/benin-julien-kande-kansou-devant-les-juges-de-la-criet\\\/#primaryimage\"},\"thumbnailUrl\":\"https:\\\/\\\/lepatriotebenin.com\\\/wp-content\\\/uploads\\\/2025\\\/06\\\/kande.webp\",\"datePublished\":\"2025-07-01T08:42:09+00:00\",\"dateModified\":\"2025-07-01T08:42:11+00:00\",\"author\":{\"@id\":\"https:\\\/\\\/lepatriotebenin.com\\\/#\\\/schema\\\/person\\\/4a9b67216c97d04045e01405c534c91f\"},\"breadcrumb\":{\"@id\":\"https:\\\/\\\/lepatriotebenin.com\\\/index.php\\\/2025\\\/07\\\/01\\\/benin-julien-kande-kansou-devant-les-juges-de-la-criet\\\/#breadcrumb\"},\"inLanguage\":\"fr-FR\",\"potentialAction\":[{\"@type\":\"ReadAction\",\"target\":[\"https:\\\/\\\/lepatriotebenin.com\\\/index.php\\\/2025\\\/07\\\/01\\\/benin-julien-kande-kansou-devant-les-juges-de-la-criet\\\/\"]}]},{\"@type\":\"ImageObject\",\"inLanguage\":\"fr-FR\",\"@id\":\"https:\\\/\\\/lepatriotebenin.com\\\/index.php\\\/2025\\\/07\\\/01\\\/benin-julien-kande-kansou-devant-les-juges-de-la-criet\\\/#primaryimage\",\"url\":\"https:\\\/\\\/lepatriotebenin.com\\\/wp-content\\\/uploads\\\/2025\\\/06\\\/kande.webp\",\"contentUrl\":\"https:\\\/\\\/lepatriotebenin.com\\\/wp-content\\\/uploads\\\/2025\\\/06\\\/kande.webp\",\"width\":866,\"height\":566},{\"@type\":\"BreadcrumbList\",\"@id\":\"https:\\\/\\\/lepatriotebenin.com\\\/index.php\\\/2025\\\/07\\\/01\\\/benin-julien-kande-kansou-devant-les-juges-de-la-criet\\\/#breadcrumb\",\"itemListElement\":[{\"@type\":\"ListItem\",\"position\":1,\"name\":\"Accueil\",\"item\":\"https:\\\/\\\/lepatriotebenin.com\\\/\"},{\"@type\":\"ListItem\",\"position\":2,\"name\":\"B\u00e9nin\u00a0: Julien Kand\u00e9 Kansou devant les juges de la CRIET\"}]},{\"@type\":\"WebSite\",\"@id\":\"https:\\\/\\\/lepatriotebenin.com\\\/#website\",\"url\":\"https:\\\/\\\/lepatriotebenin.com\\\/\",\"name\":\"Le Patriote\",\"description\":\"Le Patriote B\u00e9nin\",\"potentialAction\":[{\"@type\":\"SearchAction\",\"target\":{\"@type\":\"EntryPoint\",\"urlTemplate\":\"https:\\\/\\\/lepatriotebenin.com\\\/?s={search_term_string}\"},\"query-input\":{\"@type\":\"PropertyValueSpecification\",\"valueRequired\":true,\"valueName\":\"search_term_string\"}}],\"inLanguage\":\"fr-FR\"},{\"@type\":\"Person\",\"@id\":\"https:\\\/\\\/lepatriotebenin.com\\\/#\\\/schema\\\/person\\\/4a9b67216c97d04045e01405c534c91f\",\"name\":\"Roland AFFANOU\",\"image\":{\"@type\":\"ImageObject\",\"inLanguage\":\"fr-FR\",\"@id\":\"https:\\\/\\\/secure.gravatar.com\\\/avatar\\\/7209d3f6d2d47ea4d0c67e14d3effb61feb10ae540a4381280c66265de5bd643?s=96&d=mm&r=g\",\"url\":\"https:\\\/\\\/secure.gravatar.com\\\/avatar\\\/7209d3f6d2d47ea4d0c67e14d3effb61feb10ae540a4381280c66265de5bd643?s=96&d=mm&r=g\",\"contentUrl\":\"https:\\\/\\\/secure.gravatar.com\\\/avatar\\\/7209d3f6d2d47ea4d0c67e14d3effb61feb10ae540a4381280c66265de5bd643?s=96&d=mm&r=g\",\"caption\":\"Roland AFFANOU\"},\"url\":\"https:\\\/\\\/lepatriotebenin.com\"}]}<\/script>\n<!-- \/ Yoast SEO plugin. -->","yoast_head_json":{"title":"B\u00e9nin\u00a0: Julien Kand\u00e9 Kansou devant les juges de la CRIET - Le Patriote","robots":{"index":"index","follow":"follow","max-snippet":"max-snippet:-1","max-image-preview":"max-image-preview:large","max-video-preview":"max-video-preview:-1"},"canonical":"https:\/\/lepatriotebenin.com\/index.php\/2025\/07\/01\/benin-julien-kande-kansou-devant-les-juges-de-la-criet\/","og_locale":"fr_FR","og_type":"article","og_title":"B\u00e9nin\u00a0: Julien Kand\u00e9 Kansou devant les juges de la CRIET - Le Patriote","og_description":"Poursuivi pour \u00ab&nbsp;publication de fausses nouvelles et harc\u00e8lement par voie de&nbsp; communication \u00e9lectronique&nbsp;\u00bb,&nbsp; le militant du parti Les D\u00e9mocrates, membre de la cellule de communication de ce parti et po\u00e8te,&nbsp;&hellip;","og_url":"https:\/\/lepatriotebenin.com\/index.php\/2025\/07\/01\/benin-julien-kande-kansou-devant-les-juges-de-la-criet\/","og_site_name":"Le Patriote","article_published_time":"2025-07-01T08:42:09+00:00","article_modified_time":"2025-07-01T08:42:11+00:00","og_image":[{"width":866,"height":566,"url":"https:\/\/lepatriotebenin.com\/wp-content\/uploads\/2025\/06\/kande.webp","type":"image\/webp"}],"author":"Roland AFFANOU","twitter_card":"summary_large_image","twitter_misc":{"\u00c9crit par":"Roland AFFANOU","Dur\u00e9e de lecture estim\u00e9e":"1 minute"},"schema":{"@context":"https:\/\/schema.org","@graph":[{"@type":"Article","@id":"https:\/\/lepatriotebenin.com\/index.php\/2025\/07\/01\/benin-julien-kande-kansou-devant-les-juges-de-la-criet\/#article","isPartOf":{"@id":"https:\/\/lepatriotebenin.com\/index.php\/2025\/07\/01\/benin-julien-kande-kansou-devant-les-juges-de-la-criet\/"},"author":{"name":"Roland AFFANOU","@id":"https:\/\/lepatriotebenin.com\/#\/schema\/person\/4a9b67216c97d04045e01405c534c91f"},"headline":"B\u00e9nin\u00a0: Julien Kand\u00e9 Kansou devant les juges de la CRIET","datePublished":"2025-07-01T08:42:09+00:00","dateModified":"2025-07-01T08:42:11+00:00","mainEntityOfPage":{"@id":"https:\/\/lepatriotebenin.com\/index.php\/2025\/07\/01\/benin-julien-kande-kansou-devant-les-juges-de-la-criet\/"},"wordCount":232,"commentCount":0,"image":{"@id":"https:\/\/lepatriotebenin.com\/index.php\/2025\/07\/01\/benin-julien-kande-kansou-devant-les-juges-de-la-criet\/#primaryimage"},"thumbnailUrl":"https:\/\/lepatriotebenin.com\/wp-content\/uploads\/2025\/06\/kande.webp","articleSection":["Soci\u00e9t\u00e9"],"inLanguage":"fr-FR","potentialAction":[{"@type":"CommentAction","name":"Comment","target":["https:\/\/lepatriotebenin.com\/index.php\/2025\/07\/01\/benin-julien-kande-kansou-devant-les-juges-de-la-criet\/#respond"]}]},{"@type":"WebPage","@id":"https:\/\/lepatriotebenin.com\/index.php\/2025\/07\/01\/benin-julien-kande-kansou-devant-les-juges-de-la-criet\/","url":"https:\/\/lepatriotebenin.com\/index.php\/2025\/07\/01\/benin-julien-kande-kansou-devant-les-juges-de-la-criet\/","name":"B\u00e9nin\u00a0: Julien Kand\u00e9 Kansou devant les juges de la CRIET - Le Patriote","isPartOf":{"@id":"https:\/\/lepatriotebenin.com\/#website"},"primaryImageOfPage":{"@id":"https:\/\/lepatriotebenin.com\/index.php\/2025\/07\/01\/benin-julien-kande-kansou-devant-les-juges-de-la-criet\/#primaryimage"},"image":{"@id":"https:\/\/lepatriotebenin.com\/index.php\/2025\/07\/01\/benin-julien-kande-kansou-devant-les-juges-de-la-criet\/#primaryimage"},"thumbnailUrl":"https:\/\/lepatriotebenin.com\/wp-content\/uploads\/2025\/06\/kande.webp","datePublished":"2025-07-01T08:42:09+00:00","dateModified":"2025-07-01T08:42:11+00:00","author":{"@id":"https:\/\/lepatriotebenin.com\/#\/schema\/person\/4a9b67216c97d04045e01405c534c91f"},"breadcrumb":{"@id":"https:\/\/lepatriotebenin.com\/index.php\/2025\/07\/01\/benin-julien-kande-kansou-devant-les-juges-de-la-criet\/#breadcrumb"},"inLanguage":"fr-FR","potentialAction":[{"@type":"ReadAction","target":["https:\/\/lepatriotebenin.com\/index.php\/2025\/07\/01\/benin-julien-kande-kansou-devant-les-juges-de-la-criet\/"]}]},{"@type":"ImageObject","inLanguage":"fr-FR","@id":"https:\/\/lepatriotebenin.com\/index.php\/2025\/07\/01\/benin-julien-kande-kansou-devant-les-juges-de-la-criet\/#primaryimage","url":"https:\/\/lepatriotebenin.com\/wp-content\/uploads\/2025\/06\/kande.webp","contentUrl":"https:\/\/lepatriotebenin.com\/wp-content\/uploads\/2025\/06\/kande.webp","width":866,"height":566},{"@type":"BreadcrumbList","@id":"https:\/\/lepatriotebenin.com\/index.php\/2025\/07\/01\/benin-julien-kande-kansou-devant-les-juges-de-la-criet\/#breadcrumb","itemListElement":[{"@type":"ListItem","position":1,"name":"Accueil","item":"https:\/\/lepatriotebenin.com\/"},{"@type":"ListItem","position":2,"name":"B\u00e9nin\u00a0: Julien Kand\u00e9 Kansou devant les juges de la CRIET"}]},{"@type":"WebSite","@id":"https:\/\/lepatriotebenin.com\/#website","url":"https:\/\/lepatriotebenin.com\/","name":"Le Patriote","description":"Le Patriote B\u00e9nin","potentialAction":[{"@type":"SearchAction","target":{"@type":"EntryPoint","urlTemplate":"https:\/\/lepatriotebenin.com\/?s={search_term_string}"},"query-input":{"@type":"PropertyValueSpecification","valueRequired":true,"valueName":"search_term_string"}}],"inLanguage":"fr-FR"},{"@type":"Person","@id":"https:\/\/lepatriotebenin.com\/#\/schema\/person\/4a9b67216c97d04045e01405c534c91f","name":"Roland AFFANOU","image":{"@type":"ImageObject","inLanguage":"fr-FR","@id":"https:\/\/secure.gravatar.com\/avatar\/7209d3f6d2d47ea4d0c67e14d3effb61feb10ae540a4381280c66265de5bd643?s=96&d=mm&r=g","url":"https:\/\/secure.gravatar.com\/avatar\/7209d3f6d2d47ea4d0c67e14d3effb61feb10ae540a4381280c66265de5bd643?s=96&d=mm&r=g","contentUrl":"https:\/\/secure.gravatar.com\/avatar\/7209d3f6d2d47ea4d0c67e14d3effb61feb10ae540a4381280c66265de5bd643?s=96&d=mm&r=g","caption":"Roland AFFANOU"},"url":"https:\/\/lepatriotebenin.com"}]}},"_links":{"self":[{"href":"https:\/\/lepatriotebenin.com\/index.php\/wp-json\/wp\/v2\/posts\/11544","targetHints":{"allow":["GET"]}}],"collection":[{"href":"https:\/\/lepatriotebenin.com\/index.php\/wp-json\/wp\/v2\/posts"}],"about":[{"href":"https:\/\/lepatriotebenin.com\/index.php\/wp-json\/wp\/v2\/types\/post"}],"author":[{"embeddable":true,"href":"https:\/\/lepatriotebenin.com\/index.php\/wp-json\/wp\/v2\/users\/6"}],"replies":[{"embeddable":true,"href":"https:\/\/lepatriotebenin.com\/index.php\/wp-json\/wp\/v2\/comments?post=11544"}],"version-history":[{"count":1,"href":"https:\/\/lepatriotebenin.com\/index.php\/wp-json\/wp\/v2\/posts\/11544\/revisions"}],"predecessor-version":[{"id":11545,"href":"https:\/\/lepatriotebenin.com\/index.php\/wp-json\/wp\/v2\/posts\/11544\/revisions\/11545"}],"wp:featuredmedia":[{"embeddable":true,"href":"https:\/\/lepatriotebenin.com\/index.php\/wp-json\/wp\/v2\/media\/10887"}],"wp:attachment":[{"href":"https:\/\/lepatriotebenin.com\/index.php\/wp-json\/wp\/v2\/media?parent=11544"}],"wp:term":[{"taxonomy":"category","embeddable":true,"href":"https:\/\/lepatriotebenin.com\/index.php\/wp-json\/wp\/v2\/categories?post=11544"},{"taxonomy":"post_tag","embeddable":true,"href":"https:\/\/lepatriotebenin.com\/index.php\/wp-json\/wp\/v2\/tags?post=11544"}],"curies":[{"name":"wp","href":"https:\/\/api.w.org\/{rel}","templated":true}]}}