{"id":11539,"date":"2025-07-01T00:39:12","date_gmt":"2025-06-30T22:39:12","guid":{"rendered":"https:\/\/lepatriotebenin.com\/?p=11539"},"modified":"2025-07-01T00:39:26","modified_gmt":"2025-06-30T22:39:26","slug":"mercato-khaled-adenon-rebondit-dans-un-club-francais","status":"publish","type":"post","link":"https:\/\/lepatriotebenin.com\/index.php\/2025\/07\/01\/mercato-khaled-adenon-rebondit-dans-un-club-francais\/","title":{"rendered":"Mercato: Khaled Ad\u00e9non rebondit dans un club fran\u00e7ais"},"content":{"rendered":"\n<p>L\u2019ancien capitaine des Gu\u00e9pards du B\u00e9nin, Khaled Ad\u00e9non, a repris du service en <strong>France.<\/strong> Apr\u00e8s une p\u00e9riode loin des terrains depuis <strong>juillet 2024<\/strong>, il a officiellement rejoint le club fran\u00e7ais d\u2019<strong>Albert Usoaas Football, <\/strong>qui \u00e9volue en R\u00e9gional 3. Aucune information officielle n\u2019a filtr\u00e9 concernant la dur\u00e9e du contrat ou la r\u00e9mun\u00e9ration. Comme on dit au B\u00e9nin : ce n\u2019est peut-\u00eatre ni l\u2019argent, ni le projet, mais juste le plaisir de jouer et garder la sant\u00e9.<\/p>\n\n\n\n<p>\u00c0 39 ans, le d\u00e9fenseur central \u00e9tait sans club depuis la fin de son contrat avec <strong>Ayia Napa<\/strong> en Chypre en 2024. Ce transfert marque le retour sur les terrains de l\u2019exp\u00e9riment\u00e9 joueur apr\u00e8s une ann\u00e9e sabbatique, dans un championnat bien plus modeste que ceux qu\u2019il a connus pr\u00e9c\u00e9demment.&nbsp; Il faut rappeler que le joueur avait \u00e9volu\u00e9&nbsp; dans certains clubs fran\u00e7ais tels que Le Mans, Bastia et Amiens.<\/p>\n","protected":false},"excerpt":{"rendered":"<p>L\u2019ancien capitaine des Gu\u00e9pards du B\u00e9nin, Khaled Ad\u00e9non, a repris du service en France. Apr\u00e8s une p\u00e9riode loin des terrains depuis juillet 2024, il a officiellement rejoint le club fran\u00e7ais&hellip;<\/p>\n","protected":false},"author":6,"featured_media":11542,"comment_status":"open","ping_status":"open","sticky":false,"template":"","format":"standard","meta":{"content-type":"","om_disable_all_campaigns":false,"_monsterinsights_skip_tracking":false,"_monsterinsights_sitenote_active":false,"_monsterinsights_sitenote_note":"","_monsterinsights_sitenote_category":0,"_uf_show_specific_survey":0,"_uf_disable_surveys":false,"footnotes":""},"categories":[8],"tags":[],"class_list":["post-11539","post","type-post","status-publish","format-standard","has-post-thumbnail","hentry","category-sport"],"aioseo_notices":[],"yoast_head":"<!-- This site is optimized with the Yoast SEO plugin v27.5 - https:\/\/yoast.com\/product\/yoast-seo-wordpress\/ -->\n<title>Mercato: Khaled Ad\u00e9non rebondit dans un club fran\u00e7ais - Le Patriote<\/title>\n<meta name=\"robots\" content=\"index, follow, max-snippet:-1, max-image-preview:large, max-video-preview:-1\" \/>\n<link rel=\"canonical\" href=\"https:\/\/lepatriotebenin.com\/index.php\/2025\/07\/01\/mercato-khaled-adenon-rebondit-dans-un-club-francais\/\" \/>\n<meta property=\"og:locale\" content=\"fr_FR\" \/>\n<meta property=\"og:type\" content=\"article\" \/>\n<meta property=\"og:title\" content=\"Mercato: Khaled Ad\u00e9non rebondit dans un club fran\u00e7ais - Le Patriote\" \/>\n<meta property=\"og:description\" content=\"L\u2019ancien capitaine des Gu\u00e9pards du B\u00e9nin, Khaled Ad\u00e9non, a repris du service en France. Apr\u00e8s une p\u00e9riode loin des terrains depuis juillet 2024, il a officiellement rejoint le club fran\u00e7ais&hellip;\" \/>\n<meta property=\"og:url\" content=\"https:\/\/lepatriotebenin.com\/index.php\/2025\/07\/01\/mercato-khaled-adenon-rebondit-dans-un-club-francais\/\" \/>\n<meta property=\"og:site_name\" content=\"Le Patriote\" \/>\n<meta property=\"article:published_time\" content=\"2025-06-30T22:39:12+00:00\" \/>\n<meta property=\"article:modified_time\" content=\"2025-06-30T22:39:26+00:00\" \/>\n<meta property=\"og:image\" content=\"https:\/\/lepatriotebenin.com\/wp-content\/uploads\/2025\/07\/khaled-adenon-2.webp\" \/>\n\t<meta property=\"og:image:width\" content=\"1200\" \/>\n\t<meta property=\"og:image:height\" content=\"900\" \/>\n\t<meta property=\"og:image:type\" content=\"image\/webp\" \/>\n<meta name=\"author\" content=\"Roland AFFANOU\" \/>\n<meta name=\"twitter:card\" content=\"summary_large_image\" \/>\n<meta name=\"twitter:label1\" content=\"\u00c9crit par\" \/>\n\t<meta name=\"twitter:data1\" content=\"Roland AFFANOU\" \/>\n\t<meta name=\"twitter:label2\" content=\"Dur\u00e9e de lecture estim\u00e9e\" \/>\n\t<meta name=\"twitter:data2\" content=\"1 minute\" \/>\n<script type=\"application\/ld+json\" class=\"yoast-schema-graph\">{\"@context\":\"https:\\\/\\\/schema.org\",\"@graph\":[{\"@type\":\"Article\",\"@id\":\"https:\\\/\\\/lepatriotebenin.com\\\/index.php\\\/2025\\\/07\\\/01\\\/mercato-khaled-adenon-rebondit-dans-un-club-francais\\\/#article\",\"isPartOf\":{\"@id\":\"https:\\\/\\\/lepatriotebenin.com\\\/index.php\\\/2025\\\/07\\\/01\\\/mercato-khaled-adenon-rebondit-dans-un-club-francais\\\/\"},\"author\":{\"name\":\"Roland AFFANOU\",\"@id\":\"https:\\\/\\\/lepatriotebenin.com\\\/#\\\/schema\\\/person\\\/4a9b67216c97d04045e01405c534c91f\"},\"headline\":\"Mercato: Khaled Ad\u00e9non rebondit dans un club fran\u00e7ais\",\"datePublished\":\"2025-06-30T22:39:12+00:00\",\"dateModified\":\"2025-06-30T22:39:26+00:00\",\"mainEntityOfPage\":{\"@id\":\"https:\\\/\\\/lepatriotebenin.com\\\/index.php\\\/2025\\\/07\\\/01\\\/mercato-khaled-adenon-rebondit-dans-un-club-francais\\\/\"},\"wordCount\":175,\"commentCount\":0,\"image\":{\"@id\":\"https:\\\/\\\/lepatriotebenin.com\\\/index.php\\\/2025\\\/07\\\/01\\\/mercato-khaled-adenon-rebondit-dans-un-club-francais\\\/#primaryimage\"},\"thumbnailUrl\":\"https:\\\/\\\/lepatriotebenin.com\\\/wp-content\\\/uploads\\\/2025\\\/07\\\/khaled-adenon-2.webp\",\"articleSection\":[\"Sport\"],\"inLanguage\":\"fr-FR\",\"potentialAction\":[{\"@type\":\"CommentAction\",\"name\":\"Comment\",\"target\":[\"https:\\\/\\\/lepatriotebenin.com\\\/index.php\\\/2025\\\/07\\\/01\\\/mercato-khaled-adenon-rebondit-dans-un-club-francais\\\/#respond\"]}]},{\"@type\":\"WebPage\",\"@id\":\"https:\\\/\\\/lepatriotebenin.com\\\/index.php\\\/2025\\\/07\\\/01\\\/mercato-khaled-adenon-rebondit-dans-un-club-francais\\\/\",\"url\":\"https:\\\/\\\/lepatriotebenin.com\\\/index.php\\\/2025\\\/07\\\/01\\\/mercato-khaled-adenon-rebondit-dans-un-club-francais\\\/\",\"name\":\"Mercato: Khaled Ad\u00e9non rebondit dans un club fran\u00e7ais - Le Patriote\",\"isPartOf\":{\"@id\":\"https:\\\/\\\/lepatriotebenin.com\\\/#website\"},\"primaryImageOfPage\":{\"@id\":\"https:\\\/\\\/lepatriotebenin.com\\\/index.php\\\/2025\\\/07\\\/01\\\/mercato-khaled-adenon-rebondit-dans-un-club-francais\\\/#primaryimage\"},\"image\":{\"@id\":\"https:\\\/\\\/lepatriotebenin.com\\\/index.php\\\/2025\\\/07\\\/01\\\/mercato-khaled-adenon-rebondit-dans-un-club-francais\\\/#primaryimage\"},\"thumbnailUrl\":\"https:\\\/\\\/lepatriotebenin.com\\\/wp-content\\\/uploads\\\/2025\\\/07\\\/khaled-adenon-2.webp\",\"datePublished\":\"2025-06-30T22:39:12+00:00\",\"dateModified\":\"2025-06-30T22:39:26+00:00\",\"author\":{\"@id\":\"https:\\\/\\\/lepatriotebenin.com\\\/#\\\/schema\\\/person\\\/4a9b67216c97d04045e01405c534c91f\"},\"breadcrumb\":{\"@id\":\"https:\\\/\\\/lepatriotebenin.com\\\/index.php\\\/2025\\\/07\\\/01\\\/mercato-khaled-adenon-rebondit-dans-un-club-francais\\\/#breadcrumb\"},\"inLanguage\":\"fr-FR\",\"potentialAction\":[{\"@type\":\"ReadAction\",\"target\":[\"https:\\\/\\\/lepatriotebenin.com\\\/index.php\\\/2025\\\/07\\\/01\\\/mercato-khaled-adenon-rebondit-dans-un-club-francais\\\/\"]}]},{\"@type\":\"ImageObject\",\"inLanguage\":\"fr-FR\",\"@id\":\"https:\\\/\\\/lepatriotebenin.com\\\/index.php\\\/2025\\\/07\\\/01\\\/mercato-khaled-adenon-rebondit-dans-un-club-francais\\\/#primaryimage\",\"url\":\"https:\\\/\\\/lepatriotebenin.com\\\/wp-content\\\/uploads\\\/2025\\\/07\\\/khaled-adenon-2.webp\",\"contentUrl\":\"https:\\\/\\\/lepatriotebenin.com\\\/wp-content\\\/uploads\\\/2025\\\/07\\\/khaled-adenon-2.webp\",\"width\":1200,\"height\":900},{\"@type\":\"BreadcrumbList\",\"@id\":\"https:\\\/\\\/lepatriotebenin.com\\\/index.php\\\/2025\\\/07\\\/01\\\/mercato-khaled-adenon-rebondit-dans-un-club-francais\\\/#breadcrumb\",\"itemListElement\":[{\"@type\":\"ListItem\",\"position\":1,\"name\":\"Accueil\",\"item\":\"https:\\\/\\\/lepatriotebenin.com\\\/\"},{\"@type\":\"ListItem\",\"position\":2,\"name\":\"Mercato: Khaled Ad\u00e9non rebondit dans un club fran\u00e7ais\"}]},{\"@type\":\"WebSite\",\"@id\":\"https:\\\/\\\/lepatriotebenin.com\\\/#website\",\"url\":\"https:\\\/\\\/lepatriotebenin.com\\\/\",\"name\":\"Le Patriote\",\"description\":\"Le Patriote B\u00e9nin\",\"potentialAction\":[{\"@type\":\"SearchAction\",\"target\":{\"@type\":\"EntryPoint\",\"urlTemplate\":\"https:\\\/\\\/lepatriotebenin.com\\\/?s={search_term_string}\"},\"query-input\":{\"@type\":\"PropertyValueSpecification\",\"valueRequired\":true,\"valueName\":\"search_term_string\"}}],\"inLanguage\":\"fr-FR\"},{\"@type\":\"Person\",\"@id\":\"https:\\\/\\\/lepatriotebenin.com\\\/#\\\/schema\\\/person\\\/4a9b67216c97d04045e01405c534c91f\",\"name\":\"Roland AFFANOU\",\"image\":{\"@type\":\"ImageObject\",\"inLanguage\":\"fr-FR\",\"@id\":\"https:\\\/\\\/secure.gravatar.com\\\/avatar\\\/7209d3f6d2d47ea4d0c67e14d3effb61feb10ae540a4381280c66265de5bd643?s=96&d=mm&r=g\",\"url\":\"https:\\\/\\\/secure.gravatar.com\\\/avatar\\\/7209d3f6d2d47ea4d0c67e14d3effb61feb10ae540a4381280c66265de5bd643?s=96&d=mm&r=g\",\"contentUrl\":\"https:\\\/\\\/secure.gravatar.com\\\/avatar\\\/7209d3f6d2d47ea4d0c67e14d3effb61feb10ae540a4381280c66265de5bd643?s=96&d=mm&r=g\",\"caption\":\"Roland AFFANOU\"},\"url\":\"https:\\\/\\\/lepatriotebenin.com\"}]}<\/script>\n<!-- \/ Yoast SEO plugin. -->","yoast_head_json":{"title":"Mercato: Khaled Ad\u00e9non rebondit dans un club fran\u00e7ais - Le Patriote","robots":{"index":"index","follow":"follow","max-snippet":"max-snippet:-1","max-image-preview":"max-image-preview:large","max-video-preview":"max-video-preview:-1"},"canonical":"https:\/\/lepatriotebenin.com\/index.php\/2025\/07\/01\/mercato-khaled-adenon-rebondit-dans-un-club-francais\/","og_locale":"fr_FR","og_type":"article","og_title":"Mercato: Khaled Ad\u00e9non rebondit dans un club fran\u00e7ais - Le Patriote","og_description":"L\u2019ancien capitaine des Gu\u00e9pards du B\u00e9nin, Khaled Ad\u00e9non, a repris du service en France. Apr\u00e8s une p\u00e9riode loin des terrains depuis juillet 2024, il a officiellement rejoint le club fran\u00e7ais&hellip;","og_url":"https:\/\/lepatriotebenin.com\/index.php\/2025\/07\/01\/mercato-khaled-adenon-rebondit-dans-un-club-francais\/","og_site_name":"Le Patriote","article_published_time":"2025-06-30T22:39:12+00:00","article_modified_time":"2025-06-30T22:39:26+00:00","og_image":[{"width":1200,"height":900,"url":"https:\/\/lepatriotebenin.com\/wp-content\/uploads\/2025\/07\/khaled-adenon-2.webp","type":"image\/webp"}],"author":"Roland AFFANOU","twitter_card":"summary_large_image","twitter_misc":{"\u00c9crit par":"Roland AFFANOU","Dur\u00e9e de lecture estim\u00e9e":"1 minute"},"schema":{"@context":"https:\/\/schema.org","@graph":[{"@type":"Article","@id":"https:\/\/lepatriotebenin.com\/index.php\/2025\/07\/01\/mercato-khaled-adenon-rebondit-dans-un-club-francais\/#article","isPartOf":{"@id":"https:\/\/lepatriotebenin.com\/index.php\/2025\/07\/01\/mercato-khaled-adenon-rebondit-dans-un-club-francais\/"},"author":{"name":"Roland AFFANOU","@id":"https:\/\/lepatriotebenin.com\/#\/schema\/person\/4a9b67216c97d04045e01405c534c91f"},"headline":"Mercato: Khaled Ad\u00e9non rebondit dans un club fran\u00e7ais","datePublished":"2025-06-30T22:39:12+00:00","dateModified":"2025-06-30T22:39:26+00:00","mainEntityOfPage":{"@id":"https:\/\/lepatriotebenin.com\/index.php\/2025\/07\/01\/mercato-khaled-adenon-rebondit-dans-un-club-francais\/"},"wordCount":175,"commentCount":0,"image":{"@id":"https:\/\/lepatriotebenin.com\/index.php\/2025\/07\/01\/mercato-khaled-adenon-rebondit-dans-un-club-francais\/#primaryimage"},"thumbnailUrl":"https:\/\/lepatriotebenin.com\/wp-content\/uploads\/2025\/07\/khaled-adenon-2.webp","articleSection":["Sport"],"inLanguage":"fr-FR","potentialAction":[{"@type":"CommentAction","name":"Comment","target":["https:\/\/lepatriotebenin.com\/index.php\/2025\/07\/01\/mercato-khaled-adenon-rebondit-dans-un-club-francais\/#respond"]}]},{"@type":"WebPage","@id":"https:\/\/lepatriotebenin.com\/index.php\/2025\/07\/01\/mercato-khaled-adenon-rebondit-dans-un-club-francais\/","url":"https:\/\/lepatriotebenin.com\/index.php\/2025\/07\/01\/mercato-khaled-adenon-rebondit-dans-un-club-francais\/","name":"Mercato: Khaled Ad\u00e9non rebondit dans un club fran\u00e7ais - Le Patriote","isPartOf":{"@id":"https:\/\/lepatriotebenin.com\/#website"},"primaryImageOfPage":{"@id":"https:\/\/lepatriotebenin.com\/index.php\/2025\/07\/01\/mercato-khaled-adenon-rebondit-dans-un-club-francais\/#primaryimage"},"image":{"@id":"https:\/\/lepatriotebenin.com\/index.php\/2025\/07\/01\/mercato-khaled-adenon-rebondit-dans-un-club-francais\/#primaryimage"},"thumbnailUrl":"https:\/\/lepatriotebenin.com\/wp-content\/uploads\/2025\/07\/khaled-adenon-2.webp","datePublished":"2025-06-30T22:39:12+00:00","dateModified":"2025-06-30T22:39:26+00:00","author":{"@id":"https:\/\/lepatriotebenin.com\/#\/schema\/person\/4a9b67216c97d04045e01405c534c91f"},"breadcrumb":{"@id":"https:\/\/lepatriotebenin.com\/index.php\/2025\/07\/01\/mercato-khaled-adenon-rebondit-dans-un-club-francais\/#breadcrumb"},"inLanguage":"fr-FR","potentialAction":[{"@type":"ReadAction","target":["https:\/\/lepatriotebenin.com\/index.php\/2025\/07\/01\/mercato-khaled-adenon-rebondit-dans-un-club-francais\/"]}]},{"@type":"ImageObject","inLanguage":"fr-FR","@id":"https:\/\/lepatriotebenin.com\/index.php\/2025\/07\/01\/mercato-khaled-adenon-rebondit-dans-un-club-francais\/#primaryimage","url":"https:\/\/lepatriotebenin.com\/wp-content\/uploads\/2025\/07\/khaled-adenon-2.webp","contentUrl":"https:\/\/lepatriotebenin.com\/wp-content\/uploads\/2025\/07\/khaled-adenon-2.webp","width":1200,"height":900},{"@type":"BreadcrumbList","@id":"https:\/\/lepatriotebenin.com\/index.php\/2025\/07\/01\/mercato-khaled-adenon-rebondit-dans-un-club-francais\/#breadcrumb","itemListElement":[{"@type":"ListItem","position":1,"name":"Accueil","item":"https:\/\/lepatriotebenin.com\/"},{"@type":"ListItem","position":2,"name":"Mercato: Khaled Ad\u00e9non rebondit dans un club fran\u00e7ais"}]},{"@type":"WebSite","@id":"https:\/\/lepatriotebenin.com\/#website","url":"https:\/\/lepatriotebenin.com\/","name":"Le Patriote","description":"Le Patriote B\u00e9nin","potentialAction":[{"@type":"SearchAction","target":{"@type":"EntryPoint","urlTemplate":"https:\/\/lepatriotebenin.com\/?s={search_term_string}"},"query-input":{"@type":"PropertyValueSpecification","valueRequired":true,"valueName":"search_term_string"}}],"inLanguage":"fr-FR"},{"@type":"Person","@id":"https:\/\/lepatriotebenin.com\/#\/schema\/person\/4a9b67216c97d04045e01405c534c91f","name":"Roland AFFANOU","image":{"@type":"ImageObject","inLanguage":"fr-FR","@id":"https:\/\/secure.gravatar.com\/avatar\/7209d3f6d2d47ea4d0c67e14d3effb61feb10ae540a4381280c66265de5bd643?s=96&d=mm&r=g","url":"https:\/\/secure.gravatar.com\/avatar\/7209d3f6d2d47ea4d0c67e14d3effb61feb10ae540a4381280c66265de5bd643?s=96&d=mm&r=g","contentUrl":"https:\/\/secure.gravatar.com\/avatar\/7209d3f6d2d47ea4d0c67e14d3effb61feb10ae540a4381280c66265de5bd643?s=96&d=mm&r=g","caption":"Roland AFFANOU"},"url":"https:\/\/lepatriotebenin.com"}]}},"_links":{"self":[{"href":"https:\/\/lepatriotebenin.com\/index.php\/wp-json\/wp\/v2\/posts\/11539","targetHints":{"allow":["GET"]}}],"collection":[{"href":"https:\/\/lepatriotebenin.com\/index.php\/wp-json\/wp\/v2\/posts"}],"about":[{"href":"https:\/\/lepatriotebenin.com\/index.php\/wp-json\/wp\/v2\/types\/post"}],"author":[{"embeddable":true,"href":"https:\/\/lepatriotebenin.com\/index.php\/wp-json\/wp\/v2\/users\/6"}],"replies":[{"embeddable":true,"href":"https:\/\/lepatriotebenin.com\/index.php\/wp-json\/wp\/v2\/comments?post=11539"}],"version-history":[{"count":1,"href":"https:\/\/lepatriotebenin.com\/index.php\/wp-json\/wp\/v2\/posts\/11539\/revisions"}],"predecessor-version":[{"id":11543,"href":"https:\/\/lepatriotebenin.com\/index.php\/wp-json\/wp\/v2\/posts\/11539\/revisions\/11543"}],"wp:featuredmedia":[{"embeddable":true,"href":"https:\/\/lepatriotebenin.com\/index.php\/wp-json\/wp\/v2\/media\/11542"}],"wp:attachment":[{"href":"https:\/\/lepatriotebenin.com\/index.php\/wp-json\/wp\/v2\/media?parent=11539"}],"wp:term":[{"taxonomy":"category","embeddable":true,"href":"https:\/\/lepatriotebenin.com\/index.php\/wp-json\/wp\/v2\/categories?post=11539"},{"taxonomy":"post_tag","embeddable":true,"href":"https:\/\/lepatriotebenin.com\/index.php\/wp-json\/wp\/v2\/tags?post=11539"}],"curies":[{"name":"wp","href":"https:\/\/api.w.org\/{rel}","templated":true}]}}