{"id":11525,"date":"2025-06-30T20:27:56","date_gmt":"2025-06-30T18:27:56","guid":{"rendered":"https:\/\/lepatriotebenin.com\/?p=11525"},"modified":"2025-06-30T20:35:44","modified_gmt":"2025-06-30T18:35:44","slug":"accidents-repetes-sur-les-routes-au-benin-daniel-edah-revele-le-probleme-et-propose-une-solution","status":"publish","type":"post","link":"https:\/\/lepatriotebenin.com\/index.php\/2025\/06\/30\/accidents-repetes-sur-les-routes-au-benin-daniel-edah-revele-le-probleme-et-propose-une-solution\/","title":{"rendered":"Accidents r\u00e9p\u00e9t\u00e9s sur les routes au B\u00e9nin : Daniel Edah r\u00e9v\u00e8le le probl\u00e8me et propose une solution"},"content":{"rendered":"\n<p>&nbsp;Le pr\u00e9sident du Mouvement \u00ab&nbsp;Ensemble Nous le Ferons&nbsp;\u00bb, <strong>Daniel Edah<\/strong> a \u00e9t\u00e9 re\u00e7u le <strong>dimanche 29&nbsp; juin 2025 <\/strong>dans l\u2019\u00e9mission \u00ab<strong>Entretien&nbsp;Grand Format&nbsp;\u00bb<\/strong> de BIP de radio. Il s\u2019est prononc\u00e9 sur plusieurs sujets de l\u2019actualit\u00e9 nationale notamment les accidents r\u00e9p\u00e9t\u00e9s sur les routes b\u00e9ninois qui occasionnent des pertes en vie humaine. <em>\u00ab&nbsp;Ce qui se passe dans notre pays en termes d\u2019accidents, en termes de morts par ci par l\u00e0, nous sommes dans un&nbsp; pays de grandes diversit\u00e9s religieuses et la plupart des B\u00e9ninois croient en Dieu\u00bb, <\/em>a d\u00e9clar\u00e9 Daniel Edah. Selon lui, il pense&nbsp;\u00ab&nbsp;<em>qu\u2019il y a un probl\u00e8me spirituel quelque part<\/em>&nbsp;\u00bb et que \u00ab<em>Dieu n\u2019est jamais en faute\u00bb.<\/em><\/p>\n\n\n\n<p>Quand on parle de probl\u00e8me spirituel, dit-il, <em>\u00ab&nbsp;\u00e7a ne veut pas dire que Dieu est mis en cause<\/em>&nbsp;\u00bb. Pour le pr\u00e9sident du Mouvement \u00ab&nbsp;Ensemble Nous le Ferons&nbsp;\u00bb, les questions de s\u00e9curit\u00e9 routi\u00e8re doivent \u00eatre abord\u00e9es s\u00e9rieusement. \u00ab <em>Il y a&nbsp; que les questions d\u2019organisation de la circulation, de discipline&nbsp; doivent \u00eatre r\u00e9solues mais il y a que la fr\u00e9quence avec laquelle nous perdrions des compatriotes. Dans d\u2019autres pays, il y a des accidents mais au B\u00e9nin comme vous l\u2019avez si bien relev\u00e9, \u00e7a devient un peu de trop. Chacun de nous dans la croyance, dans la diversit\u00e9 religieuse doit prier \u00e0 son Dieu pour&nbsp; demander que cette situation puisse diminuer\u00bb,<\/em> a-t-il laiss\u00e9 entendre.<\/p>\n\n\n\n<p>La solution de Daniel Edah est bas\u00e9e sur la pri\u00e8re. Selon le candidat d\u00e9clar\u00e9 \u00e0 l\u2019\u00e9lection pr\u00e9sidentielle de 2026, il &nbsp;n\u2019y a aucun \u00e9v\u00e9nement qui arriverait et en face duquel il va se dire<strong> \u00ab&nbsp;je ne vais pas prier<\/strong>&nbsp;\u00bb. \u00ab&nbsp;<em>Nous sommes dans un Etat la\u00efc \u00e0 grande diversit\u00e9 religieuse. Dans l\u2019espace religieux, personne ne peux dire, prions parce que la mani\u00e8re dont moi je prie n\u2019est pas forc\u00e9ment la mani\u00e8re dont vous priez .Donc c\u2019est pour \u00e7a que je dis ,au-del\u00e0 de ce qui nous r\u00e9unit et que l\u2019 Etat doit faire en termes de s\u00e9curit\u00e9 routi\u00e8re, en termes d\u2019infrastructure routi\u00e8re, en termes d\u2019infrastructure de transport , en termes d\u2019\u00e9ducation \u00e0 la citoyennet\u00e9 pour que nous puissions mieux comporter sur nos routes, chacun doit demander \u00e0 son Dieu, \u00e0 sa mani\u00e8re, &nbsp;intervient , pour qu\u2019il y ait moins de morts dans notre pays<\/em>&nbsp;\u00bb , a&nbsp; l\u00e2ch\u00e9 Daniel Edah .Il a par ailleurs martel\u00e9 que les d\u00e9fis de s\u00e9curit\u00e9 routi\u00e8re et &nbsp;d\u2019\u00e9ducation \u00e0 la citoyennet\u00e9 sont \u00e0 relever.<\/p>\n","protected":false},"excerpt":{"rendered":"<p>&nbsp;Le pr\u00e9sident du Mouvement \u00ab&nbsp;Ensemble Nous le Ferons&nbsp;\u00bb, Daniel Edah a \u00e9t\u00e9 re\u00e7u le dimanche 29&nbsp; juin 2025 dans l\u2019\u00e9mission \u00abEntretien&nbsp;Grand Format&nbsp;\u00bb de BIP de radio. Il s\u2019est prononc\u00e9 sur&hellip;<\/p>\n","protected":false},"author":6,"featured_media":11528,"comment_status":"open","ping_status":"open","sticky":false,"template":"","format":"standard","meta":{"content-type":"","om_disable_all_campaigns":false,"_monsterinsights_skip_tracking":false,"_monsterinsights_sitenote_active":false,"_monsterinsights_sitenote_note":"","_monsterinsights_sitenote_category":0,"_uf_show_specific_survey":0,"_uf_disable_surveys":false,"footnotes":""},"categories":[26],"tags":[],"class_list":["post-11525","post","type-post","status-publish","format-standard","has-post-thumbnail","hentry","category-politique"],"aioseo_notices":[],"yoast_head":"<!-- This site is optimized with the Yoast SEO plugin v27.5 - https:\/\/yoast.com\/product\/yoast-seo-wordpress\/ -->\n<title>Accidents r\u00e9p\u00e9t\u00e9s sur les routes au B\u00e9nin : Daniel Edah r\u00e9v\u00e8le le probl\u00e8me et propose une solution - Le Patriote<\/title>\n<meta name=\"robots\" content=\"index, follow, max-snippet:-1, max-image-preview:large, max-video-preview:-1\" \/>\n<link rel=\"canonical\" href=\"https:\/\/lepatriotebenin.com\/index.php\/2025\/06\/30\/accidents-repetes-sur-les-routes-au-benin-daniel-edah-revele-le-probleme-et-propose-une-solution\/\" \/>\n<meta property=\"og:locale\" content=\"fr_FR\" \/>\n<meta property=\"og:type\" content=\"article\" \/>\n<meta property=\"og:title\" content=\"Accidents r\u00e9p\u00e9t\u00e9s sur les routes au B\u00e9nin : Daniel Edah r\u00e9v\u00e8le le probl\u00e8me et propose une solution - Le Patriote\" \/>\n<meta property=\"og:description\" content=\"&nbsp;Le pr\u00e9sident du Mouvement \u00ab&nbsp;Ensemble Nous le Ferons&nbsp;\u00bb, Daniel Edah a \u00e9t\u00e9 re\u00e7u le dimanche 29&nbsp; juin 2025 dans l\u2019\u00e9mission \u00abEntretien&nbsp;Grand Format&nbsp;\u00bb de BIP de radio. Il s\u2019est prononc\u00e9 sur&hellip;\" \/>\n<meta property=\"og:url\" content=\"https:\/\/lepatriotebenin.com\/index.php\/2025\/06\/30\/accidents-repetes-sur-les-routes-au-benin-daniel-edah-revele-le-probleme-et-propose-une-solution\/\" \/>\n<meta property=\"og:site_name\" content=\"Le Patriote\" \/>\n<meta property=\"article:published_time\" content=\"2025-06-30T18:27:56+00:00\" \/>\n<meta property=\"article:modified_time\" content=\"2025-06-30T18:35:44+00:00\" \/>\n<meta property=\"og:image\" content=\"https:\/\/lepatriotebenin.com\/wp-content\/uploads\/2025\/06\/473016507-1121077519397575-2755301195921105374-n.jpg\" \/>\n\t<meta property=\"og:image:width\" content=\"500\" \/>\n\t<meta property=\"og:image:height\" content=\"500\" \/>\n\t<meta property=\"og:image:type\" content=\"image\/jpeg\" \/>\n<meta name=\"author\" content=\"Roland AFFANOU\" \/>\n<meta name=\"twitter:card\" content=\"summary_large_image\" \/>\n<meta name=\"twitter:label1\" content=\"\u00c9crit par\" \/>\n\t<meta name=\"twitter:data1\" content=\"Roland AFFANOU\" \/>\n\t<meta name=\"twitter:label2\" content=\"Dur\u00e9e de lecture estim\u00e9e\" \/>\n\t<meta name=\"twitter:data2\" content=\"2 minutes\" \/>\n<script type=\"application\/ld+json\" class=\"yoast-schema-graph\">{\"@context\":\"https:\\\/\\\/schema.org\",\"@graph\":[{\"@type\":\"Article\",\"@id\":\"https:\\\/\\\/lepatriotebenin.com\\\/index.php\\\/2025\\\/06\\\/30\\\/accidents-repetes-sur-les-routes-au-benin-daniel-edah-revele-le-probleme-et-propose-une-solution\\\/#article\",\"isPartOf\":{\"@id\":\"https:\\\/\\\/lepatriotebenin.com\\\/index.php\\\/2025\\\/06\\\/30\\\/accidents-repetes-sur-les-routes-au-benin-daniel-edah-revele-le-probleme-et-propose-une-solution\\\/\"},\"author\":{\"name\":\"Roland AFFANOU\",\"@id\":\"https:\\\/\\\/lepatriotebenin.com\\\/#\\\/schema\\\/person\\\/4a9b67216c97d04045e01405c534c91f\"},\"headline\":\"Accidents r\u00e9p\u00e9t\u00e9s sur les routes au B\u00e9nin : Daniel Edah r\u00e9v\u00e8le le probl\u00e8me et propose une solution\",\"datePublished\":\"2025-06-30T18:27:56+00:00\",\"dateModified\":\"2025-06-30T18:35:44+00:00\",\"mainEntityOfPage\":{\"@id\":\"https:\\\/\\\/lepatriotebenin.com\\\/index.php\\\/2025\\\/06\\\/30\\\/accidents-repetes-sur-les-routes-au-benin-daniel-edah-revele-le-probleme-et-propose-une-solution\\\/\"},\"wordCount\":479,\"commentCount\":0,\"image\":{\"@id\":\"https:\\\/\\\/lepatriotebenin.com\\\/index.php\\\/2025\\\/06\\\/30\\\/accidents-repetes-sur-les-routes-au-benin-daniel-edah-revele-le-probleme-et-propose-une-solution\\\/#primaryimage\"},\"thumbnailUrl\":\"https:\\\/\\\/lepatriotebenin.com\\\/wp-content\\\/uploads\\\/2025\\\/06\\\/473016507-1121077519397575-2755301195921105374-n.jpg\",\"articleSection\":[\"Politique\"],\"inLanguage\":\"fr-FR\",\"potentialAction\":[{\"@type\":\"CommentAction\",\"name\":\"Comment\",\"target\":[\"https:\\\/\\\/lepatriotebenin.com\\\/index.php\\\/2025\\\/06\\\/30\\\/accidents-repetes-sur-les-routes-au-benin-daniel-edah-revele-le-probleme-et-propose-une-solution\\\/#respond\"]}]},{\"@type\":\"WebPage\",\"@id\":\"https:\\\/\\\/lepatriotebenin.com\\\/index.php\\\/2025\\\/06\\\/30\\\/accidents-repetes-sur-les-routes-au-benin-daniel-edah-revele-le-probleme-et-propose-une-solution\\\/\",\"url\":\"https:\\\/\\\/lepatriotebenin.com\\\/index.php\\\/2025\\\/06\\\/30\\\/accidents-repetes-sur-les-routes-au-benin-daniel-edah-revele-le-probleme-et-propose-une-solution\\\/\",\"name\":\"Accidents r\u00e9p\u00e9t\u00e9s sur les routes au B\u00e9nin : Daniel Edah r\u00e9v\u00e8le le probl\u00e8me et propose une solution - Le Patriote\",\"isPartOf\":{\"@id\":\"https:\\\/\\\/lepatriotebenin.com\\\/#website\"},\"primaryImageOfPage\":{\"@id\":\"https:\\\/\\\/lepatriotebenin.com\\\/index.php\\\/2025\\\/06\\\/30\\\/accidents-repetes-sur-les-routes-au-benin-daniel-edah-revele-le-probleme-et-propose-une-solution\\\/#primaryimage\"},\"image\":{\"@id\":\"https:\\\/\\\/lepatriotebenin.com\\\/index.php\\\/2025\\\/06\\\/30\\\/accidents-repetes-sur-les-routes-au-benin-daniel-edah-revele-le-probleme-et-propose-une-solution\\\/#primaryimage\"},\"thumbnailUrl\":\"https:\\\/\\\/lepatriotebenin.com\\\/wp-content\\\/uploads\\\/2025\\\/06\\\/473016507-1121077519397575-2755301195921105374-n.jpg\",\"datePublished\":\"2025-06-30T18:27:56+00:00\",\"dateModified\":\"2025-06-30T18:35:44+00:00\",\"author\":{\"@id\":\"https:\\\/\\\/lepatriotebenin.com\\\/#\\\/schema\\\/person\\\/4a9b67216c97d04045e01405c534c91f\"},\"breadcrumb\":{\"@id\":\"https:\\\/\\\/lepatriotebenin.com\\\/index.php\\\/2025\\\/06\\\/30\\\/accidents-repetes-sur-les-routes-au-benin-daniel-edah-revele-le-probleme-et-propose-une-solution\\\/#breadcrumb\"},\"inLanguage\":\"fr-FR\",\"potentialAction\":[{\"@type\":\"ReadAction\",\"target\":[\"https:\\\/\\\/lepatriotebenin.com\\\/index.php\\\/2025\\\/06\\\/30\\\/accidents-repetes-sur-les-routes-au-benin-daniel-edah-revele-le-probleme-et-propose-une-solution\\\/\"]}]},{\"@type\":\"ImageObject\",\"inLanguage\":\"fr-FR\",\"@id\":\"https:\\\/\\\/lepatriotebenin.com\\\/index.php\\\/2025\\\/06\\\/30\\\/accidents-repetes-sur-les-routes-au-benin-daniel-edah-revele-le-probleme-et-propose-une-solution\\\/#primaryimage\",\"url\":\"https:\\\/\\\/lepatriotebenin.com\\\/wp-content\\\/uploads\\\/2025\\\/06\\\/473016507-1121077519397575-2755301195921105374-n.jpg\",\"contentUrl\":\"https:\\\/\\\/lepatriotebenin.com\\\/wp-content\\\/uploads\\\/2025\\\/06\\\/473016507-1121077519397575-2755301195921105374-n.jpg\",\"width\":500,\"height\":500},{\"@type\":\"BreadcrumbList\",\"@id\":\"https:\\\/\\\/lepatriotebenin.com\\\/index.php\\\/2025\\\/06\\\/30\\\/accidents-repetes-sur-les-routes-au-benin-daniel-edah-revele-le-probleme-et-propose-une-solution\\\/#breadcrumb\",\"itemListElement\":[{\"@type\":\"ListItem\",\"position\":1,\"name\":\"Accueil\",\"item\":\"https:\\\/\\\/lepatriotebenin.com\\\/\"},{\"@type\":\"ListItem\",\"position\":2,\"name\":\"Accidents r\u00e9p\u00e9t\u00e9s sur les routes au B\u00e9nin : Daniel Edah r\u00e9v\u00e8le le probl\u00e8me et propose une solution\"}]},{\"@type\":\"WebSite\",\"@id\":\"https:\\\/\\\/lepatriotebenin.com\\\/#website\",\"url\":\"https:\\\/\\\/lepatriotebenin.com\\\/\",\"name\":\"Le Patriote\",\"description\":\"Le Patriote B\u00e9nin\",\"potentialAction\":[{\"@type\":\"SearchAction\",\"target\":{\"@type\":\"EntryPoint\",\"urlTemplate\":\"https:\\\/\\\/lepatriotebenin.com\\\/?s={search_term_string}\"},\"query-input\":{\"@type\":\"PropertyValueSpecification\",\"valueRequired\":true,\"valueName\":\"search_term_string\"}}],\"inLanguage\":\"fr-FR\"},{\"@type\":\"Person\",\"@id\":\"https:\\\/\\\/lepatriotebenin.com\\\/#\\\/schema\\\/person\\\/4a9b67216c97d04045e01405c534c91f\",\"name\":\"Roland AFFANOU\",\"image\":{\"@type\":\"ImageObject\",\"inLanguage\":\"fr-FR\",\"@id\":\"https:\\\/\\\/secure.gravatar.com\\\/avatar\\\/7209d3f6d2d47ea4d0c67e14d3effb61feb10ae540a4381280c66265de5bd643?s=96&d=mm&r=g\",\"url\":\"https:\\\/\\\/secure.gravatar.com\\\/avatar\\\/7209d3f6d2d47ea4d0c67e14d3effb61feb10ae540a4381280c66265de5bd643?s=96&d=mm&r=g\",\"contentUrl\":\"https:\\\/\\\/secure.gravatar.com\\\/avatar\\\/7209d3f6d2d47ea4d0c67e14d3effb61feb10ae540a4381280c66265de5bd643?s=96&d=mm&r=g\",\"caption\":\"Roland AFFANOU\"},\"url\":\"https:\\\/\\\/lepatriotebenin.com\"}]}<\/script>\n<!-- \/ Yoast SEO plugin. -->","yoast_head_json":{"title":"Accidents r\u00e9p\u00e9t\u00e9s sur les routes au B\u00e9nin : Daniel Edah r\u00e9v\u00e8le le probl\u00e8me et propose une solution - Le Patriote","robots":{"index":"index","follow":"follow","max-snippet":"max-snippet:-1","max-image-preview":"max-image-preview:large","max-video-preview":"max-video-preview:-1"},"canonical":"https:\/\/lepatriotebenin.com\/index.php\/2025\/06\/30\/accidents-repetes-sur-les-routes-au-benin-daniel-edah-revele-le-probleme-et-propose-une-solution\/","og_locale":"fr_FR","og_type":"article","og_title":"Accidents r\u00e9p\u00e9t\u00e9s sur les routes au B\u00e9nin : Daniel Edah r\u00e9v\u00e8le le probl\u00e8me et propose une solution - Le Patriote","og_description":"&nbsp;Le pr\u00e9sident du Mouvement \u00ab&nbsp;Ensemble Nous le Ferons&nbsp;\u00bb, Daniel Edah a \u00e9t\u00e9 re\u00e7u le dimanche 29&nbsp; juin 2025 dans l\u2019\u00e9mission \u00abEntretien&nbsp;Grand Format&nbsp;\u00bb de BIP de radio. Il s\u2019est prononc\u00e9 sur&hellip;","og_url":"https:\/\/lepatriotebenin.com\/index.php\/2025\/06\/30\/accidents-repetes-sur-les-routes-au-benin-daniel-edah-revele-le-probleme-et-propose-une-solution\/","og_site_name":"Le Patriote","article_published_time":"2025-06-30T18:27:56+00:00","article_modified_time":"2025-06-30T18:35:44+00:00","og_image":[{"width":500,"height":500,"url":"https:\/\/lepatriotebenin.com\/wp-content\/uploads\/2025\/06\/473016507-1121077519397575-2755301195921105374-n.jpg","type":"image\/jpeg"}],"author":"Roland AFFANOU","twitter_card":"summary_large_image","twitter_misc":{"\u00c9crit par":"Roland AFFANOU","Dur\u00e9e de lecture estim\u00e9e":"2 minutes"},"schema":{"@context":"https:\/\/schema.org","@graph":[{"@type":"Article","@id":"https:\/\/lepatriotebenin.com\/index.php\/2025\/06\/30\/accidents-repetes-sur-les-routes-au-benin-daniel-edah-revele-le-probleme-et-propose-une-solution\/#article","isPartOf":{"@id":"https:\/\/lepatriotebenin.com\/index.php\/2025\/06\/30\/accidents-repetes-sur-les-routes-au-benin-daniel-edah-revele-le-probleme-et-propose-une-solution\/"},"author":{"name":"Roland AFFANOU","@id":"https:\/\/lepatriotebenin.com\/#\/schema\/person\/4a9b67216c97d04045e01405c534c91f"},"headline":"Accidents r\u00e9p\u00e9t\u00e9s sur les routes au B\u00e9nin : Daniel Edah r\u00e9v\u00e8le le probl\u00e8me et propose une solution","datePublished":"2025-06-30T18:27:56+00:00","dateModified":"2025-06-30T18:35:44+00:00","mainEntityOfPage":{"@id":"https:\/\/lepatriotebenin.com\/index.php\/2025\/06\/30\/accidents-repetes-sur-les-routes-au-benin-daniel-edah-revele-le-probleme-et-propose-une-solution\/"},"wordCount":479,"commentCount":0,"image":{"@id":"https:\/\/lepatriotebenin.com\/index.php\/2025\/06\/30\/accidents-repetes-sur-les-routes-au-benin-daniel-edah-revele-le-probleme-et-propose-une-solution\/#primaryimage"},"thumbnailUrl":"https:\/\/lepatriotebenin.com\/wp-content\/uploads\/2025\/06\/473016507-1121077519397575-2755301195921105374-n.jpg","articleSection":["Politique"],"inLanguage":"fr-FR","potentialAction":[{"@type":"CommentAction","name":"Comment","target":["https:\/\/lepatriotebenin.com\/index.php\/2025\/06\/30\/accidents-repetes-sur-les-routes-au-benin-daniel-edah-revele-le-probleme-et-propose-une-solution\/#respond"]}]},{"@type":"WebPage","@id":"https:\/\/lepatriotebenin.com\/index.php\/2025\/06\/30\/accidents-repetes-sur-les-routes-au-benin-daniel-edah-revele-le-probleme-et-propose-une-solution\/","url":"https:\/\/lepatriotebenin.com\/index.php\/2025\/06\/30\/accidents-repetes-sur-les-routes-au-benin-daniel-edah-revele-le-probleme-et-propose-une-solution\/","name":"Accidents r\u00e9p\u00e9t\u00e9s sur les routes au B\u00e9nin : Daniel Edah r\u00e9v\u00e8le le probl\u00e8me et propose une solution - Le Patriote","isPartOf":{"@id":"https:\/\/lepatriotebenin.com\/#website"},"primaryImageOfPage":{"@id":"https:\/\/lepatriotebenin.com\/index.php\/2025\/06\/30\/accidents-repetes-sur-les-routes-au-benin-daniel-edah-revele-le-probleme-et-propose-une-solution\/#primaryimage"},"image":{"@id":"https:\/\/lepatriotebenin.com\/index.php\/2025\/06\/30\/accidents-repetes-sur-les-routes-au-benin-daniel-edah-revele-le-probleme-et-propose-une-solution\/#primaryimage"},"thumbnailUrl":"https:\/\/lepatriotebenin.com\/wp-content\/uploads\/2025\/06\/473016507-1121077519397575-2755301195921105374-n.jpg","datePublished":"2025-06-30T18:27:56+00:00","dateModified":"2025-06-30T18:35:44+00:00","author":{"@id":"https:\/\/lepatriotebenin.com\/#\/schema\/person\/4a9b67216c97d04045e01405c534c91f"},"breadcrumb":{"@id":"https:\/\/lepatriotebenin.com\/index.php\/2025\/06\/30\/accidents-repetes-sur-les-routes-au-benin-daniel-edah-revele-le-probleme-et-propose-une-solution\/#breadcrumb"},"inLanguage":"fr-FR","potentialAction":[{"@type":"ReadAction","target":["https:\/\/lepatriotebenin.com\/index.php\/2025\/06\/30\/accidents-repetes-sur-les-routes-au-benin-daniel-edah-revele-le-probleme-et-propose-une-solution\/"]}]},{"@type":"ImageObject","inLanguage":"fr-FR","@id":"https:\/\/lepatriotebenin.com\/index.php\/2025\/06\/30\/accidents-repetes-sur-les-routes-au-benin-daniel-edah-revele-le-probleme-et-propose-une-solution\/#primaryimage","url":"https:\/\/lepatriotebenin.com\/wp-content\/uploads\/2025\/06\/473016507-1121077519397575-2755301195921105374-n.jpg","contentUrl":"https:\/\/lepatriotebenin.com\/wp-content\/uploads\/2025\/06\/473016507-1121077519397575-2755301195921105374-n.jpg","width":500,"height":500},{"@type":"BreadcrumbList","@id":"https:\/\/lepatriotebenin.com\/index.php\/2025\/06\/30\/accidents-repetes-sur-les-routes-au-benin-daniel-edah-revele-le-probleme-et-propose-une-solution\/#breadcrumb","itemListElement":[{"@type":"ListItem","position":1,"name":"Accueil","item":"https:\/\/lepatriotebenin.com\/"},{"@type":"ListItem","position":2,"name":"Accidents r\u00e9p\u00e9t\u00e9s sur les routes au B\u00e9nin : Daniel Edah r\u00e9v\u00e8le le probl\u00e8me et propose une solution"}]},{"@type":"WebSite","@id":"https:\/\/lepatriotebenin.com\/#website","url":"https:\/\/lepatriotebenin.com\/","name":"Le Patriote","description":"Le Patriote B\u00e9nin","potentialAction":[{"@type":"SearchAction","target":{"@type":"EntryPoint","urlTemplate":"https:\/\/lepatriotebenin.com\/?s={search_term_string}"},"query-input":{"@type":"PropertyValueSpecification","valueRequired":true,"valueName":"search_term_string"}}],"inLanguage":"fr-FR"},{"@type":"Person","@id":"https:\/\/lepatriotebenin.com\/#\/schema\/person\/4a9b67216c97d04045e01405c534c91f","name":"Roland AFFANOU","image":{"@type":"ImageObject","inLanguage":"fr-FR","@id":"https:\/\/secure.gravatar.com\/avatar\/7209d3f6d2d47ea4d0c67e14d3effb61feb10ae540a4381280c66265de5bd643?s=96&d=mm&r=g","url":"https:\/\/secure.gravatar.com\/avatar\/7209d3f6d2d47ea4d0c67e14d3effb61feb10ae540a4381280c66265de5bd643?s=96&d=mm&r=g","contentUrl":"https:\/\/secure.gravatar.com\/avatar\/7209d3f6d2d47ea4d0c67e14d3effb61feb10ae540a4381280c66265de5bd643?s=96&d=mm&r=g","caption":"Roland AFFANOU"},"url":"https:\/\/lepatriotebenin.com"}]}},"_links":{"self":[{"href":"https:\/\/lepatriotebenin.com\/index.php\/wp-json\/wp\/v2\/posts\/11525","targetHints":{"allow":["GET"]}}],"collection":[{"href":"https:\/\/lepatriotebenin.com\/index.php\/wp-json\/wp\/v2\/posts"}],"about":[{"href":"https:\/\/lepatriotebenin.com\/index.php\/wp-json\/wp\/v2\/types\/post"}],"author":[{"embeddable":true,"href":"https:\/\/lepatriotebenin.com\/index.php\/wp-json\/wp\/v2\/users\/6"}],"replies":[{"embeddable":true,"href":"https:\/\/lepatriotebenin.com\/index.php\/wp-json\/wp\/v2\/comments?post=11525"}],"version-history":[{"count":2,"href":"https:\/\/lepatriotebenin.com\/index.php\/wp-json\/wp\/v2\/posts\/11525\/revisions"}],"predecessor-version":[{"id":11527,"href":"https:\/\/lepatriotebenin.com\/index.php\/wp-json\/wp\/v2\/posts\/11525\/revisions\/11527"}],"wp:featuredmedia":[{"embeddable":true,"href":"https:\/\/lepatriotebenin.com\/index.php\/wp-json\/wp\/v2\/media\/11528"}],"wp:attachment":[{"href":"https:\/\/lepatriotebenin.com\/index.php\/wp-json\/wp\/v2\/media?parent=11525"}],"wp:term":[{"taxonomy":"category","embeddable":true,"href":"https:\/\/lepatriotebenin.com\/index.php\/wp-json\/wp\/v2\/categories?post=11525"},{"taxonomy":"post_tag","embeddable":true,"href":"https:\/\/lepatriotebenin.com\/index.php\/wp-json\/wp\/v2\/tags?post=11525"}],"curies":[{"name":"wp","href":"https:\/\/api.w.org\/{rel}","templated":true}]}}