{"id":11513,"date":"2025-06-30T18:10:08","date_gmt":"2025-06-30T16:10:08","guid":{"rendered":"https:\/\/lepatriotebenin.com\/?p=11513"},"modified":"2025-06-30T19:22:56","modified_gmt":"2025-06-30T17:22:56","slug":"benin-escale-du-patrouilleur-de-haute-mer-commandant-bouan-a-cotonou","status":"publish","type":"post","link":"https:\/\/lepatriotebenin.com\/index.php\/2025\/06\/30\/benin-escale-du-patrouilleur-de-haute-mer-commandant-bouan-a-cotonou\/","title":{"rendered":"B\u00e9nin\u00a0: Escale du patrouilleur de haute mer Commandant Bouan \u00e0 Cotonou"},"content":{"rendered":"\n<p><em><strong>Le patrouilleur de haute mer Commandant Bouan est arriv\u00e9 \u00e0 Cotonou ce lundi 30 juin pour une escale qui se poursuivra jusqu\u2019au 4 juillet. Une visite qui s\u2019inscrit dans le cadre<\/strong><\/em><strong> de l\u2019op\u00e9ration CORYMBE qui vise \u00e0 renforcer la coop\u00e9ration maritime r\u00e9gionale et la lutte contre les trafics et l\u2019ins\u00e9curit\u00e9 dans le Golfe de Guin\u00e9e.&nbsp;<strong>Il faut signaler&nbsp; que <em>l<\/em>e patrouilleur de haute mer (PHM) Commandant Bouan est <strong>un navire de la Marine Nationale fran\u00e7aise, principalement utilis\u00e9 pour des missions de surveillance, de police des p\u00eaches, et de lutte contre les trafics illicites, notamment dans le golfe de Guin\u00e9e et en M\u00e9diterran\u00e9e<\/strong>.&nbsp;Il participe \u00e9galement \u00e0 des exercices avec d&rsquo;autres marines et soutient les marines locales dans le cadre de la coop\u00e9ration r\u00e9gional.<\/strong>Lire &nbsp;le communiqu\u00e9 ci-dessous <\/strong><\/p>\n\n\n\n<div data-wp-interactive=\"core\/file\" class=\"wp-block-file\"><object data-wp-bind--hidden=\"!state.hasPdfPreview\" hidden class=\"wp-block-file__embed\" data=\"https:\/\/lepatriotebenin.com\/wp-content\/uploads\/2025\/06\/communique-de-presse-phm-bouan-30-06-25-1.pdf\" type=\"application\/pdf\" style=\"width:100%;height:1050px\" aria-label=\"Contenu embarqu\u00e9 communique-de-presse-phm-bouan-30-06-25-1.\"><\/object><a id=\"wp-block-file--media-77b9eb4f-81d7-41bf-8425-40477949ab04\" href=\"https:\/\/lepatriotebenin.com\/wp-content\/uploads\/2025\/06\/communique-de-presse-phm-bouan-30-06-25-1.pdf\">communique-de-presse-phm-bouan-30-06-25-1<\/a><a href=\"https:\/\/lepatriotebenin.com\/wp-content\/uploads\/2025\/06\/communique-de-presse-phm-bouan-30-06-25-1.pdf\" class=\"wp-block-file__button wp-element-button\" download aria-describedby=\"wp-block-file--media-77b9eb4f-81d7-41bf-8425-40477949ab04\">T\u00e9l\u00e9charger<\/a><\/div>\n\n\n\n<figure class=\"wp-block-image size-large\"><img fetchpriority=\"high\" decoding=\"async\" width=\"852\" height=\"1024\" src=\"https:\/\/lepatriotebenin.com\/wp-content\/uploads\/2025\/06\/communique-55-1-852x1024.jpg\" alt=\"\" class=\"wp-image-11523\" srcset=\"https:\/\/lepatriotebenin.com\/wp-content\/uploads\/2025\/06\/communique-55-1-852x1024.jpg 852w, https:\/\/lepatriotebenin.com\/wp-content\/uploads\/2025\/06\/communique-55-1-250x300.jpg 250w, https:\/\/lepatriotebenin.com\/wp-content\/uploads\/2025\/06\/communique-55-1-768x923.jpg 768w, https:\/\/lepatriotebenin.com\/wp-content\/uploads\/2025\/06\/communique-55-1-585x703.jpg 585w, https:\/\/lepatriotebenin.com\/wp-content\/uploads\/2025\/06\/communique-55-1.jpg 1065w\" sizes=\"(max-width: 852px) 100vw, 852px\" \/><\/figure>\n","protected":false},"excerpt":{"rendered":"<p>Le patrouilleur de haute mer Commandant Bouan est arriv\u00e9 \u00e0 Cotonou ce lundi 30 juin pour une escale qui se poursuivra jusqu\u2019au 4 juillet. Une visite qui s\u2019inscrit dans le&hellip;<\/p>\n","protected":false},"author":6,"featured_media":11515,"comment_status":"open","ping_status":"open","sticky":false,"template":"","format":"standard","meta":{"content-type":"","om_disable_all_campaigns":false,"_monsterinsights_skip_tracking":false,"_monsterinsights_sitenote_active":false,"_monsterinsights_sitenote_note":"","_monsterinsights_sitenote_category":0,"_uf_show_specific_survey":0,"_uf_disable_surveys":false,"footnotes":""},"categories":[20],"tags":[],"class_list":["post-11513","post","type-post","status-publish","format-standard","has-post-thumbnail","hentry","category-societe"],"aioseo_notices":[],"yoast_head":"<!-- This site is optimized with the Yoast SEO plugin v27.5 - https:\/\/yoast.com\/product\/yoast-seo-wordpress\/ -->\n<title>B\u00e9nin\u00a0: Escale du patrouilleur de haute mer Commandant Bouan \u00e0 Cotonou - Le Patriote<\/title>\n<meta name=\"robots\" content=\"index, follow, max-snippet:-1, max-image-preview:large, max-video-preview:-1\" \/>\n<link rel=\"canonical\" href=\"https:\/\/lepatriotebenin.com\/index.php\/2025\/06\/30\/benin-escale-du-patrouilleur-de-haute-mer-commandant-bouan-a-cotonou\/\" \/>\n<meta property=\"og:locale\" content=\"fr_FR\" \/>\n<meta property=\"og:type\" content=\"article\" \/>\n<meta property=\"og:title\" content=\"B\u00e9nin\u00a0: Escale du patrouilleur de haute mer Commandant Bouan \u00e0 Cotonou - Le Patriote\" \/>\n<meta property=\"og:description\" content=\"Le patrouilleur de haute mer Commandant Bouan est arriv\u00e9 \u00e0 Cotonou ce lundi 30 juin pour une escale qui se poursuivra jusqu\u2019au 4 juillet. Une visite qui s\u2019inscrit dans le&hellip;\" \/>\n<meta property=\"og:url\" content=\"https:\/\/lepatriotebenin.com\/index.php\/2025\/06\/30\/benin-escale-du-patrouilleur-de-haute-mer-commandant-bouan-a-cotonou\/\" \/>\n<meta property=\"og:site_name\" content=\"Le Patriote\" \/>\n<meta property=\"article:published_time\" content=\"2025-06-30T16:10:08+00:00\" \/>\n<meta property=\"article:modified_time\" content=\"2025-06-30T17:22:56+00:00\" \/>\n<meta property=\"og:image\" content=\"https:\/\/lepatriotebenin.com\/wp-content\/uploads\/2025\/06\/bateau.webp\" \/>\n\t<meta property=\"og:image:width\" content=\"1200\" \/>\n\t<meta property=\"og:image:height\" content=\"675\" \/>\n\t<meta property=\"og:image:type\" content=\"image\/webp\" \/>\n<meta name=\"author\" content=\"Roland AFFANOU\" \/>\n<meta name=\"twitter:card\" content=\"summary_large_image\" \/>\n<meta name=\"twitter:label1\" content=\"\u00c9crit par\" \/>\n\t<meta name=\"twitter:data1\" content=\"Roland AFFANOU\" \/>\n\t<meta name=\"twitter:label2\" content=\"Dur\u00e9e de lecture estim\u00e9e\" \/>\n\t<meta name=\"twitter:data2\" content=\"1 minute\" \/>\n<script type=\"application\/ld+json\" class=\"yoast-schema-graph\">{\"@context\":\"https:\\\/\\\/schema.org\",\"@graph\":[{\"@type\":\"Article\",\"@id\":\"https:\\\/\\\/lepatriotebenin.com\\\/index.php\\\/2025\\\/06\\\/30\\\/benin-escale-du-patrouilleur-de-haute-mer-commandant-bouan-a-cotonou\\\/#article\",\"isPartOf\":{\"@id\":\"https:\\\/\\\/lepatriotebenin.com\\\/index.php\\\/2025\\\/06\\\/30\\\/benin-escale-du-patrouilleur-de-haute-mer-commandant-bouan-a-cotonou\\\/\"},\"author\":{\"name\":\"Roland AFFANOU\",\"@id\":\"https:\\\/\\\/lepatriotebenin.com\\\/#\\\/schema\\\/person\\\/4a9b67216c97d04045e01405c534c91f\"},\"headline\":\"B\u00e9nin\u00a0: Escale du patrouilleur de haute mer Commandant Bouan \u00e0 Cotonou\",\"datePublished\":\"2025-06-30T16:10:08+00:00\",\"dateModified\":\"2025-06-30T17:22:56+00:00\",\"mainEntityOfPage\":{\"@id\":\"https:\\\/\\\/lepatriotebenin.com\\\/index.php\\\/2025\\\/06\\\/30\\\/benin-escale-du-patrouilleur-de-haute-mer-commandant-bouan-a-cotonou\\\/\"},\"wordCount\":161,\"commentCount\":0,\"image\":{\"@id\":\"https:\\\/\\\/lepatriotebenin.com\\\/index.php\\\/2025\\\/06\\\/30\\\/benin-escale-du-patrouilleur-de-haute-mer-commandant-bouan-a-cotonou\\\/#primaryimage\"},\"thumbnailUrl\":\"https:\\\/\\\/lepatriotebenin.com\\\/wp-content\\\/uploads\\\/2025\\\/06\\\/bateau.webp\",\"articleSection\":[\"Soci\u00e9t\u00e9\"],\"inLanguage\":\"fr-FR\",\"potentialAction\":[{\"@type\":\"CommentAction\",\"name\":\"Comment\",\"target\":[\"https:\\\/\\\/lepatriotebenin.com\\\/index.php\\\/2025\\\/06\\\/30\\\/benin-escale-du-patrouilleur-de-haute-mer-commandant-bouan-a-cotonou\\\/#respond\"]}]},{\"@type\":\"WebPage\",\"@id\":\"https:\\\/\\\/lepatriotebenin.com\\\/index.php\\\/2025\\\/06\\\/30\\\/benin-escale-du-patrouilleur-de-haute-mer-commandant-bouan-a-cotonou\\\/\",\"url\":\"https:\\\/\\\/lepatriotebenin.com\\\/index.php\\\/2025\\\/06\\\/30\\\/benin-escale-du-patrouilleur-de-haute-mer-commandant-bouan-a-cotonou\\\/\",\"name\":\"B\u00e9nin\u00a0: Escale du patrouilleur de haute mer Commandant Bouan \u00e0 Cotonou - Le Patriote\",\"isPartOf\":{\"@id\":\"https:\\\/\\\/lepatriotebenin.com\\\/#website\"},\"primaryImageOfPage\":{\"@id\":\"https:\\\/\\\/lepatriotebenin.com\\\/index.php\\\/2025\\\/06\\\/30\\\/benin-escale-du-patrouilleur-de-haute-mer-commandant-bouan-a-cotonou\\\/#primaryimage\"},\"image\":{\"@id\":\"https:\\\/\\\/lepatriotebenin.com\\\/index.php\\\/2025\\\/06\\\/30\\\/benin-escale-du-patrouilleur-de-haute-mer-commandant-bouan-a-cotonou\\\/#primaryimage\"},\"thumbnailUrl\":\"https:\\\/\\\/lepatriotebenin.com\\\/wp-content\\\/uploads\\\/2025\\\/06\\\/bateau.webp\",\"datePublished\":\"2025-06-30T16:10:08+00:00\",\"dateModified\":\"2025-06-30T17:22:56+00:00\",\"author\":{\"@id\":\"https:\\\/\\\/lepatriotebenin.com\\\/#\\\/schema\\\/person\\\/4a9b67216c97d04045e01405c534c91f\"},\"breadcrumb\":{\"@id\":\"https:\\\/\\\/lepatriotebenin.com\\\/index.php\\\/2025\\\/06\\\/30\\\/benin-escale-du-patrouilleur-de-haute-mer-commandant-bouan-a-cotonou\\\/#breadcrumb\"},\"inLanguage\":\"fr-FR\",\"potentialAction\":[{\"@type\":\"ReadAction\",\"target\":[\"https:\\\/\\\/lepatriotebenin.com\\\/index.php\\\/2025\\\/06\\\/30\\\/benin-escale-du-patrouilleur-de-haute-mer-commandant-bouan-a-cotonou\\\/\"]}]},{\"@type\":\"ImageObject\",\"inLanguage\":\"fr-FR\",\"@id\":\"https:\\\/\\\/lepatriotebenin.com\\\/index.php\\\/2025\\\/06\\\/30\\\/benin-escale-du-patrouilleur-de-haute-mer-commandant-bouan-a-cotonou\\\/#primaryimage\",\"url\":\"https:\\\/\\\/lepatriotebenin.com\\\/wp-content\\\/uploads\\\/2025\\\/06\\\/bateau.webp\",\"contentUrl\":\"https:\\\/\\\/lepatriotebenin.com\\\/wp-content\\\/uploads\\\/2025\\\/06\\\/bateau.webp\",\"width\":1200,\"height\":675},{\"@type\":\"BreadcrumbList\",\"@id\":\"https:\\\/\\\/lepatriotebenin.com\\\/index.php\\\/2025\\\/06\\\/30\\\/benin-escale-du-patrouilleur-de-haute-mer-commandant-bouan-a-cotonou\\\/#breadcrumb\",\"itemListElement\":[{\"@type\":\"ListItem\",\"position\":1,\"name\":\"Accueil\",\"item\":\"https:\\\/\\\/lepatriotebenin.com\\\/\"},{\"@type\":\"ListItem\",\"position\":2,\"name\":\"B\u00e9nin\u00a0: Escale du patrouilleur de haute mer Commandant Bouan \u00e0 Cotonou\"}]},{\"@type\":\"WebSite\",\"@id\":\"https:\\\/\\\/lepatriotebenin.com\\\/#website\",\"url\":\"https:\\\/\\\/lepatriotebenin.com\\\/\",\"name\":\"Le Patriote\",\"description\":\"Le Patriote B\u00e9nin\",\"potentialAction\":[{\"@type\":\"SearchAction\",\"target\":{\"@type\":\"EntryPoint\",\"urlTemplate\":\"https:\\\/\\\/lepatriotebenin.com\\\/?s={search_term_string}\"},\"query-input\":{\"@type\":\"PropertyValueSpecification\",\"valueRequired\":true,\"valueName\":\"search_term_string\"}}],\"inLanguage\":\"fr-FR\"},{\"@type\":\"Person\",\"@id\":\"https:\\\/\\\/lepatriotebenin.com\\\/#\\\/schema\\\/person\\\/4a9b67216c97d04045e01405c534c91f\",\"name\":\"Roland AFFANOU\",\"image\":{\"@type\":\"ImageObject\",\"inLanguage\":\"fr-FR\",\"@id\":\"https:\\\/\\\/secure.gravatar.com\\\/avatar\\\/7209d3f6d2d47ea4d0c67e14d3effb61feb10ae540a4381280c66265de5bd643?s=96&d=mm&r=g\",\"url\":\"https:\\\/\\\/secure.gravatar.com\\\/avatar\\\/7209d3f6d2d47ea4d0c67e14d3effb61feb10ae540a4381280c66265de5bd643?s=96&d=mm&r=g\",\"contentUrl\":\"https:\\\/\\\/secure.gravatar.com\\\/avatar\\\/7209d3f6d2d47ea4d0c67e14d3effb61feb10ae540a4381280c66265de5bd643?s=96&d=mm&r=g\",\"caption\":\"Roland AFFANOU\"},\"url\":\"https:\\\/\\\/lepatriotebenin.com\"}]}<\/script>\n<!-- \/ Yoast SEO plugin. -->","yoast_head_json":{"title":"B\u00e9nin\u00a0: Escale du patrouilleur de haute mer Commandant Bouan \u00e0 Cotonou - Le Patriote","robots":{"index":"index","follow":"follow","max-snippet":"max-snippet:-1","max-image-preview":"max-image-preview:large","max-video-preview":"max-video-preview:-1"},"canonical":"https:\/\/lepatriotebenin.com\/index.php\/2025\/06\/30\/benin-escale-du-patrouilleur-de-haute-mer-commandant-bouan-a-cotonou\/","og_locale":"fr_FR","og_type":"article","og_title":"B\u00e9nin\u00a0: Escale du patrouilleur de haute mer Commandant Bouan \u00e0 Cotonou - Le Patriote","og_description":"Le patrouilleur de haute mer Commandant Bouan est arriv\u00e9 \u00e0 Cotonou ce lundi 30 juin pour une escale qui se poursuivra jusqu\u2019au 4 juillet. Une visite qui s\u2019inscrit dans le&hellip;","og_url":"https:\/\/lepatriotebenin.com\/index.php\/2025\/06\/30\/benin-escale-du-patrouilleur-de-haute-mer-commandant-bouan-a-cotonou\/","og_site_name":"Le Patriote","article_published_time":"2025-06-30T16:10:08+00:00","article_modified_time":"2025-06-30T17:22:56+00:00","og_image":[{"width":1200,"height":675,"url":"https:\/\/lepatriotebenin.com\/wp-content\/uploads\/2025\/06\/bateau.webp","type":"image\/webp"}],"author":"Roland AFFANOU","twitter_card":"summary_large_image","twitter_misc":{"\u00c9crit par":"Roland AFFANOU","Dur\u00e9e de lecture estim\u00e9e":"1 minute"},"schema":{"@context":"https:\/\/schema.org","@graph":[{"@type":"Article","@id":"https:\/\/lepatriotebenin.com\/index.php\/2025\/06\/30\/benin-escale-du-patrouilleur-de-haute-mer-commandant-bouan-a-cotonou\/#article","isPartOf":{"@id":"https:\/\/lepatriotebenin.com\/index.php\/2025\/06\/30\/benin-escale-du-patrouilleur-de-haute-mer-commandant-bouan-a-cotonou\/"},"author":{"name":"Roland AFFANOU","@id":"https:\/\/lepatriotebenin.com\/#\/schema\/person\/4a9b67216c97d04045e01405c534c91f"},"headline":"B\u00e9nin\u00a0: Escale du patrouilleur de haute mer Commandant Bouan \u00e0 Cotonou","datePublished":"2025-06-30T16:10:08+00:00","dateModified":"2025-06-30T17:22:56+00:00","mainEntityOfPage":{"@id":"https:\/\/lepatriotebenin.com\/index.php\/2025\/06\/30\/benin-escale-du-patrouilleur-de-haute-mer-commandant-bouan-a-cotonou\/"},"wordCount":161,"commentCount":0,"image":{"@id":"https:\/\/lepatriotebenin.com\/index.php\/2025\/06\/30\/benin-escale-du-patrouilleur-de-haute-mer-commandant-bouan-a-cotonou\/#primaryimage"},"thumbnailUrl":"https:\/\/lepatriotebenin.com\/wp-content\/uploads\/2025\/06\/bateau.webp","articleSection":["Soci\u00e9t\u00e9"],"inLanguage":"fr-FR","potentialAction":[{"@type":"CommentAction","name":"Comment","target":["https:\/\/lepatriotebenin.com\/index.php\/2025\/06\/30\/benin-escale-du-patrouilleur-de-haute-mer-commandant-bouan-a-cotonou\/#respond"]}]},{"@type":"WebPage","@id":"https:\/\/lepatriotebenin.com\/index.php\/2025\/06\/30\/benin-escale-du-patrouilleur-de-haute-mer-commandant-bouan-a-cotonou\/","url":"https:\/\/lepatriotebenin.com\/index.php\/2025\/06\/30\/benin-escale-du-patrouilleur-de-haute-mer-commandant-bouan-a-cotonou\/","name":"B\u00e9nin\u00a0: Escale du patrouilleur de haute mer Commandant Bouan \u00e0 Cotonou - Le Patriote","isPartOf":{"@id":"https:\/\/lepatriotebenin.com\/#website"},"primaryImageOfPage":{"@id":"https:\/\/lepatriotebenin.com\/index.php\/2025\/06\/30\/benin-escale-du-patrouilleur-de-haute-mer-commandant-bouan-a-cotonou\/#primaryimage"},"image":{"@id":"https:\/\/lepatriotebenin.com\/index.php\/2025\/06\/30\/benin-escale-du-patrouilleur-de-haute-mer-commandant-bouan-a-cotonou\/#primaryimage"},"thumbnailUrl":"https:\/\/lepatriotebenin.com\/wp-content\/uploads\/2025\/06\/bateau.webp","datePublished":"2025-06-30T16:10:08+00:00","dateModified":"2025-06-30T17:22:56+00:00","author":{"@id":"https:\/\/lepatriotebenin.com\/#\/schema\/person\/4a9b67216c97d04045e01405c534c91f"},"breadcrumb":{"@id":"https:\/\/lepatriotebenin.com\/index.php\/2025\/06\/30\/benin-escale-du-patrouilleur-de-haute-mer-commandant-bouan-a-cotonou\/#breadcrumb"},"inLanguage":"fr-FR","potentialAction":[{"@type":"ReadAction","target":["https:\/\/lepatriotebenin.com\/index.php\/2025\/06\/30\/benin-escale-du-patrouilleur-de-haute-mer-commandant-bouan-a-cotonou\/"]}]},{"@type":"ImageObject","inLanguage":"fr-FR","@id":"https:\/\/lepatriotebenin.com\/index.php\/2025\/06\/30\/benin-escale-du-patrouilleur-de-haute-mer-commandant-bouan-a-cotonou\/#primaryimage","url":"https:\/\/lepatriotebenin.com\/wp-content\/uploads\/2025\/06\/bateau.webp","contentUrl":"https:\/\/lepatriotebenin.com\/wp-content\/uploads\/2025\/06\/bateau.webp","width":1200,"height":675},{"@type":"BreadcrumbList","@id":"https:\/\/lepatriotebenin.com\/index.php\/2025\/06\/30\/benin-escale-du-patrouilleur-de-haute-mer-commandant-bouan-a-cotonou\/#breadcrumb","itemListElement":[{"@type":"ListItem","position":1,"name":"Accueil","item":"https:\/\/lepatriotebenin.com\/"},{"@type":"ListItem","position":2,"name":"B\u00e9nin\u00a0: Escale du patrouilleur de haute mer Commandant Bouan \u00e0 Cotonou"}]},{"@type":"WebSite","@id":"https:\/\/lepatriotebenin.com\/#website","url":"https:\/\/lepatriotebenin.com\/","name":"Le Patriote","description":"Le Patriote B\u00e9nin","potentialAction":[{"@type":"SearchAction","target":{"@type":"EntryPoint","urlTemplate":"https:\/\/lepatriotebenin.com\/?s={search_term_string}"},"query-input":{"@type":"PropertyValueSpecification","valueRequired":true,"valueName":"search_term_string"}}],"inLanguage":"fr-FR"},{"@type":"Person","@id":"https:\/\/lepatriotebenin.com\/#\/schema\/person\/4a9b67216c97d04045e01405c534c91f","name":"Roland AFFANOU","image":{"@type":"ImageObject","inLanguage":"fr-FR","@id":"https:\/\/secure.gravatar.com\/avatar\/7209d3f6d2d47ea4d0c67e14d3effb61feb10ae540a4381280c66265de5bd643?s=96&d=mm&r=g","url":"https:\/\/secure.gravatar.com\/avatar\/7209d3f6d2d47ea4d0c67e14d3effb61feb10ae540a4381280c66265de5bd643?s=96&d=mm&r=g","contentUrl":"https:\/\/secure.gravatar.com\/avatar\/7209d3f6d2d47ea4d0c67e14d3effb61feb10ae540a4381280c66265de5bd643?s=96&d=mm&r=g","caption":"Roland AFFANOU"},"url":"https:\/\/lepatriotebenin.com"}]}},"_links":{"self":[{"href":"https:\/\/lepatriotebenin.com\/index.php\/wp-json\/wp\/v2\/posts\/11513","targetHints":{"allow":["GET"]}}],"collection":[{"href":"https:\/\/lepatriotebenin.com\/index.php\/wp-json\/wp\/v2\/posts"}],"about":[{"href":"https:\/\/lepatriotebenin.com\/index.php\/wp-json\/wp\/v2\/types\/post"}],"author":[{"embeddable":true,"href":"https:\/\/lepatriotebenin.com\/index.php\/wp-json\/wp\/v2\/users\/6"}],"replies":[{"embeddable":true,"href":"https:\/\/lepatriotebenin.com\/index.php\/wp-json\/wp\/v2\/comments?post=11513"}],"version-history":[{"count":4,"href":"https:\/\/lepatriotebenin.com\/index.php\/wp-json\/wp\/v2\/posts\/11513\/revisions"}],"predecessor-version":[{"id":11524,"href":"https:\/\/lepatriotebenin.com\/index.php\/wp-json\/wp\/v2\/posts\/11513\/revisions\/11524"}],"wp:featuredmedia":[{"embeddable":true,"href":"https:\/\/lepatriotebenin.com\/index.php\/wp-json\/wp\/v2\/media\/11515"}],"wp:attachment":[{"href":"https:\/\/lepatriotebenin.com\/index.php\/wp-json\/wp\/v2\/media?parent=11513"}],"wp:term":[{"taxonomy":"category","embeddable":true,"href":"https:\/\/lepatriotebenin.com\/index.php\/wp-json\/wp\/v2\/categories?post=11513"},{"taxonomy":"post_tag","embeddable":true,"href":"https:\/\/lepatriotebenin.com\/index.php\/wp-json\/wp\/v2\/tags?post=11513"}],"curies":[{"name":"wp","href":"https:\/\/api.w.org\/{rel}","templated":true}]}}