{"id":11469,"date":"2025-06-29T17:10:07","date_gmt":"2025-06-29T15:10:07","guid":{"rendered":"https:\/\/lepatriotebenin.com\/?p=11469"},"modified":"2025-06-29T17:10:09","modified_gmt":"2025-06-29T15:10:09","slug":"adjohoun-femmes-et-jeunes-leaders-outilles-pour-la-paix-locale-par-claire-kinifo","status":"publish","type":"post","link":"https:\/\/lepatriotebenin.com\/index.php\/2025\/06\/29\/adjohoun-femmes-et-jeunes-leaders-outilles-pour-la-paix-locale-par-claire-kinifo\/","title":{"rendered":"Adjohoun : femmes et jeunes leaders outill\u00e9s pour la paix locale par Claire KINIFO"},"content":{"rendered":"\n<p>Le Centre P\u00e8re Paul Rival d\u2019Adjohoun a abrit\u00e9, le vendredi 27 juin 2025, une s\u00e9ance de sensibilisation plac\u00e9e sous le th\u00e8me : \u00ab Femmes et jeunes leaders de l\u2019arrondissement d\u2019Adjohoun : acteurs cl\u00e9s pour une paix locale durable \u00bb. Une initiative port\u00e9e par Claire Kinifo Kohogb\u00e8, assistante sociale et b\u00e9n\u00e9ficiaire du Programme d\u2019Appui \u00e0 l\u2019\u00c9galit\u00e9 de Genre (PAEG), avec l\u2019appui du consortium RIFONGA\u2013WANEP\u2013FENEP.<\/p>\n\n\n\n<p>\u00c0 travers cette activit\u00e9, Claire Kinifo entend contribuer au renforcement des dynamiques communautaires de paix, en impliquant des couches souvent en premi\u00e8re ligne face aux tensions locales : les femmes et les jeunes. \u00ab L\u2019objectif est de faire comprendre \u00e0 ces acteurs qu\u2019ils ont un r\u00f4le majeur \u00e0 jouer dans la pr\u00e9vention des conflits et la consolidation de la paix \u00bb, a-t-elle pr\u00e9cis\u00e9.<\/p>\n\n\n\n<p>La repr\u00e9sentante du consortium, Aurore Diane Kindji Zinsou, a salu\u00e9 cette d\u00e9marche citoyenne. Elle a rappel\u00e9 que le micro-projet s\u2019inscrit dans le cadre du Programme d\u2019Appui \u00e0 l\u2019\u00c9galit\u00e9 de Genre, mis en \u0153uvre avec le soutien de la coop\u00e9ration suisse. \u00ab Promouvoir la paix \u00e0 la base, c\u2019est favoriser un d\u00e9veloppement harmonieux de nos communaut\u00e9s \u00bb, a-t-elle soulign\u00e9.<\/p>\n\n\n\n<p>La c\u00e9r\u00e9monie a connu la pr\u00e9sence de plusieurs autorit\u00e9s locales et traditionnelles : le chef de l\u2019arrondissement central d\u2019Adjohoun, des chefs quartiers, des t\u00eates couronn\u00e9es ainsi que le promoteur du Centre P\u00e8re Paul Rival. Le commissaire central de la commune, S\u00e9raphin Tossou, a quant \u00e0 lui salu\u00e9 la pertinence du th\u00e8me et exhort\u00e9 \u00e0 une mobilisation citoyenne pour la paix. \u00ab Chacun, \u00e0 son niveau, peut \u00eatre un facteur de stabilit\u00e9 \u00bb, a-t-il affirm\u00e9.<\/p>\n\n\n\n<p>Le communicateur principal de la rencontre, Florentin Roland Kohogb\u00e8, a distill\u00e9 des messages forts sur les comportements et attitudes \u00e0 adopter pour pr\u00e9server le vivre-ensemble. Il a invit\u00e9 les participants \u00e0 devenir des relais actifs de la culture de la paix dans leurs quartiers et milieux respectifs.<\/p>\n\n\n\n<p>Dans l\u2019assistance, les r\u00e9actions ont \u00e9t\u00e9 favorables. Esa\u00efe Zanninou, jeune leader, estime que l\u2019initiative est \u00ab une source d\u2019inspiration et un appel \u00e0 l\u2019engagement personnel \u00bb.<\/p>\n\n\n\n<p>Claire Kinifo ne compte pas s\u2019arr\u00eater l\u00e0. D\u2019autres actions sont pr\u00e9vues dans les mois \u00e0 venir, toujours dans l\u2019objectif de faire des citoyens d\u2019Adjohoun des acteurs engag\u00e9s pour une paix durable.<\/p>\n\n\n\n<figure class=\"wp-block-image size-large\"><img fetchpriority=\"high\" decoding=\"async\" width=\"1024\" height=\"768\" src=\"https:\/\/lepatriotebenin.com\/wp-content\/uploads\/2025\/06\/claire-2-1024x768.jpg\" alt=\"\" class=\"wp-image-11472\" srcset=\"https:\/\/lepatriotebenin.com\/wp-content\/uploads\/2025\/06\/claire-2-1024x768.jpg 1024w, https:\/\/lepatriotebenin.com\/wp-content\/uploads\/2025\/06\/claire-2-300x225.jpg 300w, https:\/\/lepatriotebenin.com\/wp-content\/uploads\/2025\/06\/claire-2-768x576.jpg 768w, https:\/\/lepatriotebenin.com\/wp-content\/uploads\/2025\/06\/claire-2-585x439.jpg 585w, https:\/\/lepatriotebenin.com\/wp-content\/uploads\/2025\/06\/claire-2.jpg 1040w\" sizes=\"(max-width: 1024px) 100vw, 1024px\" \/><\/figure>\n","protected":false},"excerpt":{"rendered":"<p>Le Centre P\u00e8re Paul Rival d\u2019Adjohoun a abrit\u00e9, le vendredi 27 juin 2025, une s\u00e9ance de sensibilisation plac\u00e9e sous le th\u00e8me : \u00ab Femmes et jeunes leaders de l\u2019arrondissement d\u2019Adjohoun&hellip;<\/p>\n","protected":false},"author":5,"featured_media":11470,"comment_status":"open","ping_status":"open","sticky":false,"template":"","format":"standard","meta":{"content-type":"","om_disable_all_campaigns":false,"_monsterinsights_skip_tracking":false,"_monsterinsights_sitenote_active":false,"_monsterinsights_sitenote_note":"","_monsterinsights_sitenote_category":0,"_uf_show_specific_survey":0,"_uf_disable_surveys":false,"footnotes":""},"categories":[20],"tags":[],"class_list":["post-11469","post","type-post","status-publish","format-standard","has-post-thumbnail","hentry","category-societe"],"aioseo_notices":[],"yoast_head":"<!-- This site is optimized with the Yoast SEO plugin v27.5 - https:\/\/yoast.com\/product\/yoast-seo-wordpress\/ -->\n<title>Adjohoun : femmes et jeunes leaders outill\u00e9s pour la paix locale par Claire KINIFO - Le Patriote<\/title>\n<meta name=\"robots\" content=\"index, follow, max-snippet:-1, max-image-preview:large, max-video-preview:-1\" \/>\n<link rel=\"canonical\" href=\"https:\/\/lepatriotebenin.com\/index.php\/2025\/06\/29\/adjohoun-femmes-et-jeunes-leaders-outilles-pour-la-paix-locale-par-claire-kinifo\/\" \/>\n<meta property=\"og:locale\" content=\"fr_FR\" \/>\n<meta property=\"og:type\" content=\"article\" \/>\n<meta property=\"og:title\" content=\"Adjohoun : femmes et jeunes leaders outill\u00e9s pour la paix locale par Claire KINIFO - Le Patriote\" \/>\n<meta property=\"og:description\" content=\"Le Centre P\u00e8re Paul Rival d\u2019Adjohoun a abrit\u00e9, le vendredi 27 juin 2025, une s\u00e9ance de sensibilisation plac\u00e9e sous le th\u00e8me : \u00ab Femmes et jeunes leaders de l\u2019arrondissement d\u2019Adjohoun&hellip;\" \/>\n<meta property=\"og:url\" content=\"https:\/\/lepatriotebenin.com\/index.php\/2025\/06\/29\/adjohoun-femmes-et-jeunes-leaders-outilles-pour-la-paix-locale-par-claire-kinifo\/\" \/>\n<meta property=\"og:site_name\" content=\"Le Patriote\" \/>\n<meta property=\"article:published_time\" content=\"2025-06-29T15:10:07+00:00\" \/>\n<meta property=\"article:modified_time\" content=\"2025-06-29T15:10:09+00:00\" \/>\n<meta property=\"og:image\" content=\"https:\/\/lepatriotebenin.com\/wp-content\/uploads\/2025\/06\/claire.jpg\" \/>\n\t<meta property=\"og:image:width\" content=\"623\" \/>\n\t<meta property=\"og:image:height\" content=\"299\" \/>\n\t<meta property=\"og:image:type\" content=\"image\/jpeg\" \/>\n<meta name=\"author\" content=\"Redaction\" \/>\n<meta name=\"twitter:card\" content=\"summary_large_image\" \/>\n<meta name=\"twitter:label1\" content=\"\u00c9crit par\" \/>\n\t<meta name=\"twitter:data1\" content=\"Redaction\" \/>\n\t<meta name=\"twitter:label2\" content=\"Dur\u00e9e de lecture estim\u00e9e\" \/>\n\t<meta name=\"twitter:data2\" content=\"2 minutes\" \/>\n<script type=\"application\/ld+json\" class=\"yoast-schema-graph\">{\"@context\":\"https:\\\/\\\/schema.org\",\"@graph\":[{\"@type\":\"Article\",\"@id\":\"https:\\\/\\\/lepatriotebenin.com\\\/index.php\\\/2025\\\/06\\\/29\\\/adjohoun-femmes-et-jeunes-leaders-outilles-pour-la-paix-locale-par-claire-kinifo\\\/#article\",\"isPartOf\":{\"@id\":\"https:\\\/\\\/lepatriotebenin.com\\\/index.php\\\/2025\\\/06\\\/29\\\/adjohoun-femmes-et-jeunes-leaders-outilles-pour-la-paix-locale-par-claire-kinifo\\\/\"},\"author\":{\"name\":\"Redaction\",\"@id\":\"https:\\\/\\\/lepatriotebenin.com\\\/#\\\/schema\\\/person\\\/2e7709b9c9cc313e452d1136af61690f\"},\"headline\":\"Adjohoun : femmes et jeunes leaders outill\u00e9s pour la paix locale par Claire KINIFO\",\"datePublished\":\"2025-06-29T15:10:07+00:00\",\"dateModified\":\"2025-06-29T15:10:09+00:00\",\"mainEntityOfPage\":{\"@id\":\"https:\\\/\\\/lepatriotebenin.com\\\/index.php\\\/2025\\\/06\\\/29\\\/adjohoun-femmes-et-jeunes-leaders-outilles-pour-la-paix-locale-par-claire-kinifo\\\/\"},\"wordCount\":403,\"commentCount\":0,\"image\":{\"@id\":\"https:\\\/\\\/lepatriotebenin.com\\\/index.php\\\/2025\\\/06\\\/29\\\/adjohoun-femmes-et-jeunes-leaders-outilles-pour-la-paix-locale-par-claire-kinifo\\\/#primaryimage\"},\"thumbnailUrl\":\"https:\\\/\\\/lepatriotebenin.com\\\/wp-content\\\/uploads\\\/2025\\\/06\\\/claire.jpg\",\"articleSection\":[\"Soci\u00e9t\u00e9\"],\"inLanguage\":\"fr-FR\",\"potentialAction\":[{\"@type\":\"CommentAction\",\"name\":\"Comment\",\"target\":[\"https:\\\/\\\/lepatriotebenin.com\\\/index.php\\\/2025\\\/06\\\/29\\\/adjohoun-femmes-et-jeunes-leaders-outilles-pour-la-paix-locale-par-claire-kinifo\\\/#respond\"]}]},{\"@type\":\"WebPage\",\"@id\":\"https:\\\/\\\/lepatriotebenin.com\\\/index.php\\\/2025\\\/06\\\/29\\\/adjohoun-femmes-et-jeunes-leaders-outilles-pour-la-paix-locale-par-claire-kinifo\\\/\",\"url\":\"https:\\\/\\\/lepatriotebenin.com\\\/index.php\\\/2025\\\/06\\\/29\\\/adjohoun-femmes-et-jeunes-leaders-outilles-pour-la-paix-locale-par-claire-kinifo\\\/\",\"name\":\"Adjohoun : femmes et jeunes leaders outill\u00e9s pour la paix locale par Claire KINIFO - Le Patriote\",\"isPartOf\":{\"@id\":\"https:\\\/\\\/lepatriotebenin.com\\\/#website\"},\"primaryImageOfPage\":{\"@id\":\"https:\\\/\\\/lepatriotebenin.com\\\/index.php\\\/2025\\\/06\\\/29\\\/adjohoun-femmes-et-jeunes-leaders-outilles-pour-la-paix-locale-par-claire-kinifo\\\/#primaryimage\"},\"image\":{\"@id\":\"https:\\\/\\\/lepatriotebenin.com\\\/index.php\\\/2025\\\/06\\\/29\\\/adjohoun-femmes-et-jeunes-leaders-outilles-pour-la-paix-locale-par-claire-kinifo\\\/#primaryimage\"},\"thumbnailUrl\":\"https:\\\/\\\/lepatriotebenin.com\\\/wp-content\\\/uploads\\\/2025\\\/06\\\/claire.jpg\",\"datePublished\":\"2025-06-29T15:10:07+00:00\",\"dateModified\":\"2025-06-29T15:10:09+00:00\",\"author\":{\"@id\":\"https:\\\/\\\/lepatriotebenin.com\\\/#\\\/schema\\\/person\\\/2e7709b9c9cc313e452d1136af61690f\"},\"breadcrumb\":{\"@id\":\"https:\\\/\\\/lepatriotebenin.com\\\/index.php\\\/2025\\\/06\\\/29\\\/adjohoun-femmes-et-jeunes-leaders-outilles-pour-la-paix-locale-par-claire-kinifo\\\/#breadcrumb\"},\"inLanguage\":\"fr-FR\",\"potentialAction\":[{\"@type\":\"ReadAction\",\"target\":[\"https:\\\/\\\/lepatriotebenin.com\\\/index.php\\\/2025\\\/06\\\/29\\\/adjohoun-femmes-et-jeunes-leaders-outilles-pour-la-paix-locale-par-claire-kinifo\\\/\"]}]},{\"@type\":\"ImageObject\",\"inLanguage\":\"fr-FR\",\"@id\":\"https:\\\/\\\/lepatriotebenin.com\\\/index.php\\\/2025\\\/06\\\/29\\\/adjohoun-femmes-et-jeunes-leaders-outilles-pour-la-paix-locale-par-claire-kinifo\\\/#primaryimage\",\"url\":\"https:\\\/\\\/lepatriotebenin.com\\\/wp-content\\\/uploads\\\/2025\\\/06\\\/claire.jpg\",\"contentUrl\":\"https:\\\/\\\/lepatriotebenin.com\\\/wp-content\\\/uploads\\\/2025\\\/06\\\/claire.jpg\",\"width\":623,\"height\":299},{\"@type\":\"BreadcrumbList\",\"@id\":\"https:\\\/\\\/lepatriotebenin.com\\\/index.php\\\/2025\\\/06\\\/29\\\/adjohoun-femmes-et-jeunes-leaders-outilles-pour-la-paix-locale-par-claire-kinifo\\\/#breadcrumb\",\"itemListElement\":[{\"@type\":\"ListItem\",\"position\":1,\"name\":\"Accueil\",\"item\":\"https:\\\/\\\/lepatriotebenin.com\\\/\"},{\"@type\":\"ListItem\",\"position\":2,\"name\":\"Adjohoun : femmes et jeunes leaders outill\u00e9s pour la paix locale par Claire KINIFO\"}]},{\"@type\":\"WebSite\",\"@id\":\"https:\\\/\\\/lepatriotebenin.com\\\/#website\",\"url\":\"https:\\\/\\\/lepatriotebenin.com\\\/\",\"name\":\"Le Patriote\",\"description\":\"Le Patriote B\u00e9nin\",\"potentialAction\":[{\"@type\":\"SearchAction\",\"target\":{\"@type\":\"EntryPoint\",\"urlTemplate\":\"https:\\\/\\\/lepatriotebenin.com\\\/?s={search_term_string}\"},\"query-input\":{\"@type\":\"PropertyValueSpecification\",\"valueRequired\":true,\"valueName\":\"search_term_string\"}}],\"inLanguage\":\"fr-FR\"},{\"@type\":\"Person\",\"@id\":\"https:\\\/\\\/lepatriotebenin.com\\\/#\\\/schema\\\/person\\\/2e7709b9c9cc313e452d1136af61690f\",\"name\":\"Redaction\",\"image\":{\"@type\":\"ImageObject\",\"inLanguage\":\"fr-FR\",\"@id\":\"https:\\\/\\\/secure.gravatar.com\\\/avatar\\\/c4c509357859ea2ca2cbb6d8812898a73e4ef1ef9934c2e591d7e32face734d1?s=96&d=mm&r=g\",\"url\":\"https:\\\/\\\/secure.gravatar.com\\\/avatar\\\/c4c509357859ea2ca2cbb6d8812898a73e4ef1ef9934c2e591d7e32face734d1?s=96&d=mm&r=g\",\"contentUrl\":\"https:\\\/\\\/secure.gravatar.com\\\/avatar\\\/c4c509357859ea2ca2cbb6d8812898a73e4ef1ef9934c2e591d7e32face734d1?s=96&d=mm&r=g\",\"caption\":\"Redaction\"},\"url\":\"https:\\\/\\\/lepatriotebenin.com\"}]}<\/script>\n<!-- \/ Yoast SEO plugin. -->","yoast_head_json":{"title":"Adjohoun : femmes et jeunes leaders outill\u00e9s pour la paix locale par Claire KINIFO - Le Patriote","robots":{"index":"index","follow":"follow","max-snippet":"max-snippet:-1","max-image-preview":"max-image-preview:large","max-video-preview":"max-video-preview:-1"},"canonical":"https:\/\/lepatriotebenin.com\/index.php\/2025\/06\/29\/adjohoun-femmes-et-jeunes-leaders-outilles-pour-la-paix-locale-par-claire-kinifo\/","og_locale":"fr_FR","og_type":"article","og_title":"Adjohoun : femmes et jeunes leaders outill\u00e9s pour la paix locale par Claire KINIFO - Le Patriote","og_description":"Le Centre P\u00e8re Paul Rival d\u2019Adjohoun a abrit\u00e9, le vendredi 27 juin 2025, une s\u00e9ance de sensibilisation plac\u00e9e sous le th\u00e8me : \u00ab Femmes et jeunes leaders de l\u2019arrondissement d\u2019Adjohoun&hellip;","og_url":"https:\/\/lepatriotebenin.com\/index.php\/2025\/06\/29\/adjohoun-femmes-et-jeunes-leaders-outilles-pour-la-paix-locale-par-claire-kinifo\/","og_site_name":"Le Patriote","article_published_time":"2025-06-29T15:10:07+00:00","article_modified_time":"2025-06-29T15:10:09+00:00","og_image":[{"width":623,"height":299,"url":"https:\/\/lepatriotebenin.com\/wp-content\/uploads\/2025\/06\/claire.jpg","type":"image\/jpeg"}],"author":"Redaction","twitter_card":"summary_large_image","twitter_misc":{"\u00c9crit par":"Redaction","Dur\u00e9e de lecture estim\u00e9e":"2 minutes"},"schema":{"@context":"https:\/\/schema.org","@graph":[{"@type":"Article","@id":"https:\/\/lepatriotebenin.com\/index.php\/2025\/06\/29\/adjohoun-femmes-et-jeunes-leaders-outilles-pour-la-paix-locale-par-claire-kinifo\/#article","isPartOf":{"@id":"https:\/\/lepatriotebenin.com\/index.php\/2025\/06\/29\/adjohoun-femmes-et-jeunes-leaders-outilles-pour-la-paix-locale-par-claire-kinifo\/"},"author":{"name":"Redaction","@id":"https:\/\/lepatriotebenin.com\/#\/schema\/person\/2e7709b9c9cc313e452d1136af61690f"},"headline":"Adjohoun : femmes et jeunes leaders outill\u00e9s pour la paix locale par Claire KINIFO","datePublished":"2025-06-29T15:10:07+00:00","dateModified":"2025-06-29T15:10:09+00:00","mainEntityOfPage":{"@id":"https:\/\/lepatriotebenin.com\/index.php\/2025\/06\/29\/adjohoun-femmes-et-jeunes-leaders-outilles-pour-la-paix-locale-par-claire-kinifo\/"},"wordCount":403,"commentCount":0,"image":{"@id":"https:\/\/lepatriotebenin.com\/index.php\/2025\/06\/29\/adjohoun-femmes-et-jeunes-leaders-outilles-pour-la-paix-locale-par-claire-kinifo\/#primaryimage"},"thumbnailUrl":"https:\/\/lepatriotebenin.com\/wp-content\/uploads\/2025\/06\/claire.jpg","articleSection":["Soci\u00e9t\u00e9"],"inLanguage":"fr-FR","potentialAction":[{"@type":"CommentAction","name":"Comment","target":["https:\/\/lepatriotebenin.com\/index.php\/2025\/06\/29\/adjohoun-femmes-et-jeunes-leaders-outilles-pour-la-paix-locale-par-claire-kinifo\/#respond"]}]},{"@type":"WebPage","@id":"https:\/\/lepatriotebenin.com\/index.php\/2025\/06\/29\/adjohoun-femmes-et-jeunes-leaders-outilles-pour-la-paix-locale-par-claire-kinifo\/","url":"https:\/\/lepatriotebenin.com\/index.php\/2025\/06\/29\/adjohoun-femmes-et-jeunes-leaders-outilles-pour-la-paix-locale-par-claire-kinifo\/","name":"Adjohoun : femmes et jeunes leaders outill\u00e9s pour la paix locale par Claire KINIFO - Le Patriote","isPartOf":{"@id":"https:\/\/lepatriotebenin.com\/#website"},"primaryImageOfPage":{"@id":"https:\/\/lepatriotebenin.com\/index.php\/2025\/06\/29\/adjohoun-femmes-et-jeunes-leaders-outilles-pour-la-paix-locale-par-claire-kinifo\/#primaryimage"},"image":{"@id":"https:\/\/lepatriotebenin.com\/index.php\/2025\/06\/29\/adjohoun-femmes-et-jeunes-leaders-outilles-pour-la-paix-locale-par-claire-kinifo\/#primaryimage"},"thumbnailUrl":"https:\/\/lepatriotebenin.com\/wp-content\/uploads\/2025\/06\/claire.jpg","datePublished":"2025-06-29T15:10:07+00:00","dateModified":"2025-06-29T15:10:09+00:00","author":{"@id":"https:\/\/lepatriotebenin.com\/#\/schema\/person\/2e7709b9c9cc313e452d1136af61690f"},"breadcrumb":{"@id":"https:\/\/lepatriotebenin.com\/index.php\/2025\/06\/29\/adjohoun-femmes-et-jeunes-leaders-outilles-pour-la-paix-locale-par-claire-kinifo\/#breadcrumb"},"inLanguage":"fr-FR","potentialAction":[{"@type":"ReadAction","target":["https:\/\/lepatriotebenin.com\/index.php\/2025\/06\/29\/adjohoun-femmes-et-jeunes-leaders-outilles-pour-la-paix-locale-par-claire-kinifo\/"]}]},{"@type":"ImageObject","inLanguage":"fr-FR","@id":"https:\/\/lepatriotebenin.com\/index.php\/2025\/06\/29\/adjohoun-femmes-et-jeunes-leaders-outilles-pour-la-paix-locale-par-claire-kinifo\/#primaryimage","url":"https:\/\/lepatriotebenin.com\/wp-content\/uploads\/2025\/06\/claire.jpg","contentUrl":"https:\/\/lepatriotebenin.com\/wp-content\/uploads\/2025\/06\/claire.jpg","width":623,"height":299},{"@type":"BreadcrumbList","@id":"https:\/\/lepatriotebenin.com\/index.php\/2025\/06\/29\/adjohoun-femmes-et-jeunes-leaders-outilles-pour-la-paix-locale-par-claire-kinifo\/#breadcrumb","itemListElement":[{"@type":"ListItem","position":1,"name":"Accueil","item":"https:\/\/lepatriotebenin.com\/"},{"@type":"ListItem","position":2,"name":"Adjohoun : femmes et jeunes leaders outill\u00e9s pour la paix locale par Claire KINIFO"}]},{"@type":"WebSite","@id":"https:\/\/lepatriotebenin.com\/#website","url":"https:\/\/lepatriotebenin.com\/","name":"Le Patriote","description":"Le Patriote B\u00e9nin","potentialAction":[{"@type":"SearchAction","target":{"@type":"EntryPoint","urlTemplate":"https:\/\/lepatriotebenin.com\/?s={search_term_string}"},"query-input":{"@type":"PropertyValueSpecification","valueRequired":true,"valueName":"search_term_string"}}],"inLanguage":"fr-FR"},{"@type":"Person","@id":"https:\/\/lepatriotebenin.com\/#\/schema\/person\/2e7709b9c9cc313e452d1136af61690f","name":"Redaction","image":{"@type":"ImageObject","inLanguage":"fr-FR","@id":"https:\/\/secure.gravatar.com\/avatar\/c4c509357859ea2ca2cbb6d8812898a73e4ef1ef9934c2e591d7e32face734d1?s=96&d=mm&r=g","url":"https:\/\/secure.gravatar.com\/avatar\/c4c509357859ea2ca2cbb6d8812898a73e4ef1ef9934c2e591d7e32face734d1?s=96&d=mm&r=g","contentUrl":"https:\/\/secure.gravatar.com\/avatar\/c4c509357859ea2ca2cbb6d8812898a73e4ef1ef9934c2e591d7e32face734d1?s=96&d=mm&r=g","caption":"Redaction"},"url":"https:\/\/lepatriotebenin.com"}]}},"_links":{"self":[{"href":"https:\/\/lepatriotebenin.com\/index.php\/wp-json\/wp\/v2\/posts\/11469","targetHints":{"allow":["GET"]}}],"collection":[{"href":"https:\/\/lepatriotebenin.com\/index.php\/wp-json\/wp\/v2\/posts"}],"about":[{"href":"https:\/\/lepatriotebenin.com\/index.php\/wp-json\/wp\/v2\/types\/post"}],"author":[{"embeddable":true,"href":"https:\/\/lepatriotebenin.com\/index.php\/wp-json\/wp\/v2\/users\/5"}],"replies":[{"embeddable":true,"href":"https:\/\/lepatriotebenin.com\/index.php\/wp-json\/wp\/v2\/comments?post=11469"}],"version-history":[{"count":1,"href":"https:\/\/lepatriotebenin.com\/index.php\/wp-json\/wp\/v2\/posts\/11469\/revisions"}],"predecessor-version":[{"id":11473,"href":"https:\/\/lepatriotebenin.com\/index.php\/wp-json\/wp\/v2\/posts\/11469\/revisions\/11473"}],"wp:featuredmedia":[{"embeddable":true,"href":"https:\/\/lepatriotebenin.com\/index.php\/wp-json\/wp\/v2\/media\/11470"}],"wp:attachment":[{"href":"https:\/\/lepatriotebenin.com\/index.php\/wp-json\/wp\/v2\/media?parent=11469"}],"wp:term":[{"taxonomy":"category","embeddable":true,"href":"https:\/\/lepatriotebenin.com\/index.php\/wp-json\/wp\/v2\/categories?post=11469"},{"taxonomy":"post_tag","embeddable":true,"href":"https:\/\/lepatriotebenin.com\/index.php\/wp-json\/wp\/v2\/tags?post=11469"}],"curies":[{"name":"wp","href":"https:\/\/api.w.org\/{rel}","templated":true}]}}