{"id":11467,"date":"2025-06-29T14:38:06","date_gmt":"2025-06-29T12:38:06","guid":{"rendered":"https:\/\/lepatriotebenin.com\/?p=11467"},"modified":"2025-06-29T18:16:36","modified_gmt":"2025-06-29T16:16:36","slug":"sante-la-boulimie-et-grossesse","status":"publish","type":"post","link":"https:\/\/lepatriotebenin.com\/index.php\/2025\/06\/29\/sante-la-boulimie-et-grossesse\/","title":{"rendered":"Sant\u00e9 : La boulimie et grossesse"},"content":{"rendered":"\n<p>Le samedi dernier alors que je viens d\u2019une activit\u00e9 sportive, je commence par avoir faim. Je suis devenue comme un loup affam\u00e9, pr\u00eate \u00e0 bondir sur le repas. Je jette un coup d\u2019\u0153il et je trouve un restaurant. J\u2019entre dans ce dernier et prends place. La restauratrice me voit et vient vers ma table pour me servir. Loin de moi, je vois une bonne dame d\u2019une trente d\u2019ann\u00e9es qui a devant elle au moins deux assiettes de plats vides. J\u2019ai l\u2019impression qu\u2019elle a fini et refait encore une autre commande. Cette derni\u00e8re est d\u2019une allure maigre et effil\u00e9e et d\u2019une taille moyenne d\u2019environ 1,58 m. Je suis rest\u00e9e, stup\u00e9faite de l\u2019attitude de cette femme. Elle se plaint de sa gourmandise et redemande qu\u2019on la sert de nouveau. Heureuse de l\u2019accueil de cette derni\u00e8re, ma nourriture est servie \u00e0 temps. Je commence par avaler une bouch\u00e9e du riz qui m\u2019a \u00e9t\u00e9 pr\u00e9sent\u00e9e. En m\u00eame temps, nos regards se sont crois\u00e9s avec ma dame qui exprime &nbsp;&nbsp;son insatisfaction de manger tant de nourriture. Elle se met \u00e0 tergiverser, Je me suis finalement rapproch\u00e9e d\u2019elle pour l\u2019\u00e9couter. Je salue poliment mon h\u00f4te et la demande si je pourrai m\u2019assoir sur sa table. Sans h\u00e9siter, elle accepte et je prends place. \u00c0 peine je pose mes fesses, elle se met \u00e0 me raconter son histoire. Selon elle, tout a commenc\u00e9 lorsqu\u2019elle a \u00e9chou\u00e9 pour la premi\u00e8re fois \u00e0 son examen alors qu\u2019elle est souvent la premi\u00e8re de sa classe. Elle noie son chagrin dans la bouffe. Mais aujourd\u2019hui, elle regrette \u00e9norm\u00e9ment voir son envie incontr\u00f4l\u00e9e de nourriture. Elle soupire profond\u00e9ment et continue son r\u00e9cit all\u00e9grement comme si elle se confesse \u00e0 un pr\u00eatre. \u00ab&nbsp;Je suis oblig\u00e9e de boire suffisamment de l\u2019eau pour me soulager&nbsp;\u00bb, a-t-elle d\u00e9clar\u00e9. Elle met la main dans sa gorge afin de rejeter le surplus. Quant \u00e0 moi, je suis rest\u00e9e \u00e0 c\u00f4t\u00e9 d\u2019elle sans l\u2019interrompre. Elle ajoute dans son intervention qu\u2019elle est en \u00e9tat depuis trois mois. \u00ab&nbsp;Mon inqui\u00e9tude est d\u2019arr\u00eater cette voracit\u00e9 qui passe devant mes amis. &nbsp;Est-ce que mon probl\u00e8me de sant\u00e9 n\u2019aura-t-il pas des repers\u00e9cutions n\u00e9fastes sur l\u2019\u00e9tat de sant\u00e9 de mon b\u00e9b\u00e9&nbsp;? \u00bb, mart\u00e8le-t-elle. Je la console et lui donne des conseils pratiques. Je lui ai demand\u00e9 de se rendre aussit\u00f4t \u00e0 l\u2019h\u00f4pital pour une meilleure prise en charge par un agent de sant\u00e9 qualifi\u00e9, asserment\u00e9 et d\u00e9vou\u00e9 \u00e0 la t\u00e2che. Nous nous sommes quitt\u00e9es sur une note de satisfaction r\u00e9ciproque.<\/p>\n\n\n\n<p><strong>Qu\u2019est-ce que la boulimie chez la femme enceinte ?<\/strong><\/p>\n\n\n\n<p>La boulimie, ou encore boulimie nerveuse ou boulimaxie est un trouble alimentaire. Il s\u2019agit d\u2019une forme complexe de souffrance psychique qui s\u2019accompagne de probl\u00e8mes d\u2019estime de soi. La boulimie se caract\u00e9rise par les crises de fr\u00e9n\u00e9sies alimentaires, suivies de diff\u00e9rentes mesures pour \u00e9viter de prendre du poids.<\/p>\n\n\n\n<p>La boulimie est un&nbsp;<a href=\"https:\/\/www.inicea.fr\/articles\/specialite\/les-troubles-du-comportement-alimentaire\">trouble du comportement alimentaire (TCA)<\/a>&nbsp;qui se caract\u00e9rise par l\u2019absorption compulsive d\u2019une tr\u00e8s grande quantit\u00e9 de nourriture en peu de temps. La personne a la sensation de perdre le contr\u00f4le. Elle ne peut pas s\u2019emp\u00eacher ni s\u2019arr\u00eater d\u2019ingurgiter des aliments. Ces crises de boulimie sont r\u00e9currentes et sont suivies de comportements compensatoires inappropri\u00e9s visant \u00e0 limiter la prise de poids, tels que :<\/p>\n\n\n\n<ul class=\"wp-block-list\">\n<li>Des vomissements provoqu\u00e9s, dans la grande majorit\u00e9 des cas ;<\/li>\n\n\n\n<li>La prise excessive de purgatifs laxatifs, diur\u00e9tiques ou autres m\u00e9dicaments coupe-faim ;<\/li>\n\n\n\n<li>Des p\u00e9riodes de je\u00fbne ;<\/li>\n\n\n\n<li>Une pratique excessive d\u2019exercices physiques.<\/li>\n<\/ul>\n\n\n\n<p><strong>Quelle sont les sympt\u00f4mes chez la femme enceinte&nbsp;?<\/strong><\/p>\n\n\n\n<p>La boulimie se caract\u00e9rise par des sympt\u00f4mes et des comportements typiques tels que&nbsp;:<\/p>\n\n\n\n<ul class=\"wp-block-list\">\n<li>Pulsions irr\u00e9sistibles d\u2019absorption d\u2019aliments en grande quantit\u00e9, sans contr\u00f4le et rapidement<\/li>\n\n\n\n<li>Consommation d\u2019aliments le plus souvent gras et sucr\u00e9 qui se trouve souvent \u00e0 porter de main pour satisfaire son plaisir<\/li>\n\n\n\n<li>Des crises g\u00e9n\u00e9ralement en dehors des repas en cachette qui passent souvent inaper\u00e7ues<\/li>\n\n\n\n<li>Une honte et la culpabilit\u00e9 faisant place \u00e0 un sentiment de d\u00e9gout<\/li>\n\n\n\n<li>Des vomissements provoqu\u00e9s volontairement pour \u00e9viter de prendre du poids et termine le plus souvent la crise de la personne boulimique, qui ressent ensuite un soulagement<\/li>\n\n\n\n<li>Une prise de laxatif ou de diur\u00e9tiques pour contr\u00f4ler son poids<\/li>\n\n\n\n<li>&nbsp;Des p\u00e9riodes de jeunes ou pratique du sport \u00e0 outrance entre les crises afin de ne pas grossir<\/li>\n\n\n\n<li>Une conscience aigue du trouble par la personne atteinte dont d\u00e9coule une grande souffrance.<\/li>\n<\/ul>\n\n\n\n<p>Les facteurs de la boulimie chez la femme enceinte<\/p>\n\n\n\n<p><strong>Quelles sont les causes de la boulimie chez la femme enceinte&nbsp;?<\/strong><\/p>\n\n\n\n<p>Nous avons&nbsp;:<\/p>\n\n\n\n<ul class=\"wp-block-list\">\n<li>Une p\u00e9riode de stress intense<\/li>\n\n\n\n<li>Un syndrome d\u00e9pressif<\/li>\n\n\n\n<li>Une maladie avec vomissement qui va enclencher le processus<\/li>\n\n\n\n<li>Un r\u00e9gime restrictif<\/li>\n\n\n\n<li>La perte d\u2019un \u00eatre cher<\/li>\n\n\n\n<li>Echec scolaire (examen concours)<\/li>\n<\/ul>\n\n\n\n<p><strong>Quelles sont les complications de la boulimie chez la femme enceinte&nbsp;?<\/strong><\/p>\n\n\n\n<p>Il y a&nbsp;:<\/p>\n\n\n\n<p>-Le retentissement de la boulimie se voit souvent sur le plan physique et sur le plan biologique.<\/p>\n\n\n\n<p>-L\u2019hypokali\u00e9mie (caus\u00e9e par l\u2019utilisation exercive des laxatifs, ou des vomissements intenses.)<\/p>\n\n\n\n<p>-Diminutions accrues du taux de potassium qui peut apr\u00e8s chaque vomissement qui peut engendrer les troubles du rythme cardiaques, voie la mort<\/p>\n\n\n\n<p>-Les crises hydriques (boire beaucoup d\u2019eau provoque le vomissement. Cela peut provoquer une hyponatr\u00e9mie qui se cach\u00e9rise par une perte importante de sodium et peut provoquer d\u2019autres probl\u00e8mes graves tels un dysfonctionnement c\u00e9r\u00e9bral.<\/p>\n\n\n\n<p>&#8211; Une hypertrophie des glandes salivaires, des \u00e9rosions dentaires des \u0153sophagies peptiques des insuffisances r\u00e9nales fonctionnelles et des \u0153d\u00e8mes suite \u00e0 des vomissements r\u00e9currents.<\/p>\n\n\n\n<p>-La patiente se retrouve dans un mauvais \u00e9tat nutritionnel (d\u00e9nutrition s\u2019observe chez cette derni\u00e8re).<\/p>\n\n\n\n<p>-Une forte d\u00e9pression apr\u00e8s l\u2019accouchement<\/p>\n\n\n\n<p><strong>Chez le futur b\u00e9b\u00e9<\/strong><\/p>\n\n\n\n<p>Nous pouvons avoir un avortement spontan\u00e9, une menace d\u2019accouchement pr\u00e9matur\u00e9e, une morti-naissance, un faible poids \u00e0 la naissance.<\/p>\n\n\n\n<p><strong><u>Conseils et traitements<\/u><\/strong><\/p>\n\n\n\n<p>Avant la boulimie, il est conseill\u00e9 de surveiller l\u2019alimentation de la patiente, donner des aliments \u00e9quilibr\u00e9s \u00e0 cette derni\u00e8re. A la moindre anomalie, il faut la signaler imm\u00e9diatement \u00e0 son m\u00e9decin traitant<\/p>\n\n\n\n<p>En cas de la boulimie, il faut conduire la patiente dans un centre de sant\u00e9 afin qu\u2019elle soit prise en charge par un agent de sant\u00e9 asserment\u00e9 et qualifi\u00e9 \u00e0 la t\u00e2che.<\/p>\n\n\n\n<p><strong>NB&nbsp;<\/strong>:<\/p>\n\n\n\n<p>&nbsp;L\u2019anorexie et la boulimie sont des troubles alimentaires. L\u2019anorexie pousse \u00e0 restreindre au maximum son alimentation tandis que la boulimie se caract\u00e9rise par une prise exercive de nourriture.<\/p>\n\n\n\n<p><strong>AFFANOU Eve sage-femme<\/strong><\/p>\n\n\n\n<p><strong>&nbsp;Dipl\u00f4m\u00e9e d\u2019Etat\/ Echographiste<\/strong><\/p>\n\n\n\n<p><strong>Ex-d\u00e9l\u00e9gu\u00e9e du personnel du CHU-MEL<\/strong><\/p>\n","protected":false},"excerpt":{"rendered":"<p>Le samedi dernier alors que je viens d\u2019une activit\u00e9 sportive, je commence par avoir faim. Je suis devenue comme un loup affam\u00e9, pr\u00eate \u00e0 bondir sur le repas. Je jette&hellip;<\/p>\n","protected":false},"author":5,"featured_media":11482,"comment_status":"open","ping_status":"open","sticky":false,"template":"","format":"standard","meta":{"content-type":"","om_disable_all_campaigns":false,"_monsterinsights_skip_tracking":false,"_monsterinsights_sitenote_active":false,"_monsterinsights_sitenote_note":"","_monsterinsights_sitenote_category":0,"_uf_show_specific_survey":0,"_uf_disable_surveys":false,"footnotes":""},"categories":[19],"tags":[],"class_list":["post-11467","post","type-post","status-publish","format-standard","has-post-thumbnail","hentry","category-sante"],"aioseo_notices":[],"yoast_head":"<!-- This site is optimized with the Yoast SEO plugin v27.5 - https:\/\/yoast.com\/product\/yoast-seo-wordpress\/ -->\n<title>Sant\u00e9 : La boulimie et grossesse - Le Patriote<\/title>\n<meta name=\"robots\" content=\"index, follow, max-snippet:-1, max-image-preview:large, max-video-preview:-1\" \/>\n<link rel=\"canonical\" href=\"https:\/\/lepatriotebenin.com\/index.php\/2025\/06\/29\/sante-la-boulimie-et-grossesse\/\" \/>\n<meta property=\"og:locale\" content=\"fr_FR\" \/>\n<meta property=\"og:type\" content=\"article\" \/>\n<meta property=\"og:title\" content=\"Sant\u00e9 : La boulimie et grossesse - Le Patriote\" \/>\n<meta property=\"og:description\" content=\"Le samedi dernier alors que je viens d\u2019une activit\u00e9 sportive, je commence par avoir faim. Je suis devenue comme un loup affam\u00e9, pr\u00eate \u00e0 bondir sur le repas. Je jette&hellip;\" \/>\n<meta property=\"og:url\" content=\"https:\/\/lepatriotebenin.com\/index.php\/2025\/06\/29\/sante-la-boulimie-et-grossesse\/\" \/>\n<meta property=\"og:site_name\" content=\"Le Patriote\" \/>\n<meta property=\"article:published_time\" content=\"2025-06-29T12:38:06+00:00\" \/>\n<meta property=\"article:modified_time\" content=\"2025-06-29T16:16:36+00:00\" \/>\n<meta property=\"og:image\" content=\"https:\/\/lepatriotebenin.com\/wp-content\/uploads\/2025\/06\/eve-resto.jpg\" \/>\n\t<meta property=\"og:image:width\" content=\"480\" \/>\n\t<meta property=\"og:image:height\" content=\"1040\" \/>\n\t<meta property=\"og:image:type\" content=\"image\/jpeg\" \/>\n<meta name=\"author\" content=\"Redaction\" \/>\n<meta name=\"twitter:card\" content=\"summary_large_image\" \/>\n<meta name=\"twitter:label1\" content=\"\u00c9crit par\" \/>\n\t<meta name=\"twitter:data1\" content=\"Redaction\" \/>\n\t<meta name=\"twitter:label2\" content=\"Dur\u00e9e de lecture estim\u00e9e\" \/>\n\t<meta name=\"twitter:data2\" content=\"6 minutes\" \/>\n<script type=\"application\/ld+json\" class=\"yoast-schema-graph\">{\"@context\":\"https:\\\/\\\/schema.org\",\"@graph\":[{\"@type\":\"Article\",\"@id\":\"https:\\\/\\\/lepatriotebenin.com\\\/index.php\\\/2025\\\/06\\\/29\\\/sante-la-boulimie-et-grossesse\\\/#article\",\"isPartOf\":{\"@id\":\"https:\\\/\\\/lepatriotebenin.com\\\/index.php\\\/2025\\\/06\\\/29\\\/sante-la-boulimie-et-grossesse\\\/\"},\"author\":{\"name\":\"Redaction\",\"@id\":\"https:\\\/\\\/lepatriotebenin.com\\\/#\\\/schema\\\/person\\\/2e7709b9c9cc313e452d1136af61690f\"},\"headline\":\"Sant\u00e9 : La boulimie et grossesse\",\"datePublished\":\"2025-06-29T12:38:06+00:00\",\"dateModified\":\"2025-06-29T16:16:36+00:00\",\"mainEntityOfPage\":{\"@id\":\"https:\\\/\\\/lepatriotebenin.com\\\/index.php\\\/2025\\\/06\\\/29\\\/sante-la-boulimie-et-grossesse\\\/\"},\"wordCount\":1182,\"commentCount\":0,\"image\":{\"@id\":\"https:\\\/\\\/lepatriotebenin.com\\\/index.php\\\/2025\\\/06\\\/29\\\/sante-la-boulimie-et-grossesse\\\/#primaryimage\"},\"thumbnailUrl\":\"https:\\\/\\\/lepatriotebenin.com\\\/wp-content\\\/uploads\\\/2025\\\/06\\\/eve-resto.jpg\",\"articleSection\":[\"Sant\u00e9\"],\"inLanguage\":\"fr-FR\",\"potentialAction\":[{\"@type\":\"CommentAction\",\"name\":\"Comment\",\"target\":[\"https:\\\/\\\/lepatriotebenin.com\\\/index.php\\\/2025\\\/06\\\/29\\\/sante-la-boulimie-et-grossesse\\\/#respond\"]}]},{\"@type\":\"WebPage\",\"@id\":\"https:\\\/\\\/lepatriotebenin.com\\\/index.php\\\/2025\\\/06\\\/29\\\/sante-la-boulimie-et-grossesse\\\/\",\"url\":\"https:\\\/\\\/lepatriotebenin.com\\\/index.php\\\/2025\\\/06\\\/29\\\/sante-la-boulimie-et-grossesse\\\/\",\"name\":\"Sant\u00e9 : La boulimie et grossesse - Le Patriote\",\"isPartOf\":{\"@id\":\"https:\\\/\\\/lepatriotebenin.com\\\/#website\"},\"primaryImageOfPage\":{\"@id\":\"https:\\\/\\\/lepatriotebenin.com\\\/index.php\\\/2025\\\/06\\\/29\\\/sante-la-boulimie-et-grossesse\\\/#primaryimage\"},\"image\":{\"@id\":\"https:\\\/\\\/lepatriotebenin.com\\\/index.php\\\/2025\\\/06\\\/29\\\/sante-la-boulimie-et-grossesse\\\/#primaryimage\"},\"thumbnailUrl\":\"https:\\\/\\\/lepatriotebenin.com\\\/wp-content\\\/uploads\\\/2025\\\/06\\\/eve-resto.jpg\",\"datePublished\":\"2025-06-29T12:38:06+00:00\",\"dateModified\":\"2025-06-29T16:16:36+00:00\",\"author\":{\"@id\":\"https:\\\/\\\/lepatriotebenin.com\\\/#\\\/schema\\\/person\\\/2e7709b9c9cc313e452d1136af61690f\"},\"breadcrumb\":{\"@id\":\"https:\\\/\\\/lepatriotebenin.com\\\/index.php\\\/2025\\\/06\\\/29\\\/sante-la-boulimie-et-grossesse\\\/#breadcrumb\"},\"inLanguage\":\"fr-FR\",\"potentialAction\":[{\"@type\":\"ReadAction\",\"target\":[\"https:\\\/\\\/lepatriotebenin.com\\\/index.php\\\/2025\\\/06\\\/29\\\/sante-la-boulimie-et-grossesse\\\/\"]}]},{\"@type\":\"ImageObject\",\"inLanguage\":\"fr-FR\",\"@id\":\"https:\\\/\\\/lepatriotebenin.com\\\/index.php\\\/2025\\\/06\\\/29\\\/sante-la-boulimie-et-grossesse\\\/#primaryimage\",\"url\":\"https:\\\/\\\/lepatriotebenin.com\\\/wp-content\\\/uploads\\\/2025\\\/06\\\/eve-resto.jpg\",\"contentUrl\":\"https:\\\/\\\/lepatriotebenin.com\\\/wp-content\\\/uploads\\\/2025\\\/06\\\/eve-resto.jpg\",\"width\":480,\"height\":1040},{\"@type\":\"BreadcrumbList\",\"@id\":\"https:\\\/\\\/lepatriotebenin.com\\\/index.php\\\/2025\\\/06\\\/29\\\/sante-la-boulimie-et-grossesse\\\/#breadcrumb\",\"itemListElement\":[{\"@type\":\"ListItem\",\"position\":1,\"name\":\"Accueil\",\"item\":\"https:\\\/\\\/lepatriotebenin.com\\\/\"},{\"@type\":\"ListItem\",\"position\":2,\"name\":\"Sant\u00e9 : La boulimie et grossesse\"}]},{\"@type\":\"WebSite\",\"@id\":\"https:\\\/\\\/lepatriotebenin.com\\\/#website\",\"url\":\"https:\\\/\\\/lepatriotebenin.com\\\/\",\"name\":\"Le Patriote\",\"description\":\"Le Patriote B\u00e9nin\",\"potentialAction\":[{\"@type\":\"SearchAction\",\"target\":{\"@type\":\"EntryPoint\",\"urlTemplate\":\"https:\\\/\\\/lepatriotebenin.com\\\/?s={search_term_string}\"},\"query-input\":{\"@type\":\"PropertyValueSpecification\",\"valueRequired\":true,\"valueName\":\"search_term_string\"}}],\"inLanguage\":\"fr-FR\"},{\"@type\":\"Person\",\"@id\":\"https:\\\/\\\/lepatriotebenin.com\\\/#\\\/schema\\\/person\\\/2e7709b9c9cc313e452d1136af61690f\",\"name\":\"Redaction\",\"image\":{\"@type\":\"ImageObject\",\"inLanguage\":\"fr-FR\",\"@id\":\"https:\\\/\\\/secure.gravatar.com\\\/avatar\\\/c4c509357859ea2ca2cbb6d8812898a73e4ef1ef9934c2e591d7e32face734d1?s=96&d=mm&r=g\",\"url\":\"https:\\\/\\\/secure.gravatar.com\\\/avatar\\\/c4c509357859ea2ca2cbb6d8812898a73e4ef1ef9934c2e591d7e32face734d1?s=96&d=mm&r=g\",\"contentUrl\":\"https:\\\/\\\/secure.gravatar.com\\\/avatar\\\/c4c509357859ea2ca2cbb6d8812898a73e4ef1ef9934c2e591d7e32face734d1?s=96&d=mm&r=g\",\"caption\":\"Redaction\"},\"url\":\"https:\\\/\\\/lepatriotebenin.com\"}]}<\/script>\n<!-- \/ Yoast SEO plugin. -->","yoast_head_json":{"title":"Sant\u00e9 : La boulimie et grossesse - Le Patriote","robots":{"index":"index","follow":"follow","max-snippet":"max-snippet:-1","max-image-preview":"max-image-preview:large","max-video-preview":"max-video-preview:-1"},"canonical":"https:\/\/lepatriotebenin.com\/index.php\/2025\/06\/29\/sante-la-boulimie-et-grossesse\/","og_locale":"fr_FR","og_type":"article","og_title":"Sant\u00e9 : La boulimie et grossesse - Le Patriote","og_description":"Le samedi dernier alors que je viens d\u2019une activit\u00e9 sportive, je commence par avoir faim. Je suis devenue comme un loup affam\u00e9, pr\u00eate \u00e0 bondir sur le repas. Je jette&hellip;","og_url":"https:\/\/lepatriotebenin.com\/index.php\/2025\/06\/29\/sante-la-boulimie-et-grossesse\/","og_site_name":"Le Patriote","article_published_time":"2025-06-29T12:38:06+00:00","article_modified_time":"2025-06-29T16:16:36+00:00","og_image":[{"width":480,"height":1040,"url":"https:\/\/lepatriotebenin.com\/wp-content\/uploads\/2025\/06\/eve-resto.jpg","type":"image\/jpeg"}],"author":"Redaction","twitter_card":"summary_large_image","twitter_misc":{"\u00c9crit par":"Redaction","Dur\u00e9e de lecture estim\u00e9e":"6 minutes"},"schema":{"@context":"https:\/\/schema.org","@graph":[{"@type":"Article","@id":"https:\/\/lepatriotebenin.com\/index.php\/2025\/06\/29\/sante-la-boulimie-et-grossesse\/#article","isPartOf":{"@id":"https:\/\/lepatriotebenin.com\/index.php\/2025\/06\/29\/sante-la-boulimie-et-grossesse\/"},"author":{"name":"Redaction","@id":"https:\/\/lepatriotebenin.com\/#\/schema\/person\/2e7709b9c9cc313e452d1136af61690f"},"headline":"Sant\u00e9 : La boulimie et grossesse","datePublished":"2025-06-29T12:38:06+00:00","dateModified":"2025-06-29T16:16:36+00:00","mainEntityOfPage":{"@id":"https:\/\/lepatriotebenin.com\/index.php\/2025\/06\/29\/sante-la-boulimie-et-grossesse\/"},"wordCount":1182,"commentCount":0,"image":{"@id":"https:\/\/lepatriotebenin.com\/index.php\/2025\/06\/29\/sante-la-boulimie-et-grossesse\/#primaryimage"},"thumbnailUrl":"https:\/\/lepatriotebenin.com\/wp-content\/uploads\/2025\/06\/eve-resto.jpg","articleSection":["Sant\u00e9"],"inLanguage":"fr-FR","potentialAction":[{"@type":"CommentAction","name":"Comment","target":["https:\/\/lepatriotebenin.com\/index.php\/2025\/06\/29\/sante-la-boulimie-et-grossesse\/#respond"]}]},{"@type":"WebPage","@id":"https:\/\/lepatriotebenin.com\/index.php\/2025\/06\/29\/sante-la-boulimie-et-grossesse\/","url":"https:\/\/lepatriotebenin.com\/index.php\/2025\/06\/29\/sante-la-boulimie-et-grossesse\/","name":"Sant\u00e9 : La boulimie et grossesse - Le Patriote","isPartOf":{"@id":"https:\/\/lepatriotebenin.com\/#website"},"primaryImageOfPage":{"@id":"https:\/\/lepatriotebenin.com\/index.php\/2025\/06\/29\/sante-la-boulimie-et-grossesse\/#primaryimage"},"image":{"@id":"https:\/\/lepatriotebenin.com\/index.php\/2025\/06\/29\/sante-la-boulimie-et-grossesse\/#primaryimage"},"thumbnailUrl":"https:\/\/lepatriotebenin.com\/wp-content\/uploads\/2025\/06\/eve-resto.jpg","datePublished":"2025-06-29T12:38:06+00:00","dateModified":"2025-06-29T16:16:36+00:00","author":{"@id":"https:\/\/lepatriotebenin.com\/#\/schema\/person\/2e7709b9c9cc313e452d1136af61690f"},"breadcrumb":{"@id":"https:\/\/lepatriotebenin.com\/index.php\/2025\/06\/29\/sante-la-boulimie-et-grossesse\/#breadcrumb"},"inLanguage":"fr-FR","potentialAction":[{"@type":"ReadAction","target":["https:\/\/lepatriotebenin.com\/index.php\/2025\/06\/29\/sante-la-boulimie-et-grossesse\/"]}]},{"@type":"ImageObject","inLanguage":"fr-FR","@id":"https:\/\/lepatriotebenin.com\/index.php\/2025\/06\/29\/sante-la-boulimie-et-grossesse\/#primaryimage","url":"https:\/\/lepatriotebenin.com\/wp-content\/uploads\/2025\/06\/eve-resto.jpg","contentUrl":"https:\/\/lepatriotebenin.com\/wp-content\/uploads\/2025\/06\/eve-resto.jpg","width":480,"height":1040},{"@type":"BreadcrumbList","@id":"https:\/\/lepatriotebenin.com\/index.php\/2025\/06\/29\/sante-la-boulimie-et-grossesse\/#breadcrumb","itemListElement":[{"@type":"ListItem","position":1,"name":"Accueil","item":"https:\/\/lepatriotebenin.com\/"},{"@type":"ListItem","position":2,"name":"Sant\u00e9 : La boulimie et grossesse"}]},{"@type":"WebSite","@id":"https:\/\/lepatriotebenin.com\/#website","url":"https:\/\/lepatriotebenin.com\/","name":"Le Patriote","description":"Le Patriote B\u00e9nin","potentialAction":[{"@type":"SearchAction","target":{"@type":"EntryPoint","urlTemplate":"https:\/\/lepatriotebenin.com\/?s={search_term_string}"},"query-input":{"@type":"PropertyValueSpecification","valueRequired":true,"valueName":"search_term_string"}}],"inLanguage":"fr-FR"},{"@type":"Person","@id":"https:\/\/lepatriotebenin.com\/#\/schema\/person\/2e7709b9c9cc313e452d1136af61690f","name":"Redaction","image":{"@type":"ImageObject","inLanguage":"fr-FR","@id":"https:\/\/secure.gravatar.com\/avatar\/c4c509357859ea2ca2cbb6d8812898a73e4ef1ef9934c2e591d7e32face734d1?s=96&d=mm&r=g","url":"https:\/\/secure.gravatar.com\/avatar\/c4c509357859ea2ca2cbb6d8812898a73e4ef1ef9934c2e591d7e32face734d1?s=96&d=mm&r=g","contentUrl":"https:\/\/secure.gravatar.com\/avatar\/c4c509357859ea2ca2cbb6d8812898a73e4ef1ef9934c2e591d7e32face734d1?s=96&d=mm&r=g","caption":"Redaction"},"url":"https:\/\/lepatriotebenin.com"}]}},"_links":{"self":[{"href":"https:\/\/lepatriotebenin.com\/index.php\/wp-json\/wp\/v2\/posts\/11467","targetHints":{"allow":["GET"]}}],"collection":[{"href":"https:\/\/lepatriotebenin.com\/index.php\/wp-json\/wp\/v2\/posts"}],"about":[{"href":"https:\/\/lepatriotebenin.com\/index.php\/wp-json\/wp\/v2\/types\/post"}],"author":[{"embeddable":true,"href":"https:\/\/lepatriotebenin.com\/index.php\/wp-json\/wp\/v2\/users\/5"}],"replies":[{"embeddable":true,"href":"https:\/\/lepatriotebenin.com\/index.php\/wp-json\/wp\/v2\/comments?post=11467"}],"version-history":[{"count":2,"href":"https:\/\/lepatriotebenin.com\/index.php\/wp-json\/wp\/v2\/posts\/11467\/revisions"}],"predecessor-version":[{"id":11483,"href":"https:\/\/lepatriotebenin.com\/index.php\/wp-json\/wp\/v2\/posts\/11467\/revisions\/11483"}],"wp:featuredmedia":[{"embeddable":true,"href":"https:\/\/lepatriotebenin.com\/index.php\/wp-json\/wp\/v2\/media\/11482"}],"wp:attachment":[{"href":"https:\/\/lepatriotebenin.com\/index.php\/wp-json\/wp\/v2\/media?parent=11467"}],"wp:term":[{"taxonomy":"category","embeddable":true,"href":"https:\/\/lepatriotebenin.com\/index.php\/wp-json\/wp\/v2\/categories?post=11467"},{"taxonomy":"post_tag","embeddable":true,"href":"https:\/\/lepatriotebenin.com\/index.php\/wp-json\/wp\/v2\/tags?post=11467"}],"curies":[{"name":"wp","href":"https:\/\/api.w.org\/{rel}","templated":true}]}}