{"id":11464,"date":"2025-06-29T11:34:25","date_gmt":"2025-06-29T09:34:25","guid":{"rendered":"https:\/\/lepatriotebenin.com\/?p=11464"},"modified":"2025-06-29T11:34:26","modified_gmt":"2025-06-29T09:34:26","slug":"presidentielle-2025-theodore-holo-conduit-une-mission-pre-electorale-de-la-cedeao-en-cote-divoire","status":"publish","type":"post","link":"https:\/\/lepatriotebenin.com\/index.php\/2025\/06\/29\/presidentielle-2025-theodore-holo-conduit-une-mission-pre-electorale-de-la-cedeao-en-cote-divoire\/","title":{"rendered":"Pr\u00e9sidentielle 2025 : Th\u00e9odore Holo conduit une mission pr\u00e9-\u00e9lectorale de la CEDEAO en C\u00f4te d\u2019Ivoire\u00a0"},"content":{"rendered":"\n<p><em>Le 25 octobre 2025, les Ivoiriens iront aux urnes pour \u00e9lire leur pr\u00e9sident&nbsp; de la R\u00e9publique. En pr\u00e9lude \u00e0 l\u2019\u00e9lection pr\u00e9sidentielle d\u2019octobre 2025, une mission d\u2019information pr\u00e9-\u00e9lectorale de la Communaut\u00e9 Economique des Etats de l\u2019Afrique de l\u2019Ouest (CEDEAO) &nbsp;va s\u00e9journer en C\u00f4te d\u2019Ivoire &nbsp;du <strong>29 juin au 5 juillet 2025. &nbsp;<\/strong><\/em><\/p>\n\n\n\n<p>Cette mission d\u2019information pr\u00e9-\u00e9lectorale de la CEDEAO sera conduite par l\u2019ancien pr\u00e9sident de la Cour constitutionnelle, le Pr <strong>Th\u00e9odore Holo.<\/strong> Elle est constitu\u00e9e d\u2019une dizaine de membres dont l\u2019Ambassadeur <strong>Abdel-Fatau MUSAH Phd<\/strong>, Commissaire aux Affaires Politiques, Paix et S\u00e9curit\u00e9 de la Commission de la CEDEAO et <strong>Adjovi Y\u00e8kp\u00e8,<\/strong> Ambassadrice du Benin aupr\u00e8s de la CEDEAO, repr\u00e9sentant le Comit\u00e9 des Repr\u00e9sentants Permanents des pays membres de la CEDEAO. La mission sera assist\u00e9e par des experts \u00e9lectoraux de la sous-r\u00e9gion et une \u00e9quipe technique de la CEDEAO dirig\u00e9e par &nbsp;<strong>Fanta Ciss\u00e9,<\/strong> repr\u00e9sentante r\u00e9sidente de la CEDEAO en C\u00f4te d\u2019Ivoire.<\/p>\n\n\n\n<p>Conform\u00e9ment aux dispositions de l\u2019article 12 du Protocole additionnel de la CEDEAO sur la d\u00e9mocratie et la bonne gouvernance, de l\u2019article 53 alin\u00e9a C du Cadre de pr\u00e9vention des conflits de la CEDEAO et de la d\u00e9cision de la Conf\u00e9rence des Chefs d&rsquo;\u00c9tat et de Gouvernement d&rsquo;envoyer en temps opportun des missions pr\u00e9-\u00e9lectorales dans les \u00c9tats membres qui organisent des \u00e9lections, la Commission de la CEDEAO a d\u00e9ploy\u00e9 cette mission d&rsquo;information pr\u00e9-\u00e9lectorale en C\u00f4te d\u2019Ivoire .<\/p>\n","protected":false},"excerpt":{"rendered":"<p>Le 25 octobre 2025, les Ivoiriens iront aux urnes pour \u00e9lire leur pr\u00e9sident&nbsp; de la R\u00e9publique. En pr\u00e9lude \u00e0 l\u2019\u00e9lection pr\u00e9sidentielle d\u2019octobre 2025, une mission d\u2019information pr\u00e9-\u00e9lectorale de la Communaut\u00e9&hellip;<\/p>\n","protected":false},"author":6,"featured_media":11465,"comment_status":"open","ping_status":"open","sticky":false,"template":"","format":"standard","meta":{"content-type":"","om_disable_all_campaigns":false,"_monsterinsights_skip_tracking":false,"_monsterinsights_sitenote_active":false,"_monsterinsights_sitenote_note":"","_monsterinsights_sitenote_category":0,"_uf_show_specific_survey":0,"_uf_disable_surveys":false,"footnotes":""},"categories":[26],"tags":[],"class_list":["post-11464","post","type-post","status-publish","format-standard","has-post-thumbnail","hentry","category-politique"],"aioseo_notices":[],"yoast_head":"<!-- This site is optimized with the Yoast SEO plugin v27.5 - https:\/\/yoast.com\/product\/yoast-seo-wordpress\/ -->\n<title>Pr\u00e9sidentielle 2025 : Th\u00e9odore Holo conduit une mission pr\u00e9-\u00e9lectorale de la CEDEAO en C\u00f4te d\u2019Ivoire\u00a0 - Le Patriote<\/title>\n<meta name=\"robots\" content=\"index, follow, max-snippet:-1, max-image-preview:large, max-video-preview:-1\" \/>\n<link rel=\"canonical\" href=\"https:\/\/lepatriotebenin.com\/index.php\/2025\/06\/29\/presidentielle-2025-theodore-holo-conduit-une-mission-pre-electorale-de-la-cedeao-en-cote-divoire\/\" \/>\n<meta property=\"og:locale\" content=\"fr_FR\" \/>\n<meta property=\"og:type\" content=\"article\" \/>\n<meta property=\"og:title\" content=\"Pr\u00e9sidentielle 2025 : Th\u00e9odore Holo conduit une mission pr\u00e9-\u00e9lectorale de la CEDEAO en C\u00f4te d\u2019Ivoire\u00a0 - Le Patriote\" \/>\n<meta property=\"og:description\" content=\"Le 25 octobre 2025, les Ivoiriens iront aux urnes pour \u00e9lire leur pr\u00e9sident&nbsp; de la R\u00e9publique. En pr\u00e9lude \u00e0 l\u2019\u00e9lection pr\u00e9sidentielle d\u2019octobre 2025, une mission d\u2019information pr\u00e9-\u00e9lectorale de la Communaut\u00e9&hellip;\" \/>\n<meta property=\"og:url\" content=\"https:\/\/lepatriotebenin.com\/index.php\/2025\/06\/29\/presidentielle-2025-theodore-holo-conduit-une-mission-pre-electorale-de-la-cedeao-en-cote-divoire\/\" \/>\n<meta property=\"og:site_name\" content=\"Le Patriote\" \/>\n<meta property=\"article:published_time\" content=\"2025-06-29T09:34:25+00:00\" \/>\n<meta property=\"article:modified_time\" content=\"2025-06-29T09:34:26+00:00\" \/>\n<meta property=\"og:image\" content=\"https:\/\/lepatriotebenin.com\/wp-content\/uploads\/2025\/06\/holo-1.jpg\" \/>\n\t<meta property=\"og:image:width\" content=\"480\" \/>\n\t<meta property=\"og:image:height\" content=\"316\" \/>\n\t<meta property=\"og:image:type\" content=\"image\/jpeg\" \/>\n<meta name=\"author\" content=\"Roland AFFANOU\" \/>\n<meta name=\"twitter:card\" content=\"summary_large_image\" \/>\n<meta name=\"twitter:label1\" content=\"\u00c9crit par\" \/>\n\t<meta name=\"twitter:data1\" content=\"Roland AFFANOU\" \/>\n\t<meta name=\"twitter:label2\" content=\"Dur\u00e9e de lecture estim\u00e9e\" \/>\n\t<meta name=\"twitter:data2\" content=\"2 minutes\" \/>\n<script type=\"application\/ld+json\" class=\"yoast-schema-graph\">{\"@context\":\"https:\\\/\\\/schema.org\",\"@graph\":[{\"@type\":\"Article\",\"@id\":\"https:\\\/\\\/lepatriotebenin.com\\\/index.php\\\/2025\\\/06\\\/29\\\/presidentielle-2025-theodore-holo-conduit-une-mission-pre-electorale-de-la-cedeao-en-cote-divoire\\\/#article\",\"isPartOf\":{\"@id\":\"https:\\\/\\\/lepatriotebenin.com\\\/index.php\\\/2025\\\/06\\\/29\\\/presidentielle-2025-theodore-holo-conduit-une-mission-pre-electorale-de-la-cedeao-en-cote-divoire\\\/\"},\"author\":{\"name\":\"Roland AFFANOU\",\"@id\":\"https:\\\/\\\/lepatriotebenin.com\\\/#\\\/schema\\\/person\\\/4a9b67216c97d04045e01405c534c91f\"},\"headline\":\"Pr\u00e9sidentielle 2025 : Th\u00e9odore Holo conduit une mission pr\u00e9-\u00e9lectorale de la CEDEAO en C\u00f4te d\u2019Ivoire\u00a0\",\"datePublished\":\"2025-06-29T09:34:25+00:00\",\"dateModified\":\"2025-06-29T09:34:26+00:00\",\"mainEntityOfPage\":{\"@id\":\"https:\\\/\\\/lepatriotebenin.com\\\/index.php\\\/2025\\\/06\\\/29\\\/presidentielle-2025-theodore-holo-conduit-une-mission-pre-electorale-de-la-cedeao-en-cote-divoire\\\/\"},\"wordCount\":290,\"commentCount\":0,\"image\":{\"@id\":\"https:\\\/\\\/lepatriotebenin.com\\\/index.php\\\/2025\\\/06\\\/29\\\/presidentielle-2025-theodore-holo-conduit-une-mission-pre-electorale-de-la-cedeao-en-cote-divoire\\\/#primaryimage\"},\"thumbnailUrl\":\"https:\\\/\\\/lepatriotebenin.com\\\/wp-content\\\/uploads\\\/2025\\\/06\\\/holo-1.jpg\",\"articleSection\":[\"Politique\"],\"inLanguage\":\"fr-FR\",\"potentialAction\":[{\"@type\":\"CommentAction\",\"name\":\"Comment\",\"target\":[\"https:\\\/\\\/lepatriotebenin.com\\\/index.php\\\/2025\\\/06\\\/29\\\/presidentielle-2025-theodore-holo-conduit-une-mission-pre-electorale-de-la-cedeao-en-cote-divoire\\\/#respond\"]}]},{\"@type\":\"WebPage\",\"@id\":\"https:\\\/\\\/lepatriotebenin.com\\\/index.php\\\/2025\\\/06\\\/29\\\/presidentielle-2025-theodore-holo-conduit-une-mission-pre-electorale-de-la-cedeao-en-cote-divoire\\\/\",\"url\":\"https:\\\/\\\/lepatriotebenin.com\\\/index.php\\\/2025\\\/06\\\/29\\\/presidentielle-2025-theodore-holo-conduit-une-mission-pre-electorale-de-la-cedeao-en-cote-divoire\\\/\",\"name\":\"Pr\u00e9sidentielle 2025 : Th\u00e9odore Holo conduit une mission pr\u00e9-\u00e9lectorale de la CEDEAO en C\u00f4te d\u2019Ivoire\u00a0 - Le Patriote\",\"isPartOf\":{\"@id\":\"https:\\\/\\\/lepatriotebenin.com\\\/#website\"},\"primaryImageOfPage\":{\"@id\":\"https:\\\/\\\/lepatriotebenin.com\\\/index.php\\\/2025\\\/06\\\/29\\\/presidentielle-2025-theodore-holo-conduit-une-mission-pre-electorale-de-la-cedeao-en-cote-divoire\\\/#primaryimage\"},\"image\":{\"@id\":\"https:\\\/\\\/lepatriotebenin.com\\\/index.php\\\/2025\\\/06\\\/29\\\/presidentielle-2025-theodore-holo-conduit-une-mission-pre-electorale-de-la-cedeao-en-cote-divoire\\\/#primaryimage\"},\"thumbnailUrl\":\"https:\\\/\\\/lepatriotebenin.com\\\/wp-content\\\/uploads\\\/2025\\\/06\\\/holo-1.jpg\",\"datePublished\":\"2025-06-29T09:34:25+00:00\",\"dateModified\":\"2025-06-29T09:34:26+00:00\",\"author\":{\"@id\":\"https:\\\/\\\/lepatriotebenin.com\\\/#\\\/schema\\\/person\\\/4a9b67216c97d04045e01405c534c91f\"},\"breadcrumb\":{\"@id\":\"https:\\\/\\\/lepatriotebenin.com\\\/index.php\\\/2025\\\/06\\\/29\\\/presidentielle-2025-theodore-holo-conduit-une-mission-pre-electorale-de-la-cedeao-en-cote-divoire\\\/#breadcrumb\"},\"inLanguage\":\"fr-FR\",\"potentialAction\":[{\"@type\":\"ReadAction\",\"target\":[\"https:\\\/\\\/lepatriotebenin.com\\\/index.php\\\/2025\\\/06\\\/29\\\/presidentielle-2025-theodore-holo-conduit-une-mission-pre-electorale-de-la-cedeao-en-cote-divoire\\\/\"]}]},{\"@type\":\"ImageObject\",\"inLanguage\":\"fr-FR\",\"@id\":\"https:\\\/\\\/lepatriotebenin.com\\\/index.php\\\/2025\\\/06\\\/29\\\/presidentielle-2025-theodore-holo-conduit-une-mission-pre-electorale-de-la-cedeao-en-cote-divoire\\\/#primaryimage\",\"url\":\"https:\\\/\\\/lepatriotebenin.com\\\/wp-content\\\/uploads\\\/2025\\\/06\\\/holo-1.jpg\",\"contentUrl\":\"https:\\\/\\\/lepatriotebenin.com\\\/wp-content\\\/uploads\\\/2025\\\/06\\\/holo-1.jpg\",\"width\":480,\"height\":316},{\"@type\":\"BreadcrumbList\",\"@id\":\"https:\\\/\\\/lepatriotebenin.com\\\/index.php\\\/2025\\\/06\\\/29\\\/presidentielle-2025-theodore-holo-conduit-une-mission-pre-electorale-de-la-cedeao-en-cote-divoire\\\/#breadcrumb\",\"itemListElement\":[{\"@type\":\"ListItem\",\"position\":1,\"name\":\"Accueil\",\"item\":\"https:\\\/\\\/lepatriotebenin.com\\\/\"},{\"@type\":\"ListItem\",\"position\":2,\"name\":\"Pr\u00e9sidentielle 2025 : Th\u00e9odore Holo conduit une mission pr\u00e9-\u00e9lectorale de la CEDEAO en C\u00f4te d\u2019Ivoire\u00a0\"}]},{\"@type\":\"WebSite\",\"@id\":\"https:\\\/\\\/lepatriotebenin.com\\\/#website\",\"url\":\"https:\\\/\\\/lepatriotebenin.com\\\/\",\"name\":\"Le Patriote\",\"description\":\"Le Patriote B\u00e9nin\",\"potentialAction\":[{\"@type\":\"SearchAction\",\"target\":{\"@type\":\"EntryPoint\",\"urlTemplate\":\"https:\\\/\\\/lepatriotebenin.com\\\/?s={search_term_string}\"},\"query-input\":{\"@type\":\"PropertyValueSpecification\",\"valueRequired\":true,\"valueName\":\"search_term_string\"}}],\"inLanguage\":\"fr-FR\"},{\"@type\":\"Person\",\"@id\":\"https:\\\/\\\/lepatriotebenin.com\\\/#\\\/schema\\\/person\\\/4a9b67216c97d04045e01405c534c91f\",\"name\":\"Roland AFFANOU\",\"image\":{\"@type\":\"ImageObject\",\"inLanguage\":\"fr-FR\",\"@id\":\"https:\\\/\\\/secure.gravatar.com\\\/avatar\\\/7209d3f6d2d47ea4d0c67e14d3effb61feb10ae540a4381280c66265de5bd643?s=96&d=mm&r=g\",\"url\":\"https:\\\/\\\/secure.gravatar.com\\\/avatar\\\/7209d3f6d2d47ea4d0c67e14d3effb61feb10ae540a4381280c66265de5bd643?s=96&d=mm&r=g\",\"contentUrl\":\"https:\\\/\\\/secure.gravatar.com\\\/avatar\\\/7209d3f6d2d47ea4d0c67e14d3effb61feb10ae540a4381280c66265de5bd643?s=96&d=mm&r=g\",\"caption\":\"Roland AFFANOU\"},\"url\":\"https:\\\/\\\/lepatriotebenin.com\"}]}<\/script>\n<!-- \/ Yoast SEO plugin. -->","yoast_head_json":{"title":"Pr\u00e9sidentielle 2025 : Th\u00e9odore Holo conduit une mission pr\u00e9-\u00e9lectorale de la CEDEAO en C\u00f4te d\u2019Ivoire\u00a0 - Le Patriote","robots":{"index":"index","follow":"follow","max-snippet":"max-snippet:-1","max-image-preview":"max-image-preview:large","max-video-preview":"max-video-preview:-1"},"canonical":"https:\/\/lepatriotebenin.com\/index.php\/2025\/06\/29\/presidentielle-2025-theodore-holo-conduit-une-mission-pre-electorale-de-la-cedeao-en-cote-divoire\/","og_locale":"fr_FR","og_type":"article","og_title":"Pr\u00e9sidentielle 2025 : Th\u00e9odore Holo conduit une mission pr\u00e9-\u00e9lectorale de la CEDEAO en C\u00f4te d\u2019Ivoire\u00a0 - Le Patriote","og_description":"Le 25 octobre 2025, les Ivoiriens iront aux urnes pour \u00e9lire leur pr\u00e9sident&nbsp; de la R\u00e9publique. En pr\u00e9lude \u00e0 l\u2019\u00e9lection pr\u00e9sidentielle d\u2019octobre 2025, une mission d\u2019information pr\u00e9-\u00e9lectorale de la Communaut\u00e9&hellip;","og_url":"https:\/\/lepatriotebenin.com\/index.php\/2025\/06\/29\/presidentielle-2025-theodore-holo-conduit-une-mission-pre-electorale-de-la-cedeao-en-cote-divoire\/","og_site_name":"Le Patriote","article_published_time":"2025-06-29T09:34:25+00:00","article_modified_time":"2025-06-29T09:34:26+00:00","og_image":[{"width":480,"height":316,"url":"https:\/\/lepatriotebenin.com\/wp-content\/uploads\/2025\/06\/holo-1.jpg","type":"image\/jpeg"}],"author":"Roland AFFANOU","twitter_card":"summary_large_image","twitter_misc":{"\u00c9crit par":"Roland AFFANOU","Dur\u00e9e de lecture estim\u00e9e":"2 minutes"},"schema":{"@context":"https:\/\/schema.org","@graph":[{"@type":"Article","@id":"https:\/\/lepatriotebenin.com\/index.php\/2025\/06\/29\/presidentielle-2025-theodore-holo-conduit-une-mission-pre-electorale-de-la-cedeao-en-cote-divoire\/#article","isPartOf":{"@id":"https:\/\/lepatriotebenin.com\/index.php\/2025\/06\/29\/presidentielle-2025-theodore-holo-conduit-une-mission-pre-electorale-de-la-cedeao-en-cote-divoire\/"},"author":{"name":"Roland AFFANOU","@id":"https:\/\/lepatriotebenin.com\/#\/schema\/person\/4a9b67216c97d04045e01405c534c91f"},"headline":"Pr\u00e9sidentielle 2025 : Th\u00e9odore Holo conduit une mission pr\u00e9-\u00e9lectorale de la CEDEAO en C\u00f4te d\u2019Ivoire\u00a0","datePublished":"2025-06-29T09:34:25+00:00","dateModified":"2025-06-29T09:34:26+00:00","mainEntityOfPage":{"@id":"https:\/\/lepatriotebenin.com\/index.php\/2025\/06\/29\/presidentielle-2025-theodore-holo-conduit-une-mission-pre-electorale-de-la-cedeao-en-cote-divoire\/"},"wordCount":290,"commentCount":0,"image":{"@id":"https:\/\/lepatriotebenin.com\/index.php\/2025\/06\/29\/presidentielle-2025-theodore-holo-conduit-une-mission-pre-electorale-de-la-cedeao-en-cote-divoire\/#primaryimage"},"thumbnailUrl":"https:\/\/lepatriotebenin.com\/wp-content\/uploads\/2025\/06\/holo-1.jpg","articleSection":["Politique"],"inLanguage":"fr-FR","potentialAction":[{"@type":"CommentAction","name":"Comment","target":["https:\/\/lepatriotebenin.com\/index.php\/2025\/06\/29\/presidentielle-2025-theodore-holo-conduit-une-mission-pre-electorale-de-la-cedeao-en-cote-divoire\/#respond"]}]},{"@type":"WebPage","@id":"https:\/\/lepatriotebenin.com\/index.php\/2025\/06\/29\/presidentielle-2025-theodore-holo-conduit-une-mission-pre-electorale-de-la-cedeao-en-cote-divoire\/","url":"https:\/\/lepatriotebenin.com\/index.php\/2025\/06\/29\/presidentielle-2025-theodore-holo-conduit-une-mission-pre-electorale-de-la-cedeao-en-cote-divoire\/","name":"Pr\u00e9sidentielle 2025 : Th\u00e9odore Holo conduit une mission pr\u00e9-\u00e9lectorale de la CEDEAO en C\u00f4te d\u2019Ivoire\u00a0 - Le Patriote","isPartOf":{"@id":"https:\/\/lepatriotebenin.com\/#website"},"primaryImageOfPage":{"@id":"https:\/\/lepatriotebenin.com\/index.php\/2025\/06\/29\/presidentielle-2025-theodore-holo-conduit-une-mission-pre-electorale-de-la-cedeao-en-cote-divoire\/#primaryimage"},"image":{"@id":"https:\/\/lepatriotebenin.com\/index.php\/2025\/06\/29\/presidentielle-2025-theodore-holo-conduit-une-mission-pre-electorale-de-la-cedeao-en-cote-divoire\/#primaryimage"},"thumbnailUrl":"https:\/\/lepatriotebenin.com\/wp-content\/uploads\/2025\/06\/holo-1.jpg","datePublished":"2025-06-29T09:34:25+00:00","dateModified":"2025-06-29T09:34:26+00:00","author":{"@id":"https:\/\/lepatriotebenin.com\/#\/schema\/person\/4a9b67216c97d04045e01405c534c91f"},"breadcrumb":{"@id":"https:\/\/lepatriotebenin.com\/index.php\/2025\/06\/29\/presidentielle-2025-theodore-holo-conduit-une-mission-pre-electorale-de-la-cedeao-en-cote-divoire\/#breadcrumb"},"inLanguage":"fr-FR","potentialAction":[{"@type":"ReadAction","target":["https:\/\/lepatriotebenin.com\/index.php\/2025\/06\/29\/presidentielle-2025-theodore-holo-conduit-une-mission-pre-electorale-de-la-cedeao-en-cote-divoire\/"]}]},{"@type":"ImageObject","inLanguage":"fr-FR","@id":"https:\/\/lepatriotebenin.com\/index.php\/2025\/06\/29\/presidentielle-2025-theodore-holo-conduit-une-mission-pre-electorale-de-la-cedeao-en-cote-divoire\/#primaryimage","url":"https:\/\/lepatriotebenin.com\/wp-content\/uploads\/2025\/06\/holo-1.jpg","contentUrl":"https:\/\/lepatriotebenin.com\/wp-content\/uploads\/2025\/06\/holo-1.jpg","width":480,"height":316},{"@type":"BreadcrumbList","@id":"https:\/\/lepatriotebenin.com\/index.php\/2025\/06\/29\/presidentielle-2025-theodore-holo-conduit-une-mission-pre-electorale-de-la-cedeao-en-cote-divoire\/#breadcrumb","itemListElement":[{"@type":"ListItem","position":1,"name":"Accueil","item":"https:\/\/lepatriotebenin.com\/"},{"@type":"ListItem","position":2,"name":"Pr\u00e9sidentielle 2025 : Th\u00e9odore Holo conduit une mission pr\u00e9-\u00e9lectorale de la CEDEAO en C\u00f4te d\u2019Ivoire\u00a0"}]},{"@type":"WebSite","@id":"https:\/\/lepatriotebenin.com\/#website","url":"https:\/\/lepatriotebenin.com\/","name":"Le Patriote","description":"Le Patriote B\u00e9nin","potentialAction":[{"@type":"SearchAction","target":{"@type":"EntryPoint","urlTemplate":"https:\/\/lepatriotebenin.com\/?s={search_term_string}"},"query-input":{"@type":"PropertyValueSpecification","valueRequired":true,"valueName":"search_term_string"}}],"inLanguage":"fr-FR"},{"@type":"Person","@id":"https:\/\/lepatriotebenin.com\/#\/schema\/person\/4a9b67216c97d04045e01405c534c91f","name":"Roland AFFANOU","image":{"@type":"ImageObject","inLanguage":"fr-FR","@id":"https:\/\/secure.gravatar.com\/avatar\/7209d3f6d2d47ea4d0c67e14d3effb61feb10ae540a4381280c66265de5bd643?s=96&d=mm&r=g","url":"https:\/\/secure.gravatar.com\/avatar\/7209d3f6d2d47ea4d0c67e14d3effb61feb10ae540a4381280c66265de5bd643?s=96&d=mm&r=g","contentUrl":"https:\/\/secure.gravatar.com\/avatar\/7209d3f6d2d47ea4d0c67e14d3effb61feb10ae540a4381280c66265de5bd643?s=96&d=mm&r=g","caption":"Roland AFFANOU"},"url":"https:\/\/lepatriotebenin.com"}]}},"_links":{"self":[{"href":"https:\/\/lepatriotebenin.com\/index.php\/wp-json\/wp\/v2\/posts\/11464","targetHints":{"allow":["GET"]}}],"collection":[{"href":"https:\/\/lepatriotebenin.com\/index.php\/wp-json\/wp\/v2\/posts"}],"about":[{"href":"https:\/\/lepatriotebenin.com\/index.php\/wp-json\/wp\/v2\/types\/post"}],"author":[{"embeddable":true,"href":"https:\/\/lepatriotebenin.com\/index.php\/wp-json\/wp\/v2\/users\/6"}],"replies":[{"embeddable":true,"href":"https:\/\/lepatriotebenin.com\/index.php\/wp-json\/wp\/v2\/comments?post=11464"}],"version-history":[{"count":1,"href":"https:\/\/lepatriotebenin.com\/index.php\/wp-json\/wp\/v2\/posts\/11464\/revisions"}],"predecessor-version":[{"id":11466,"href":"https:\/\/lepatriotebenin.com\/index.php\/wp-json\/wp\/v2\/posts\/11464\/revisions\/11466"}],"wp:featuredmedia":[{"embeddable":true,"href":"https:\/\/lepatriotebenin.com\/index.php\/wp-json\/wp\/v2\/media\/11465"}],"wp:attachment":[{"href":"https:\/\/lepatriotebenin.com\/index.php\/wp-json\/wp\/v2\/media?parent=11464"}],"wp:term":[{"taxonomy":"category","embeddable":true,"href":"https:\/\/lepatriotebenin.com\/index.php\/wp-json\/wp\/v2\/categories?post=11464"},{"taxonomy":"post_tag","embeddable":true,"href":"https:\/\/lepatriotebenin.com\/index.php\/wp-json\/wp\/v2\/tags?post=11464"}],"curies":[{"name":"wp","href":"https:\/\/api.w.org\/{rel}","templated":true}]}}