{"id":11461,"date":"2025-06-29T10:57:10","date_gmt":"2025-06-29T08:57:10","guid":{"rendered":"https:\/\/lepatriotebenin.com\/?p=11461"},"modified":"2025-06-29T10:58:51","modified_gmt":"2025-06-29T08:58:51","slug":"as-monaco-paul-pogba-en-larmes-au-moment-de-signer-son-contrat","status":"publish","type":"post","link":"https:\/\/lepatriotebenin.com\/index.php\/2025\/06\/29\/as-monaco-paul-pogba-en-larmes-au-moment-de-signer-son-contrat\/","title":{"rendered":"AS Monaco: Paul Pogba en larmes au moment de signer son contrat"},"content":{"rendered":"\n<p>Quelques minutes apr\u00e8s l&rsquo;officialisation de l&rsquo;arriv\u00e9e de Paul Pogba \u00e0 l&rsquo;AS Monaco, le club de la principaut\u00e9 a partag\u00e9 sur ses r\u00e9seaux sociaux une vid\u00e9o montrant l&rsquo;international fran\u00e7ais submerg\u00e9 par les \u00e9motions au moment de parapher son contrat.<\/p>\n\n\n\n<p>\u00c9mu aux larmes<strong>. Paul Pogba<\/strong> n&rsquo;a pas pu masquer ses \u00e9motions au moment de parapher son contrat\u00a0 de deux ans \u00e0 l\u2019As Monaco. Le Fran\u00e7ais, assis aux c\u00f4t\u00e9s de\u00a0<strong>Thiago Scuro,<\/strong> le directeur g\u00e9n\u00e9ral du club, a c\u00e9d\u00e9 \u00e9motionnellement en signant ce qui repr\u00e9sente pour l&rsquo;international fran\u00e7ais la fin de quasiment deux ann\u00e9es loin des terrains. \u00ab\u00a0<em>C&rsquo;est beau \u00e0 voir mon ami, d&rsquo;\u00eatre l\u00e0 et de vivre \u00e7a avec toi<\/em>\u00a0\u00bb, lui a confi\u00e9 Scuro. <em>\u00ab\u00a0Nous te remercions. C&rsquo;est un moment sp\u00e9cial pour toi. \u00c7a l&rsquo;est aussi pour nous\u00a0\u00bb <\/em>a poursuivi le Br\u00e9silien, ce \u00e0 quoi Paul Pogba a r\u00e9pondu <em>\u00ab\u00a0merci, j&rsquo;appr\u00e9cie \u00e7a\u00a0\u00bb,<\/em> avant de le remercier pour sa confiance accord\u00e9e. Le Fran\u00e7ais de 32 ans a sign\u00e9 un contrat jusqu&rsquo;en <strong>2027 <\/strong>avec l&rsquo;ASM.<\/p>\n","protected":false},"excerpt":{"rendered":"<p>Quelques minutes apr\u00e8s l&rsquo;officialisation de l&rsquo;arriv\u00e9e de Paul Pogba \u00e0 l&rsquo;AS Monaco, le club de la principaut\u00e9 a partag\u00e9 sur ses r\u00e9seaux sociaux une vid\u00e9o montrant l&rsquo;international fran\u00e7ais submerg\u00e9 par&hellip;<\/p>\n","protected":false},"author":6,"featured_media":11463,"comment_status":"open","ping_status":"open","sticky":false,"template":"","format":"standard","meta":{"content-type":"","om_disable_all_campaigns":false,"_monsterinsights_skip_tracking":false,"_monsterinsights_sitenote_active":false,"_monsterinsights_sitenote_note":"","_monsterinsights_sitenote_category":0,"_uf_show_specific_survey":0,"_uf_disable_surveys":false,"footnotes":""},"categories":[8],"tags":[],"class_list":["post-11461","post","type-post","status-publish","format-standard","has-post-thumbnail","hentry","category-sport"],"aioseo_notices":[],"yoast_head":"<!-- This site is optimized with the Yoast SEO plugin v27.5 - https:\/\/yoast.com\/product\/yoast-seo-wordpress\/ -->\n<title>AS Monaco: Paul Pogba en larmes au moment de signer son contrat - Le Patriote<\/title>\n<meta name=\"robots\" content=\"index, follow, max-snippet:-1, max-image-preview:large, max-video-preview:-1\" \/>\n<link rel=\"canonical\" href=\"https:\/\/lepatriotebenin.com\/index.php\/2025\/06\/29\/as-monaco-paul-pogba-en-larmes-au-moment-de-signer-son-contrat\/\" \/>\n<meta property=\"og:locale\" content=\"fr_FR\" \/>\n<meta property=\"og:type\" content=\"article\" \/>\n<meta property=\"og:title\" content=\"AS Monaco: Paul Pogba en larmes au moment de signer son contrat - Le Patriote\" \/>\n<meta property=\"og:description\" content=\"Quelques minutes apr\u00e8s l&rsquo;officialisation de l&rsquo;arriv\u00e9e de Paul Pogba \u00e0 l&rsquo;AS Monaco, le club de la principaut\u00e9 a partag\u00e9 sur ses r\u00e9seaux sociaux une vid\u00e9o montrant l&rsquo;international fran\u00e7ais submerg\u00e9 par&hellip;\" \/>\n<meta property=\"og:url\" content=\"https:\/\/lepatriotebenin.com\/index.php\/2025\/06\/29\/as-monaco-paul-pogba-en-larmes-au-moment-de-signer-son-contrat\/\" \/>\n<meta property=\"og:site_name\" content=\"Le Patriote\" \/>\n<meta property=\"article:published_time\" content=\"2025-06-29T08:57:10+00:00\" \/>\n<meta property=\"article:modified_time\" content=\"2025-06-29T08:58:51+00:00\" \/>\n<meta property=\"og:image\" content=\"https:\/\/lepatriotebenin.com\/wp-content\/uploads\/2025\/06\/pogba-en-emotion.jpg\" \/>\n\t<meta property=\"og:image:width\" content=\"828\" \/>\n\t<meta property=\"og:image:height\" content=\"552\" \/>\n\t<meta property=\"og:image:type\" content=\"image\/jpeg\" \/>\n<meta name=\"author\" content=\"Roland AFFANOU\" \/>\n<meta name=\"twitter:card\" content=\"summary_large_image\" \/>\n<meta name=\"twitter:label1\" content=\"\u00c9crit par\" \/>\n\t<meta name=\"twitter:data1\" content=\"Roland AFFANOU\" \/>\n\t<meta name=\"twitter:label2\" content=\"Dur\u00e9e de lecture estim\u00e9e\" \/>\n\t<meta name=\"twitter:data2\" content=\"1 minute\" \/>\n<script type=\"application\/ld+json\" class=\"yoast-schema-graph\">{\"@context\":\"https:\\\/\\\/schema.org\",\"@graph\":[{\"@type\":\"Article\",\"@id\":\"https:\\\/\\\/lepatriotebenin.com\\\/index.php\\\/2025\\\/06\\\/29\\\/as-monaco-paul-pogba-en-larmes-au-moment-de-signer-son-contrat\\\/#article\",\"isPartOf\":{\"@id\":\"https:\\\/\\\/lepatriotebenin.com\\\/index.php\\\/2025\\\/06\\\/29\\\/as-monaco-paul-pogba-en-larmes-au-moment-de-signer-son-contrat\\\/\"},\"author\":{\"name\":\"Roland AFFANOU\",\"@id\":\"https:\\\/\\\/lepatriotebenin.com\\\/#\\\/schema\\\/person\\\/4a9b67216c97d04045e01405c534c91f\"},\"headline\":\"AS Monaco: Paul Pogba en larmes au moment de signer son contrat\",\"datePublished\":\"2025-06-29T08:57:10+00:00\",\"dateModified\":\"2025-06-29T08:58:51+00:00\",\"mainEntityOfPage\":{\"@id\":\"https:\\\/\\\/lepatriotebenin.com\\\/index.php\\\/2025\\\/06\\\/29\\\/as-monaco-paul-pogba-en-larmes-au-moment-de-signer-son-contrat\\\/\"},\"wordCount\":201,\"commentCount\":0,\"image\":{\"@id\":\"https:\\\/\\\/lepatriotebenin.com\\\/index.php\\\/2025\\\/06\\\/29\\\/as-monaco-paul-pogba-en-larmes-au-moment-de-signer-son-contrat\\\/#primaryimage\"},\"thumbnailUrl\":\"https:\\\/\\\/lepatriotebenin.com\\\/wp-content\\\/uploads\\\/2025\\\/06\\\/pogba-en-emotion.jpg\",\"articleSection\":[\"Sport\"],\"inLanguage\":\"fr-FR\",\"potentialAction\":[{\"@type\":\"CommentAction\",\"name\":\"Comment\",\"target\":[\"https:\\\/\\\/lepatriotebenin.com\\\/index.php\\\/2025\\\/06\\\/29\\\/as-monaco-paul-pogba-en-larmes-au-moment-de-signer-son-contrat\\\/#respond\"]}]},{\"@type\":\"WebPage\",\"@id\":\"https:\\\/\\\/lepatriotebenin.com\\\/index.php\\\/2025\\\/06\\\/29\\\/as-monaco-paul-pogba-en-larmes-au-moment-de-signer-son-contrat\\\/\",\"url\":\"https:\\\/\\\/lepatriotebenin.com\\\/index.php\\\/2025\\\/06\\\/29\\\/as-monaco-paul-pogba-en-larmes-au-moment-de-signer-son-contrat\\\/\",\"name\":\"AS Monaco: Paul Pogba en larmes au moment de signer son contrat - Le Patriote\",\"isPartOf\":{\"@id\":\"https:\\\/\\\/lepatriotebenin.com\\\/#website\"},\"primaryImageOfPage\":{\"@id\":\"https:\\\/\\\/lepatriotebenin.com\\\/index.php\\\/2025\\\/06\\\/29\\\/as-monaco-paul-pogba-en-larmes-au-moment-de-signer-son-contrat\\\/#primaryimage\"},\"image\":{\"@id\":\"https:\\\/\\\/lepatriotebenin.com\\\/index.php\\\/2025\\\/06\\\/29\\\/as-monaco-paul-pogba-en-larmes-au-moment-de-signer-son-contrat\\\/#primaryimage\"},\"thumbnailUrl\":\"https:\\\/\\\/lepatriotebenin.com\\\/wp-content\\\/uploads\\\/2025\\\/06\\\/pogba-en-emotion.jpg\",\"datePublished\":\"2025-06-29T08:57:10+00:00\",\"dateModified\":\"2025-06-29T08:58:51+00:00\",\"author\":{\"@id\":\"https:\\\/\\\/lepatriotebenin.com\\\/#\\\/schema\\\/person\\\/4a9b67216c97d04045e01405c534c91f\"},\"breadcrumb\":{\"@id\":\"https:\\\/\\\/lepatriotebenin.com\\\/index.php\\\/2025\\\/06\\\/29\\\/as-monaco-paul-pogba-en-larmes-au-moment-de-signer-son-contrat\\\/#breadcrumb\"},\"inLanguage\":\"fr-FR\",\"potentialAction\":[{\"@type\":\"ReadAction\",\"target\":[\"https:\\\/\\\/lepatriotebenin.com\\\/index.php\\\/2025\\\/06\\\/29\\\/as-monaco-paul-pogba-en-larmes-au-moment-de-signer-son-contrat\\\/\"]}]},{\"@type\":\"ImageObject\",\"inLanguage\":\"fr-FR\",\"@id\":\"https:\\\/\\\/lepatriotebenin.com\\\/index.php\\\/2025\\\/06\\\/29\\\/as-monaco-paul-pogba-en-larmes-au-moment-de-signer-son-contrat\\\/#primaryimage\",\"url\":\"https:\\\/\\\/lepatriotebenin.com\\\/wp-content\\\/uploads\\\/2025\\\/06\\\/pogba-en-emotion.jpg\",\"contentUrl\":\"https:\\\/\\\/lepatriotebenin.com\\\/wp-content\\\/uploads\\\/2025\\\/06\\\/pogba-en-emotion.jpg\",\"width\":828,\"height\":552},{\"@type\":\"BreadcrumbList\",\"@id\":\"https:\\\/\\\/lepatriotebenin.com\\\/index.php\\\/2025\\\/06\\\/29\\\/as-monaco-paul-pogba-en-larmes-au-moment-de-signer-son-contrat\\\/#breadcrumb\",\"itemListElement\":[{\"@type\":\"ListItem\",\"position\":1,\"name\":\"Accueil\",\"item\":\"https:\\\/\\\/lepatriotebenin.com\\\/\"},{\"@type\":\"ListItem\",\"position\":2,\"name\":\"AS Monaco: Paul Pogba en larmes au moment de signer son contrat\"}]},{\"@type\":\"WebSite\",\"@id\":\"https:\\\/\\\/lepatriotebenin.com\\\/#website\",\"url\":\"https:\\\/\\\/lepatriotebenin.com\\\/\",\"name\":\"Le Patriote\",\"description\":\"Le Patriote B\u00e9nin\",\"potentialAction\":[{\"@type\":\"SearchAction\",\"target\":{\"@type\":\"EntryPoint\",\"urlTemplate\":\"https:\\\/\\\/lepatriotebenin.com\\\/?s={search_term_string}\"},\"query-input\":{\"@type\":\"PropertyValueSpecification\",\"valueRequired\":true,\"valueName\":\"search_term_string\"}}],\"inLanguage\":\"fr-FR\"},{\"@type\":\"Person\",\"@id\":\"https:\\\/\\\/lepatriotebenin.com\\\/#\\\/schema\\\/person\\\/4a9b67216c97d04045e01405c534c91f\",\"name\":\"Roland AFFANOU\",\"image\":{\"@type\":\"ImageObject\",\"inLanguage\":\"fr-FR\",\"@id\":\"https:\\\/\\\/secure.gravatar.com\\\/avatar\\\/7209d3f6d2d47ea4d0c67e14d3effb61feb10ae540a4381280c66265de5bd643?s=96&d=mm&r=g\",\"url\":\"https:\\\/\\\/secure.gravatar.com\\\/avatar\\\/7209d3f6d2d47ea4d0c67e14d3effb61feb10ae540a4381280c66265de5bd643?s=96&d=mm&r=g\",\"contentUrl\":\"https:\\\/\\\/secure.gravatar.com\\\/avatar\\\/7209d3f6d2d47ea4d0c67e14d3effb61feb10ae540a4381280c66265de5bd643?s=96&d=mm&r=g\",\"caption\":\"Roland AFFANOU\"},\"url\":\"https:\\\/\\\/lepatriotebenin.com\"}]}<\/script>\n<!-- \/ Yoast SEO plugin. -->","yoast_head_json":{"title":"AS Monaco: Paul Pogba en larmes au moment de signer son contrat - Le Patriote","robots":{"index":"index","follow":"follow","max-snippet":"max-snippet:-1","max-image-preview":"max-image-preview:large","max-video-preview":"max-video-preview:-1"},"canonical":"https:\/\/lepatriotebenin.com\/index.php\/2025\/06\/29\/as-monaco-paul-pogba-en-larmes-au-moment-de-signer-son-contrat\/","og_locale":"fr_FR","og_type":"article","og_title":"AS Monaco: Paul Pogba en larmes au moment de signer son contrat - Le Patriote","og_description":"Quelques minutes apr\u00e8s l&rsquo;officialisation de l&rsquo;arriv\u00e9e de Paul Pogba \u00e0 l&rsquo;AS Monaco, le club de la principaut\u00e9 a partag\u00e9 sur ses r\u00e9seaux sociaux une vid\u00e9o montrant l&rsquo;international fran\u00e7ais submerg\u00e9 par&hellip;","og_url":"https:\/\/lepatriotebenin.com\/index.php\/2025\/06\/29\/as-monaco-paul-pogba-en-larmes-au-moment-de-signer-son-contrat\/","og_site_name":"Le Patriote","article_published_time":"2025-06-29T08:57:10+00:00","article_modified_time":"2025-06-29T08:58:51+00:00","og_image":[{"width":828,"height":552,"url":"https:\/\/lepatriotebenin.com\/wp-content\/uploads\/2025\/06\/pogba-en-emotion.jpg","type":"image\/jpeg"}],"author":"Roland AFFANOU","twitter_card":"summary_large_image","twitter_misc":{"\u00c9crit par":"Roland AFFANOU","Dur\u00e9e de lecture estim\u00e9e":"1 minute"},"schema":{"@context":"https:\/\/schema.org","@graph":[{"@type":"Article","@id":"https:\/\/lepatriotebenin.com\/index.php\/2025\/06\/29\/as-monaco-paul-pogba-en-larmes-au-moment-de-signer-son-contrat\/#article","isPartOf":{"@id":"https:\/\/lepatriotebenin.com\/index.php\/2025\/06\/29\/as-monaco-paul-pogba-en-larmes-au-moment-de-signer-son-contrat\/"},"author":{"name":"Roland AFFANOU","@id":"https:\/\/lepatriotebenin.com\/#\/schema\/person\/4a9b67216c97d04045e01405c534c91f"},"headline":"AS Monaco: Paul Pogba en larmes au moment de signer son contrat","datePublished":"2025-06-29T08:57:10+00:00","dateModified":"2025-06-29T08:58:51+00:00","mainEntityOfPage":{"@id":"https:\/\/lepatriotebenin.com\/index.php\/2025\/06\/29\/as-monaco-paul-pogba-en-larmes-au-moment-de-signer-son-contrat\/"},"wordCount":201,"commentCount":0,"image":{"@id":"https:\/\/lepatriotebenin.com\/index.php\/2025\/06\/29\/as-monaco-paul-pogba-en-larmes-au-moment-de-signer-son-contrat\/#primaryimage"},"thumbnailUrl":"https:\/\/lepatriotebenin.com\/wp-content\/uploads\/2025\/06\/pogba-en-emotion.jpg","articleSection":["Sport"],"inLanguage":"fr-FR","potentialAction":[{"@type":"CommentAction","name":"Comment","target":["https:\/\/lepatriotebenin.com\/index.php\/2025\/06\/29\/as-monaco-paul-pogba-en-larmes-au-moment-de-signer-son-contrat\/#respond"]}]},{"@type":"WebPage","@id":"https:\/\/lepatriotebenin.com\/index.php\/2025\/06\/29\/as-monaco-paul-pogba-en-larmes-au-moment-de-signer-son-contrat\/","url":"https:\/\/lepatriotebenin.com\/index.php\/2025\/06\/29\/as-monaco-paul-pogba-en-larmes-au-moment-de-signer-son-contrat\/","name":"AS Monaco: Paul Pogba en larmes au moment de signer son contrat - Le Patriote","isPartOf":{"@id":"https:\/\/lepatriotebenin.com\/#website"},"primaryImageOfPage":{"@id":"https:\/\/lepatriotebenin.com\/index.php\/2025\/06\/29\/as-monaco-paul-pogba-en-larmes-au-moment-de-signer-son-contrat\/#primaryimage"},"image":{"@id":"https:\/\/lepatriotebenin.com\/index.php\/2025\/06\/29\/as-monaco-paul-pogba-en-larmes-au-moment-de-signer-son-contrat\/#primaryimage"},"thumbnailUrl":"https:\/\/lepatriotebenin.com\/wp-content\/uploads\/2025\/06\/pogba-en-emotion.jpg","datePublished":"2025-06-29T08:57:10+00:00","dateModified":"2025-06-29T08:58:51+00:00","author":{"@id":"https:\/\/lepatriotebenin.com\/#\/schema\/person\/4a9b67216c97d04045e01405c534c91f"},"breadcrumb":{"@id":"https:\/\/lepatriotebenin.com\/index.php\/2025\/06\/29\/as-monaco-paul-pogba-en-larmes-au-moment-de-signer-son-contrat\/#breadcrumb"},"inLanguage":"fr-FR","potentialAction":[{"@type":"ReadAction","target":["https:\/\/lepatriotebenin.com\/index.php\/2025\/06\/29\/as-monaco-paul-pogba-en-larmes-au-moment-de-signer-son-contrat\/"]}]},{"@type":"ImageObject","inLanguage":"fr-FR","@id":"https:\/\/lepatriotebenin.com\/index.php\/2025\/06\/29\/as-monaco-paul-pogba-en-larmes-au-moment-de-signer-son-contrat\/#primaryimage","url":"https:\/\/lepatriotebenin.com\/wp-content\/uploads\/2025\/06\/pogba-en-emotion.jpg","contentUrl":"https:\/\/lepatriotebenin.com\/wp-content\/uploads\/2025\/06\/pogba-en-emotion.jpg","width":828,"height":552},{"@type":"BreadcrumbList","@id":"https:\/\/lepatriotebenin.com\/index.php\/2025\/06\/29\/as-monaco-paul-pogba-en-larmes-au-moment-de-signer-son-contrat\/#breadcrumb","itemListElement":[{"@type":"ListItem","position":1,"name":"Accueil","item":"https:\/\/lepatriotebenin.com\/"},{"@type":"ListItem","position":2,"name":"AS Monaco: Paul Pogba en larmes au moment de signer son contrat"}]},{"@type":"WebSite","@id":"https:\/\/lepatriotebenin.com\/#website","url":"https:\/\/lepatriotebenin.com\/","name":"Le Patriote","description":"Le Patriote B\u00e9nin","potentialAction":[{"@type":"SearchAction","target":{"@type":"EntryPoint","urlTemplate":"https:\/\/lepatriotebenin.com\/?s={search_term_string}"},"query-input":{"@type":"PropertyValueSpecification","valueRequired":true,"valueName":"search_term_string"}}],"inLanguage":"fr-FR"},{"@type":"Person","@id":"https:\/\/lepatriotebenin.com\/#\/schema\/person\/4a9b67216c97d04045e01405c534c91f","name":"Roland AFFANOU","image":{"@type":"ImageObject","inLanguage":"fr-FR","@id":"https:\/\/secure.gravatar.com\/avatar\/7209d3f6d2d47ea4d0c67e14d3effb61feb10ae540a4381280c66265de5bd643?s=96&d=mm&r=g","url":"https:\/\/secure.gravatar.com\/avatar\/7209d3f6d2d47ea4d0c67e14d3effb61feb10ae540a4381280c66265de5bd643?s=96&d=mm&r=g","contentUrl":"https:\/\/secure.gravatar.com\/avatar\/7209d3f6d2d47ea4d0c67e14d3effb61feb10ae540a4381280c66265de5bd643?s=96&d=mm&r=g","caption":"Roland AFFANOU"},"url":"https:\/\/lepatriotebenin.com"}]}},"_links":{"self":[{"href":"https:\/\/lepatriotebenin.com\/index.php\/wp-json\/wp\/v2\/posts\/11461","targetHints":{"allow":["GET"]}}],"collection":[{"href":"https:\/\/lepatriotebenin.com\/index.php\/wp-json\/wp\/v2\/posts"}],"about":[{"href":"https:\/\/lepatriotebenin.com\/index.php\/wp-json\/wp\/v2\/types\/post"}],"author":[{"embeddable":true,"href":"https:\/\/lepatriotebenin.com\/index.php\/wp-json\/wp\/v2\/users\/6"}],"replies":[{"embeddable":true,"href":"https:\/\/lepatriotebenin.com\/index.php\/wp-json\/wp\/v2\/comments?post=11461"}],"version-history":[{"count":1,"href":"https:\/\/lepatriotebenin.com\/index.php\/wp-json\/wp\/v2\/posts\/11461\/revisions"}],"predecessor-version":[{"id":11462,"href":"https:\/\/lepatriotebenin.com\/index.php\/wp-json\/wp\/v2\/posts\/11461\/revisions\/11462"}],"wp:featuredmedia":[{"embeddable":true,"href":"https:\/\/lepatriotebenin.com\/index.php\/wp-json\/wp\/v2\/media\/11463"}],"wp:attachment":[{"href":"https:\/\/lepatriotebenin.com\/index.php\/wp-json\/wp\/v2\/media?parent=11461"}],"wp:term":[{"taxonomy":"category","embeddable":true,"href":"https:\/\/lepatriotebenin.com\/index.php\/wp-json\/wp\/v2\/categories?post=11461"},{"taxonomy":"post_tag","embeddable":true,"href":"https:\/\/lepatriotebenin.com\/index.php\/wp-json\/wp\/v2\/tags?post=11461"}],"curies":[{"name":"wp","href":"https:\/\/api.w.org\/{rel}","templated":true}]}}