{"id":11458,"date":"2025-06-29T01:16:24","date_gmt":"2025-06-28T23:16:24","guid":{"rendered":"https:\/\/lepatriotebenin.com\/?p=11458"},"modified":"2025-06-29T01:16:32","modified_gmt":"2025-06-28T23:16:32","slug":"cameroun-un-allie-de-biya-annonce-sa-candidature-a-la-presidentielle","status":"publish","type":"post","link":"https:\/\/lepatriotebenin.com\/index.php\/2025\/06\/29\/cameroun-un-allie-de-biya-annonce-sa-candidature-a-la-presidentielle\/","title":{"rendered":"Cameroun: un alli\u00e9 de Biya annonce sa candidature \u00e0 la pr\u00e9sidentielle"},"content":{"rendered":"\n<p>Les Camerounais en \u00e2ge de voter &nbsp;iront aux urnes en octobre 2025 pour \u00e9lire leur pr\u00e9sident de la R\u00e9publique. \u00c2g\u00e9 de 92 ans et au pourvoir depuis 43 ans, le Pr2sident Paul Biya, n\u2019a pas encore officialis\u00e9 sa candidature. Mais son gouvernement se vide de plus en plus de ses t\u00e9nors. Apr\u00e8s la d\u00e9mission du <strong>ministre de l\u2019Emploi et de la Formation professionnelle, Issa Tchiroma Bakary&nbsp; et sa d\u00e9claration de candidature pour la prochaine \u00e9lection pr\u00e9sidentielle, c\u2019est le tour d\u2019un autre ministre d\u2019annoncer les couleurs. Il s\u2019agit de <\/strong><strong>Bello Bouba Ma\u00efgari,<\/strong> pr\u00e9sident de l\u2019Union nationale pour la d\u00e9mocratie et le progr\u00e8s (UNDP) et ministre d\u2019\u00c9tat en charge du Tourisme et des Loisirs,&nbsp; de d\u00e9clarer officiellement lui&nbsp; aussi ce &nbsp;samedi 28 juin &nbsp;202 sa candidature&nbsp; pour le scrutin pr\u00e9sidentiel d\u2019octobre prochain.<\/p>\n\n\n\n<p>\u00ab<strong><em>&nbsp;<\/em><\/strong><strong><em>Nous avons toujours cru \u00e0 la voie r\u00e9publicaine. Aujourd\u2019hui, c\u2019est avec responsabilit\u00e9 que j\u2019annonce ma candidature \u00e0 l\u2019\u00e9lection pr\u00e9sidentielle. Le moment est venu d\u2019agir, dans le respect des institutions et pour l\u2019int\u00e9r\u00eat du peuple camerounais<\/em><\/strong>&nbsp;\u00bb, a-t-il d\u00e9clar\u00e9 sous les acclamations de ses militants avant d\u2019affirmer lors d\u2019une conf\u00e9rence de presse \u00e0 Yaound\u00e9, \u00e0 l\u2019issue d\u2019une r\u00e9union extraordinaire de son parti&nbsp;: <em>\u00ab&nbsp;Apr\u00e8s les d\u00e9lib\u00e9rations et l\u2019approbation du comit\u00e9 central, j\u2019ai accept\u00e9 d\u2019\u00eatre candidat \u00e0 l\u2019\u00e9lection pr\u00e9sidentielle<strong>&nbsp;\u00bb<\/strong><\/em>. Cette d\u00e9cision intervient alors que la pression des militants de l\u2019UNDP, d\u00e9sireux de rompre avec <em>\u00ab&nbsp;<\/em>la mal-gouvernance&nbsp;\u00bb, la \u00ab&nbsp;<em>corruption&nbsp;\u00bb<\/em>&nbsp; et les \u00ab&nbsp;<em>injustices criantes<\/em>&nbsp;\u00bb, s\u2019\u00e9tait intensifi\u00e9e ces derniers mois. \u00c0 78 ans, cet ancien Premier ministre (1982-1983), longtemps consid\u00e9r\u00e9 comme un alli\u00e9 strat\u00e9gique de Paul Biya&nbsp; et ministre d\u2019Etat depuis 20 ans, prend ses distances avec le pr\u00e9sident nonag\u00e9naire.<\/p>\n\n\n\n<p>Bello Bouba Ma\u00efgari et Issa Tchiroma Bakary, tous deux originaires du nord du Cameroun, r\u00e9gion qui repr\u00e9sente environ 40 % du corps \u00e9lectoral, &nbsp;pourraient redessiner les \u00e9quilibres politiques dans cette zone historiquement favorable au parti au pouvoir, le Rassemblement d\u00e9mocratique du peuple camerounais (RDPC). L\u2019annonce de ces candidatures pourrait fragmenter l\u2019\u00e9lectorat septentrional et affaiblir l\u2019assise du pouvoir, d\u2019autant que Paul Biya, 92 ans, n\u2019a pas encore confirm\u00e9 s\u2019il briguerait un nouveau mandat. \u00c0 l\u2019approche du scrutin, cette recomposition politique oblige \u00e0 une relecture strat\u00e9gique, aussi bien du c\u00f4t\u00e9 du pouvoir que de l\u2019opposition.<\/p>\n\n\n\n<p>&nbsp;Rappelons que d\u00e9j\u00e0 candidat en 1992&nbsp; Bello Bouba Ma\u00efgari s\u2019\u00e9tait alors class\u00e9 troisi\u00e8me derri\u00e8re Paul Biya et l\u2019opposant anglophone <strong>John Fru Ndi<\/strong>&nbsp;.Il avait ensuite ralli\u00e9 la majorit\u00e9 pr\u00e9sidentielle en <strong>1997.<\/strong> Depuis, il avait occup\u00e9 plusieurs postes minist\u00e9riels, tout en gardant un profil discret. Son retour en premi\u00e8re ligne intervient dans un climat d\u2019incertitude autour de la succession de Paul Biya, au pouvoir depuis <strong>1982.<\/strong>Il rejoint une liste de plus en plus fournie de candidats d\u00e9clar\u00e9s, parmi lesquels figurent <strong>Maurice Kamto<\/strong> (MRC), <strong>Cabral Libii<\/strong> (PCRN), <strong>Joshua Osih<\/strong> (SDF) et <strong>Serge Espoir Matomba<\/strong> (PURS). Cette pluralit\u00e9, combin\u00e9e \u00e0 la fragilit\u00e9 du consensus autour du RDPC, ouvre un nouveau chapitre dans l\u2019histoire \u00e9lectorale du Cameroun, qui pourrait marquer la fin d\u2019une \u00e8re.<\/p>\n","protected":false},"excerpt":{"rendered":"<p>Les Camerounais en \u00e2ge de voter &nbsp;iront aux urnes en octobre 2025 pour \u00e9lire leur pr\u00e9sident de la R\u00e9publique. \u00c2g\u00e9 de 92 ans et au pourvoir depuis 43 ans, le&hellip;<\/p>\n","protected":false},"author":6,"featured_media":11459,"comment_status":"open","ping_status":"open","sticky":false,"template":"","format":"standard","meta":{"content-type":"","om_disable_all_campaigns":false,"_monsterinsights_skip_tracking":false,"_monsterinsights_sitenote_active":false,"_monsterinsights_sitenote_note":"","_monsterinsights_sitenote_category":0,"_uf_show_specific_survey":0,"_uf_disable_surveys":false,"footnotes":""},"categories":[9],"tags":[],"class_list":["post-11458","post","type-post","status-publish","format-standard","has-post-thumbnail","hentry","category-uncategorized"],"aioseo_notices":[],"yoast_head":"<!-- This site is optimized with the Yoast SEO plugin v27.5 - https:\/\/yoast.com\/product\/yoast-seo-wordpress\/ -->\n<title>Cameroun: un alli\u00e9 de Biya annonce sa candidature \u00e0 la pr\u00e9sidentielle - Le Patriote<\/title>\n<meta name=\"robots\" content=\"index, follow, max-snippet:-1, max-image-preview:large, max-video-preview:-1\" \/>\n<link rel=\"canonical\" href=\"https:\/\/lepatriotebenin.com\/index.php\/2025\/06\/29\/cameroun-un-allie-de-biya-annonce-sa-candidature-a-la-presidentielle\/\" \/>\n<meta property=\"og:locale\" content=\"fr_FR\" \/>\n<meta property=\"og:type\" content=\"article\" \/>\n<meta property=\"og:title\" content=\"Cameroun: un alli\u00e9 de Biya annonce sa candidature \u00e0 la pr\u00e9sidentielle - Le Patriote\" \/>\n<meta property=\"og:description\" content=\"Les Camerounais en \u00e2ge de voter &nbsp;iront aux urnes en octobre 2025 pour \u00e9lire leur pr\u00e9sident de la R\u00e9publique. \u00c2g\u00e9 de 92 ans et au pourvoir depuis 43 ans, le&hellip;\" \/>\n<meta property=\"og:url\" content=\"https:\/\/lepatriotebenin.com\/index.php\/2025\/06\/29\/cameroun-un-allie-de-biya-annonce-sa-candidature-a-la-presidentielle\/\" \/>\n<meta property=\"og:site_name\" content=\"Le Patriote\" \/>\n<meta property=\"article:published_time\" content=\"2025-06-28T23:16:24+00:00\" \/>\n<meta property=\"article:modified_time\" content=\"2025-06-28T23:16:32+00:00\" \/>\n<meta property=\"og:image\" content=\"https:\/\/lepatriotebenin.com\/wp-content\/uploads\/2025\/06\/bouba.jpg\" \/>\n\t<meta property=\"og:image:width\" content=\"980\" \/>\n\t<meta property=\"og:image:height\" content=\"551\" \/>\n\t<meta property=\"og:image:type\" content=\"image\/jpeg\" \/>\n<meta name=\"author\" content=\"Roland AFFANOU\" \/>\n<meta name=\"twitter:card\" content=\"summary_large_image\" \/>\n<meta name=\"twitter:label1\" content=\"\u00c9crit par\" \/>\n\t<meta name=\"twitter:data1\" content=\"Roland AFFANOU\" \/>\n\t<meta name=\"twitter:label2\" content=\"Dur\u00e9e de lecture estim\u00e9e\" \/>\n\t<meta name=\"twitter:data2\" content=\"3 minutes\" \/>\n<script type=\"application\/ld+json\" class=\"yoast-schema-graph\">{\"@context\":\"https:\\\/\\\/schema.org\",\"@graph\":[{\"@type\":\"Article\",\"@id\":\"https:\\\/\\\/lepatriotebenin.com\\\/index.php\\\/2025\\\/06\\\/29\\\/cameroun-un-allie-de-biya-annonce-sa-candidature-a-la-presidentielle\\\/#article\",\"isPartOf\":{\"@id\":\"https:\\\/\\\/lepatriotebenin.com\\\/index.php\\\/2025\\\/06\\\/29\\\/cameroun-un-allie-de-biya-annonce-sa-candidature-a-la-presidentielle\\\/\"},\"author\":{\"name\":\"Roland AFFANOU\",\"@id\":\"https:\\\/\\\/lepatriotebenin.com\\\/#\\\/schema\\\/person\\\/4a9b67216c97d04045e01405c534c91f\"},\"headline\":\"Cameroun: un alli\u00e9 de Biya annonce sa candidature \u00e0 la pr\u00e9sidentielle\",\"datePublished\":\"2025-06-28T23:16:24+00:00\",\"dateModified\":\"2025-06-28T23:16:32+00:00\",\"mainEntityOfPage\":{\"@id\":\"https:\\\/\\\/lepatriotebenin.com\\\/index.php\\\/2025\\\/06\\\/29\\\/cameroun-un-allie-de-biya-annonce-sa-candidature-a-la-presidentielle\\\/\"},\"wordCount\":577,\"commentCount\":0,\"image\":{\"@id\":\"https:\\\/\\\/lepatriotebenin.com\\\/index.php\\\/2025\\\/06\\\/29\\\/cameroun-un-allie-de-biya-annonce-sa-candidature-a-la-presidentielle\\\/#primaryimage\"},\"thumbnailUrl\":\"https:\\\/\\\/lepatriotebenin.com\\\/wp-content\\\/uploads\\\/2025\\\/06\\\/bouba.jpg\",\"articleSection\":[\"Uncategorized\"],\"inLanguage\":\"fr-FR\",\"potentialAction\":[{\"@type\":\"CommentAction\",\"name\":\"Comment\",\"target\":[\"https:\\\/\\\/lepatriotebenin.com\\\/index.php\\\/2025\\\/06\\\/29\\\/cameroun-un-allie-de-biya-annonce-sa-candidature-a-la-presidentielle\\\/#respond\"]}]},{\"@type\":\"WebPage\",\"@id\":\"https:\\\/\\\/lepatriotebenin.com\\\/index.php\\\/2025\\\/06\\\/29\\\/cameroun-un-allie-de-biya-annonce-sa-candidature-a-la-presidentielle\\\/\",\"url\":\"https:\\\/\\\/lepatriotebenin.com\\\/index.php\\\/2025\\\/06\\\/29\\\/cameroun-un-allie-de-biya-annonce-sa-candidature-a-la-presidentielle\\\/\",\"name\":\"Cameroun: un alli\u00e9 de Biya annonce sa candidature \u00e0 la pr\u00e9sidentielle - Le Patriote\",\"isPartOf\":{\"@id\":\"https:\\\/\\\/lepatriotebenin.com\\\/#website\"},\"primaryImageOfPage\":{\"@id\":\"https:\\\/\\\/lepatriotebenin.com\\\/index.php\\\/2025\\\/06\\\/29\\\/cameroun-un-allie-de-biya-annonce-sa-candidature-a-la-presidentielle\\\/#primaryimage\"},\"image\":{\"@id\":\"https:\\\/\\\/lepatriotebenin.com\\\/index.php\\\/2025\\\/06\\\/29\\\/cameroun-un-allie-de-biya-annonce-sa-candidature-a-la-presidentielle\\\/#primaryimage\"},\"thumbnailUrl\":\"https:\\\/\\\/lepatriotebenin.com\\\/wp-content\\\/uploads\\\/2025\\\/06\\\/bouba.jpg\",\"datePublished\":\"2025-06-28T23:16:24+00:00\",\"dateModified\":\"2025-06-28T23:16:32+00:00\",\"author\":{\"@id\":\"https:\\\/\\\/lepatriotebenin.com\\\/#\\\/schema\\\/person\\\/4a9b67216c97d04045e01405c534c91f\"},\"breadcrumb\":{\"@id\":\"https:\\\/\\\/lepatriotebenin.com\\\/index.php\\\/2025\\\/06\\\/29\\\/cameroun-un-allie-de-biya-annonce-sa-candidature-a-la-presidentielle\\\/#breadcrumb\"},\"inLanguage\":\"fr-FR\",\"potentialAction\":[{\"@type\":\"ReadAction\",\"target\":[\"https:\\\/\\\/lepatriotebenin.com\\\/index.php\\\/2025\\\/06\\\/29\\\/cameroun-un-allie-de-biya-annonce-sa-candidature-a-la-presidentielle\\\/\"]}]},{\"@type\":\"ImageObject\",\"inLanguage\":\"fr-FR\",\"@id\":\"https:\\\/\\\/lepatriotebenin.com\\\/index.php\\\/2025\\\/06\\\/29\\\/cameroun-un-allie-de-biya-annonce-sa-candidature-a-la-presidentielle\\\/#primaryimage\",\"url\":\"https:\\\/\\\/lepatriotebenin.com\\\/wp-content\\\/uploads\\\/2025\\\/06\\\/bouba.jpg\",\"contentUrl\":\"https:\\\/\\\/lepatriotebenin.com\\\/wp-content\\\/uploads\\\/2025\\\/06\\\/bouba.jpg\",\"width\":980,\"height\":551},{\"@type\":\"BreadcrumbList\",\"@id\":\"https:\\\/\\\/lepatriotebenin.com\\\/index.php\\\/2025\\\/06\\\/29\\\/cameroun-un-allie-de-biya-annonce-sa-candidature-a-la-presidentielle\\\/#breadcrumb\",\"itemListElement\":[{\"@type\":\"ListItem\",\"position\":1,\"name\":\"Accueil\",\"item\":\"https:\\\/\\\/lepatriotebenin.com\\\/\"},{\"@type\":\"ListItem\",\"position\":2,\"name\":\"Cameroun: un alli\u00e9 de Biya annonce sa candidature \u00e0 la pr\u00e9sidentielle\"}]},{\"@type\":\"WebSite\",\"@id\":\"https:\\\/\\\/lepatriotebenin.com\\\/#website\",\"url\":\"https:\\\/\\\/lepatriotebenin.com\\\/\",\"name\":\"Le Patriote\",\"description\":\"Le Patriote B\u00e9nin\",\"potentialAction\":[{\"@type\":\"SearchAction\",\"target\":{\"@type\":\"EntryPoint\",\"urlTemplate\":\"https:\\\/\\\/lepatriotebenin.com\\\/?s={search_term_string}\"},\"query-input\":{\"@type\":\"PropertyValueSpecification\",\"valueRequired\":true,\"valueName\":\"search_term_string\"}}],\"inLanguage\":\"fr-FR\"},{\"@type\":\"Person\",\"@id\":\"https:\\\/\\\/lepatriotebenin.com\\\/#\\\/schema\\\/person\\\/4a9b67216c97d04045e01405c534c91f\",\"name\":\"Roland AFFANOU\",\"image\":{\"@type\":\"ImageObject\",\"inLanguage\":\"fr-FR\",\"@id\":\"https:\\\/\\\/secure.gravatar.com\\\/avatar\\\/7209d3f6d2d47ea4d0c67e14d3effb61feb10ae540a4381280c66265de5bd643?s=96&d=mm&r=g\",\"url\":\"https:\\\/\\\/secure.gravatar.com\\\/avatar\\\/7209d3f6d2d47ea4d0c67e14d3effb61feb10ae540a4381280c66265de5bd643?s=96&d=mm&r=g\",\"contentUrl\":\"https:\\\/\\\/secure.gravatar.com\\\/avatar\\\/7209d3f6d2d47ea4d0c67e14d3effb61feb10ae540a4381280c66265de5bd643?s=96&d=mm&r=g\",\"caption\":\"Roland AFFANOU\"},\"url\":\"https:\\\/\\\/lepatriotebenin.com\"}]}<\/script>\n<!-- \/ Yoast SEO plugin. -->","yoast_head_json":{"title":"Cameroun: un alli\u00e9 de Biya annonce sa candidature \u00e0 la pr\u00e9sidentielle - Le Patriote","robots":{"index":"index","follow":"follow","max-snippet":"max-snippet:-1","max-image-preview":"max-image-preview:large","max-video-preview":"max-video-preview:-1"},"canonical":"https:\/\/lepatriotebenin.com\/index.php\/2025\/06\/29\/cameroun-un-allie-de-biya-annonce-sa-candidature-a-la-presidentielle\/","og_locale":"fr_FR","og_type":"article","og_title":"Cameroun: un alli\u00e9 de Biya annonce sa candidature \u00e0 la pr\u00e9sidentielle - Le Patriote","og_description":"Les Camerounais en \u00e2ge de voter &nbsp;iront aux urnes en octobre 2025 pour \u00e9lire leur pr\u00e9sident de la R\u00e9publique. \u00c2g\u00e9 de 92 ans et au pourvoir depuis 43 ans, le&hellip;","og_url":"https:\/\/lepatriotebenin.com\/index.php\/2025\/06\/29\/cameroun-un-allie-de-biya-annonce-sa-candidature-a-la-presidentielle\/","og_site_name":"Le Patriote","article_published_time":"2025-06-28T23:16:24+00:00","article_modified_time":"2025-06-28T23:16:32+00:00","og_image":[{"width":980,"height":551,"url":"https:\/\/lepatriotebenin.com\/wp-content\/uploads\/2025\/06\/bouba.jpg","type":"image\/jpeg"}],"author":"Roland AFFANOU","twitter_card":"summary_large_image","twitter_misc":{"\u00c9crit par":"Roland AFFANOU","Dur\u00e9e de lecture estim\u00e9e":"3 minutes"},"schema":{"@context":"https:\/\/schema.org","@graph":[{"@type":"Article","@id":"https:\/\/lepatriotebenin.com\/index.php\/2025\/06\/29\/cameroun-un-allie-de-biya-annonce-sa-candidature-a-la-presidentielle\/#article","isPartOf":{"@id":"https:\/\/lepatriotebenin.com\/index.php\/2025\/06\/29\/cameroun-un-allie-de-biya-annonce-sa-candidature-a-la-presidentielle\/"},"author":{"name":"Roland AFFANOU","@id":"https:\/\/lepatriotebenin.com\/#\/schema\/person\/4a9b67216c97d04045e01405c534c91f"},"headline":"Cameroun: un alli\u00e9 de Biya annonce sa candidature \u00e0 la pr\u00e9sidentielle","datePublished":"2025-06-28T23:16:24+00:00","dateModified":"2025-06-28T23:16:32+00:00","mainEntityOfPage":{"@id":"https:\/\/lepatriotebenin.com\/index.php\/2025\/06\/29\/cameroun-un-allie-de-biya-annonce-sa-candidature-a-la-presidentielle\/"},"wordCount":577,"commentCount":0,"image":{"@id":"https:\/\/lepatriotebenin.com\/index.php\/2025\/06\/29\/cameroun-un-allie-de-biya-annonce-sa-candidature-a-la-presidentielle\/#primaryimage"},"thumbnailUrl":"https:\/\/lepatriotebenin.com\/wp-content\/uploads\/2025\/06\/bouba.jpg","articleSection":["Uncategorized"],"inLanguage":"fr-FR","potentialAction":[{"@type":"CommentAction","name":"Comment","target":["https:\/\/lepatriotebenin.com\/index.php\/2025\/06\/29\/cameroun-un-allie-de-biya-annonce-sa-candidature-a-la-presidentielle\/#respond"]}]},{"@type":"WebPage","@id":"https:\/\/lepatriotebenin.com\/index.php\/2025\/06\/29\/cameroun-un-allie-de-biya-annonce-sa-candidature-a-la-presidentielle\/","url":"https:\/\/lepatriotebenin.com\/index.php\/2025\/06\/29\/cameroun-un-allie-de-biya-annonce-sa-candidature-a-la-presidentielle\/","name":"Cameroun: un alli\u00e9 de Biya annonce sa candidature \u00e0 la pr\u00e9sidentielle - Le Patriote","isPartOf":{"@id":"https:\/\/lepatriotebenin.com\/#website"},"primaryImageOfPage":{"@id":"https:\/\/lepatriotebenin.com\/index.php\/2025\/06\/29\/cameroun-un-allie-de-biya-annonce-sa-candidature-a-la-presidentielle\/#primaryimage"},"image":{"@id":"https:\/\/lepatriotebenin.com\/index.php\/2025\/06\/29\/cameroun-un-allie-de-biya-annonce-sa-candidature-a-la-presidentielle\/#primaryimage"},"thumbnailUrl":"https:\/\/lepatriotebenin.com\/wp-content\/uploads\/2025\/06\/bouba.jpg","datePublished":"2025-06-28T23:16:24+00:00","dateModified":"2025-06-28T23:16:32+00:00","author":{"@id":"https:\/\/lepatriotebenin.com\/#\/schema\/person\/4a9b67216c97d04045e01405c534c91f"},"breadcrumb":{"@id":"https:\/\/lepatriotebenin.com\/index.php\/2025\/06\/29\/cameroun-un-allie-de-biya-annonce-sa-candidature-a-la-presidentielle\/#breadcrumb"},"inLanguage":"fr-FR","potentialAction":[{"@type":"ReadAction","target":["https:\/\/lepatriotebenin.com\/index.php\/2025\/06\/29\/cameroun-un-allie-de-biya-annonce-sa-candidature-a-la-presidentielle\/"]}]},{"@type":"ImageObject","inLanguage":"fr-FR","@id":"https:\/\/lepatriotebenin.com\/index.php\/2025\/06\/29\/cameroun-un-allie-de-biya-annonce-sa-candidature-a-la-presidentielle\/#primaryimage","url":"https:\/\/lepatriotebenin.com\/wp-content\/uploads\/2025\/06\/bouba.jpg","contentUrl":"https:\/\/lepatriotebenin.com\/wp-content\/uploads\/2025\/06\/bouba.jpg","width":980,"height":551},{"@type":"BreadcrumbList","@id":"https:\/\/lepatriotebenin.com\/index.php\/2025\/06\/29\/cameroun-un-allie-de-biya-annonce-sa-candidature-a-la-presidentielle\/#breadcrumb","itemListElement":[{"@type":"ListItem","position":1,"name":"Accueil","item":"https:\/\/lepatriotebenin.com\/"},{"@type":"ListItem","position":2,"name":"Cameroun: un alli\u00e9 de Biya annonce sa candidature \u00e0 la pr\u00e9sidentielle"}]},{"@type":"WebSite","@id":"https:\/\/lepatriotebenin.com\/#website","url":"https:\/\/lepatriotebenin.com\/","name":"Le Patriote","description":"Le Patriote B\u00e9nin","potentialAction":[{"@type":"SearchAction","target":{"@type":"EntryPoint","urlTemplate":"https:\/\/lepatriotebenin.com\/?s={search_term_string}"},"query-input":{"@type":"PropertyValueSpecification","valueRequired":true,"valueName":"search_term_string"}}],"inLanguage":"fr-FR"},{"@type":"Person","@id":"https:\/\/lepatriotebenin.com\/#\/schema\/person\/4a9b67216c97d04045e01405c534c91f","name":"Roland AFFANOU","image":{"@type":"ImageObject","inLanguage":"fr-FR","@id":"https:\/\/secure.gravatar.com\/avatar\/7209d3f6d2d47ea4d0c67e14d3effb61feb10ae540a4381280c66265de5bd643?s=96&d=mm&r=g","url":"https:\/\/secure.gravatar.com\/avatar\/7209d3f6d2d47ea4d0c67e14d3effb61feb10ae540a4381280c66265de5bd643?s=96&d=mm&r=g","contentUrl":"https:\/\/secure.gravatar.com\/avatar\/7209d3f6d2d47ea4d0c67e14d3effb61feb10ae540a4381280c66265de5bd643?s=96&d=mm&r=g","caption":"Roland AFFANOU"},"url":"https:\/\/lepatriotebenin.com"}]}},"_links":{"self":[{"href":"https:\/\/lepatriotebenin.com\/index.php\/wp-json\/wp\/v2\/posts\/11458","targetHints":{"allow":["GET"]}}],"collection":[{"href":"https:\/\/lepatriotebenin.com\/index.php\/wp-json\/wp\/v2\/posts"}],"about":[{"href":"https:\/\/lepatriotebenin.com\/index.php\/wp-json\/wp\/v2\/types\/post"}],"author":[{"embeddable":true,"href":"https:\/\/lepatriotebenin.com\/index.php\/wp-json\/wp\/v2\/users\/6"}],"replies":[{"embeddable":true,"href":"https:\/\/lepatriotebenin.com\/index.php\/wp-json\/wp\/v2\/comments?post=11458"}],"version-history":[{"count":1,"href":"https:\/\/lepatriotebenin.com\/index.php\/wp-json\/wp\/v2\/posts\/11458\/revisions"}],"predecessor-version":[{"id":11460,"href":"https:\/\/lepatriotebenin.com\/index.php\/wp-json\/wp\/v2\/posts\/11458\/revisions\/11460"}],"wp:featuredmedia":[{"embeddable":true,"href":"https:\/\/lepatriotebenin.com\/index.php\/wp-json\/wp\/v2\/media\/11459"}],"wp:attachment":[{"href":"https:\/\/lepatriotebenin.com\/index.php\/wp-json\/wp\/v2\/media?parent=11458"}],"wp:term":[{"taxonomy":"category","embeddable":true,"href":"https:\/\/lepatriotebenin.com\/index.php\/wp-json\/wp\/v2\/categories?post=11458"},{"taxonomy":"post_tag","embeddable":true,"href":"https:\/\/lepatriotebenin.com\/index.php\/wp-json\/wp\/v2\/tags?post=11458"}],"curies":[{"name":"wp","href":"https:\/\/api.w.org\/{rel}","templated":true}]}}