{"id":11453,"date":"2025-06-28T23:00:01","date_gmt":"2025-06-28T21:00:01","guid":{"rendered":"https:\/\/lepatriotebenin.com\/?p=11453"},"modified":"2025-06-28T23:00:02","modified_gmt":"2025-06-28T21:00:02","slug":"mercato-paul-pogba-rejoint-las-monaco-retrouve-les-terrains-et-va-decouvrir-la-ligue-1","status":"publish","type":"post","link":"https:\/\/lepatriotebenin.com\/index.php\/2025\/06\/28\/mercato-paul-pogba-rejoint-las-monaco-retrouve-les-terrains-et-va-decouvrir-la-ligue-1\/","title":{"rendered":"Mercato\u00a0: Paul Pogba rejoint l\u2019AS Monaco, retrouve les terrains et va d\u00e9couvrir la Ligue 1"},"content":{"rendered":"\n<p><strong>Apr\u00e8s pr\u00e8s de trois saisons blanches, en raison de blessures, d\u2019une suspension et d\u2019une affaire dont il a \u00e9t\u00e9 victime, le milieu de terrain tricolore de 32&nbsp;ans s\u2019est engag\u00e9, samedi, pour deux saisons aupr\u00e8s du club de la Principaut\u00e9.<\/strong><\/p>\n\n\n\n<p><em>&nbsp;\u00ab&nbsp;L\u2019AS Monaco est heureuse d\u2019annoncer l\u2019arriv\u00e9e de Paul Pogba.<\/em><em> Le Champion du Monde tricolore s\u2019engage pour 2 saisons et est d\u00e9sormais li\u00e9 au club de la Principaut\u00e9 jusqu\u2019au 30 juin 2027<strong>&nbsp;\u00bb<\/strong><\/em><em> , a&nbsp; annonc\u00e9 &nbsp;<\/em>dans un communiqu\u00e9 &nbsp;son site l\u2019As Monaco. Accompagn\u00e9 d\u2019une courte vid\u00e9o mettant en sc\u00e8ne une pioche, le surnom du joueur &nbsp;surplombant le centre d\u2019entra\u00eenement de la Turbie, le club de la Principaut\u00e9 a officialis\u00e9, ce <strong>samedi 28&nbsp;juin 2025<\/strong>, l\u2019arriv\u00e9e du milieu de terrain. La fin d\u2019une longue travers\u00e9e du d\u00e9sert pour le champion du monde 2018&nbsp;avec l\u2019\u00e9quipe de France masculine de football. Arriv\u00e9 sur le Rocher jeudi soir, l\u2019international tricolore de 32&nbsp;ans (91&nbsp;s\u00e9lections, 11&nbsp;buts) a satisfait \u00e0 tous les tests m\u00e9dicaux avant de parapher son contrat le liant pour deux saisons, soit jusqu\u2019en juin&nbsp;2027, avec Monaco.<\/p>\n\n\n\n<p>Paul Pogba va bien d\u00e9couvrir la Ligue&nbsp;1, \u00e0 32&nbsp;ans. Le milieu de terrain, libre depuis la&nbsp; r\u00e9siliation de son contrat avec la Juventus Turin&nbsp;en novembre 2024, s&rsquo;est officiellement engag\u00e9 avec l&rsquo;AS Monaco. Le club du Rocher l&rsquo;a annonc\u00e9 ce samedi sur ses r\u00e9seaux sociaux. Arriv\u00e9 vendredi en Principaut\u00e9, le joueur est li\u00e9 avec l&rsquo;ASM&nbsp; jusqu\u2019en 2027.<\/p>\n\n\n\n<p>L&rsquo;international fran\u00e7ais aux 91 s\u00e9lections (11&nbsp;buts) n&rsquo;avait jamais jou\u00e9 au niveau professionnel en France. Apr\u00e8s un parcours de formation entre Roissy-en-Brie, Torcy et Le&nbsp;Havre, Pogba avait fait ses d\u00e9buts avec Manchester United en 2011. Apr\u00e8s seulement sept matches, il avait rejoint la Juventus Turin, o\u00f9 il a \u00e9volu\u00e9 de 2012 \u00e0 2016 (178 matches, 34 buts). Il est revenu chez les Red Devils entre 2016 et 2022 (226 matches, 39 buts), avant un second passage moins abouti \u00e0 la Juve entre 2022 et 2024.<\/p>\n","protected":false},"excerpt":{"rendered":"<p>Apr\u00e8s pr\u00e8s de trois saisons blanches, en raison de blessures, d\u2019une suspension et d\u2019une affaire dont il a \u00e9t\u00e9 victime, le milieu de terrain tricolore de 32&nbsp;ans s\u2019est engag\u00e9, samedi,&hellip;<\/p>\n","protected":false},"author":6,"featured_media":11454,"comment_status":"open","ping_status":"open","sticky":false,"template":"","format":"standard","meta":{"content-type":"","om_disable_all_campaigns":false,"_monsterinsights_skip_tracking":false,"_monsterinsights_sitenote_active":false,"_monsterinsights_sitenote_note":"","_monsterinsights_sitenote_category":0,"_uf_show_specific_survey":0,"_uf_disable_surveys":false,"footnotes":""},"categories":[8],"tags":[],"class_list":["post-11453","post","type-post","status-publish","format-standard","has-post-thumbnail","hentry","category-sport"],"aioseo_notices":[],"yoast_head":"<!-- This site is optimized with the Yoast SEO plugin v27.5 - https:\/\/yoast.com\/product\/yoast-seo-wordpress\/ -->\n<title>Mercato\u00a0: Paul Pogba rejoint l\u2019AS Monaco, retrouve les terrains et va d\u00e9couvrir la Ligue 1 - Le Patriote<\/title>\n<meta name=\"robots\" content=\"index, follow, max-snippet:-1, max-image-preview:large, max-video-preview:-1\" \/>\n<link rel=\"canonical\" href=\"https:\/\/lepatriotebenin.com\/index.php\/2025\/06\/28\/mercato-paul-pogba-rejoint-las-monaco-retrouve-les-terrains-et-va-decouvrir-la-ligue-1\/\" \/>\n<meta property=\"og:locale\" content=\"fr_FR\" \/>\n<meta property=\"og:type\" content=\"article\" \/>\n<meta property=\"og:title\" content=\"Mercato\u00a0: Paul Pogba rejoint l\u2019AS Monaco, retrouve les terrains et va d\u00e9couvrir la Ligue 1 - Le Patriote\" \/>\n<meta property=\"og:description\" content=\"Apr\u00e8s pr\u00e8s de trois saisons blanches, en raison de blessures, d\u2019une suspension et d\u2019une affaire dont il a \u00e9t\u00e9 victime, le milieu de terrain tricolore de 32&nbsp;ans s\u2019est engag\u00e9, samedi,&hellip;\" \/>\n<meta property=\"og:url\" content=\"https:\/\/lepatriotebenin.com\/index.php\/2025\/06\/28\/mercato-paul-pogba-rejoint-las-monaco-retrouve-les-terrains-et-va-decouvrir-la-ligue-1\/\" \/>\n<meta property=\"og:site_name\" content=\"Le Patriote\" \/>\n<meta property=\"article:published_time\" content=\"2025-06-28T21:00:01+00:00\" \/>\n<meta property=\"article:modified_time\" content=\"2025-06-28T21:00:02+00:00\" \/>\n<meta property=\"og:image\" content=\"https:\/\/lepatriotebenin.com\/wp-content\/uploads\/2025\/06\/1160x650-1.jpg\" \/>\n\t<meta property=\"og:image:width\" content=\"1160\" \/>\n\t<meta property=\"og:image:height\" content=\"650\" \/>\n\t<meta property=\"og:image:type\" content=\"image\/jpeg\" \/>\n<meta name=\"author\" content=\"Roland AFFANOU\" \/>\n<meta name=\"twitter:card\" content=\"summary_large_image\" \/>\n<meta name=\"twitter:label1\" content=\"\u00c9crit par\" \/>\n\t<meta name=\"twitter:data1\" content=\"Roland AFFANOU\" \/>\n\t<meta name=\"twitter:label2\" content=\"Dur\u00e9e de lecture estim\u00e9e\" \/>\n\t<meta name=\"twitter:data2\" content=\"2 minutes\" \/>\n<script type=\"application\/ld+json\" class=\"yoast-schema-graph\">{\"@context\":\"https:\\\/\\\/schema.org\",\"@graph\":[{\"@type\":\"Article\",\"@id\":\"https:\\\/\\\/lepatriotebenin.com\\\/index.php\\\/2025\\\/06\\\/28\\\/mercato-paul-pogba-rejoint-las-monaco-retrouve-les-terrains-et-va-decouvrir-la-ligue-1\\\/#article\",\"isPartOf\":{\"@id\":\"https:\\\/\\\/lepatriotebenin.com\\\/index.php\\\/2025\\\/06\\\/28\\\/mercato-paul-pogba-rejoint-las-monaco-retrouve-les-terrains-et-va-decouvrir-la-ligue-1\\\/\"},\"author\":{\"name\":\"Roland AFFANOU\",\"@id\":\"https:\\\/\\\/lepatriotebenin.com\\\/#\\\/schema\\\/person\\\/4a9b67216c97d04045e01405c534c91f\"},\"headline\":\"Mercato\u00a0: Paul Pogba rejoint l\u2019AS Monaco, retrouve les terrains et va d\u00e9couvrir la Ligue 1\",\"datePublished\":\"2025-06-28T21:00:01+00:00\",\"dateModified\":\"2025-06-28T21:00:02+00:00\",\"mainEntityOfPage\":{\"@id\":\"https:\\\/\\\/lepatriotebenin.com\\\/index.php\\\/2025\\\/06\\\/28\\\/mercato-paul-pogba-rejoint-las-monaco-retrouve-les-terrains-et-va-decouvrir-la-ligue-1\\\/\"},\"wordCount\":369,\"commentCount\":0,\"image\":{\"@id\":\"https:\\\/\\\/lepatriotebenin.com\\\/index.php\\\/2025\\\/06\\\/28\\\/mercato-paul-pogba-rejoint-las-monaco-retrouve-les-terrains-et-va-decouvrir-la-ligue-1\\\/#primaryimage\"},\"thumbnailUrl\":\"https:\\\/\\\/lepatriotebenin.com\\\/wp-content\\\/uploads\\\/2025\\\/06\\\/1160x650-1.jpg\",\"articleSection\":[\"Sport\"],\"inLanguage\":\"fr-FR\",\"potentialAction\":[{\"@type\":\"CommentAction\",\"name\":\"Comment\",\"target\":[\"https:\\\/\\\/lepatriotebenin.com\\\/index.php\\\/2025\\\/06\\\/28\\\/mercato-paul-pogba-rejoint-las-monaco-retrouve-les-terrains-et-va-decouvrir-la-ligue-1\\\/#respond\"]}]},{\"@type\":\"WebPage\",\"@id\":\"https:\\\/\\\/lepatriotebenin.com\\\/index.php\\\/2025\\\/06\\\/28\\\/mercato-paul-pogba-rejoint-las-monaco-retrouve-les-terrains-et-va-decouvrir-la-ligue-1\\\/\",\"url\":\"https:\\\/\\\/lepatriotebenin.com\\\/index.php\\\/2025\\\/06\\\/28\\\/mercato-paul-pogba-rejoint-las-monaco-retrouve-les-terrains-et-va-decouvrir-la-ligue-1\\\/\",\"name\":\"Mercato\u00a0: Paul Pogba rejoint l\u2019AS Monaco, retrouve les terrains et va d\u00e9couvrir la Ligue 1 - Le Patriote\",\"isPartOf\":{\"@id\":\"https:\\\/\\\/lepatriotebenin.com\\\/#website\"},\"primaryImageOfPage\":{\"@id\":\"https:\\\/\\\/lepatriotebenin.com\\\/index.php\\\/2025\\\/06\\\/28\\\/mercato-paul-pogba-rejoint-las-monaco-retrouve-les-terrains-et-va-decouvrir-la-ligue-1\\\/#primaryimage\"},\"image\":{\"@id\":\"https:\\\/\\\/lepatriotebenin.com\\\/index.php\\\/2025\\\/06\\\/28\\\/mercato-paul-pogba-rejoint-las-monaco-retrouve-les-terrains-et-va-decouvrir-la-ligue-1\\\/#primaryimage\"},\"thumbnailUrl\":\"https:\\\/\\\/lepatriotebenin.com\\\/wp-content\\\/uploads\\\/2025\\\/06\\\/1160x650-1.jpg\",\"datePublished\":\"2025-06-28T21:00:01+00:00\",\"dateModified\":\"2025-06-28T21:00:02+00:00\",\"author\":{\"@id\":\"https:\\\/\\\/lepatriotebenin.com\\\/#\\\/schema\\\/person\\\/4a9b67216c97d04045e01405c534c91f\"},\"breadcrumb\":{\"@id\":\"https:\\\/\\\/lepatriotebenin.com\\\/index.php\\\/2025\\\/06\\\/28\\\/mercato-paul-pogba-rejoint-las-monaco-retrouve-les-terrains-et-va-decouvrir-la-ligue-1\\\/#breadcrumb\"},\"inLanguage\":\"fr-FR\",\"potentialAction\":[{\"@type\":\"ReadAction\",\"target\":[\"https:\\\/\\\/lepatriotebenin.com\\\/index.php\\\/2025\\\/06\\\/28\\\/mercato-paul-pogba-rejoint-las-monaco-retrouve-les-terrains-et-va-decouvrir-la-ligue-1\\\/\"]}]},{\"@type\":\"ImageObject\",\"inLanguage\":\"fr-FR\",\"@id\":\"https:\\\/\\\/lepatriotebenin.com\\\/index.php\\\/2025\\\/06\\\/28\\\/mercato-paul-pogba-rejoint-las-monaco-retrouve-les-terrains-et-va-decouvrir-la-ligue-1\\\/#primaryimage\",\"url\":\"https:\\\/\\\/lepatriotebenin.com\\\/wp-content\\\/uploads\\\/2025\\\/06\\\/1160x650-1.jpg\",\"contentUrl\":\"https:\\\/\\\/lepatriotebenin.com\\\/wp-content\\\/uploads\\\/2025\\\/06\\\/1160x650-1.jpg\",\"width\":1160,\"height\":650},{\"@type\":\"BreadcrumbList\",\"@id\":\"https:\\\/\\\/lepatriotebenin.com\\\/index.php\\\/2025\\\/06\\\/28\\\/mercato-paul-pogba-rejoint-las-monaco-retrouve-les-terrains-et-va-decouvrir-la-ligue-1\\\/#breadcrumb\",\"itemListElement\":[{\"@type\":\"ListItem\",\"position\":1,\"name\":\"Accueil\",\"item\":\"https:\\\/\\\/lepatriotebenin.com\\\/\"},{\"@type\":\"ListItem\",\"position\":2,\"name\":\"Mercato\u00a0: Paul Pogba rejoint l\u2019AS Monaco, retrouve les terrains et va d\u00e9couvrir la Ligue 1\"}]},{\"@type\":\"WebSite\",\"@id\":\"https:\\\/\\\/lepatriotebenin.com\\\/#website\",\"url\":\"https:\\\/\\\/lepatriotebenin.com\\\/\",\"name\":\"Le Patriote\",\"description\":\"Le Patriote B\u00e9nin\",\"potentialAction\":[{\"@type\":\"SearchAction\",\"target\":{\"@type\":\"EntryPoint\",\"urlTemplate\":\"https:\\\/\\\/lepatriotebenin.com\\\/?s={search_term_string}\"},\"query-input\":{\"@type\":\"PropertyValueSpecification\",\"valueRequired\":true,\"valueName\":\"search_term_string\"}}],\"inLanguage\":\"fr-FR\"},{\"@type\":\"Person\",\"@id\":\"https:\\\/\\\/lepatriotebenin.com\\\/#\\\/schema\\\/person\\\/4a9b67216c97d04045e01405c534c91f\",\"name\":\"Roland AFFANOU\",\"image\":{\"@type\":\"ImageObject\",\"inLanguage\":\"fr-FR\",\"@id\":\"https:\\\/\\\/secure.gravatar.com\\\/avatar\\\/7209d3f6d2d47ea4d0c67e14d3effb61feb10ae540a4381280c66265de5bd643?s=96&d=mm&r=g\",\"url\":\"https:\\\/\\\/secure.gravatar.com\\\/avatar\\\/7209d3f6d2d47ea4d0c67e14d3effb61feb10ae540a4381280c66265de5bd643?s=96&d=mm&r=g\",\"contentUrl\":\"https:\\\/\\\/secure.gravatar.com\\\/avatar\\\/7209d3f6d2d47ea4d0c67e14d3effb61feb10ae540a4381280c66265de5bd643?s=96&d=mm&r=g\",\"caption\":\"Roland AFFANOU\"},\"url\":\"https:\\\/\\\/lepatriotebenin.com\"}]}<\/script>\n<!-- \/ Yoast SEO plugin. -->","yoast_head_json":{"title":"Mercato\u00a0: Paul Pogba rejoint l\u2019AS Monaco, retrouve les terrains et va d\u00e9couvrir la Ligue 1 - Le Patriote","robots":{"index":"index","follow":"follow","max-snippet":"max-snippet:-1","max-image-preview":"max-image-preview:large","max-video-preview":"max-video-preview:-1"},"canonical":"https:\/\/lepatriotebenin.com\/index.php\/2025\/06\/28\/mercato-paul-pogba-rejoint-las-monaco-retrouve-les-terrains-et-va-decouvrir-la-ligue-1\/","og_locale":"fr_FR","og_type":"article","og_title":"Mercato\u00a0: Paul Pogba rejoint l\u2019AS Monaco, retrouve les terrains et va d\u00e9couvrir la Ligue 1 - Le Patriote","og_description":"Apr\u00e8s pr\u00e8s de trois saisons blanches, en raison de blessures, d\u2019une suspension et d\u2019une affaire dont il a \u00e9t\u00e9 victime, le milieu de terrain tricolore de 32&nbsp;ans s\u2019est engag\u00e9, samedi,&hellip;","og_url":"https:\/\/lepatriotebenin.com\/index.php\/2025\/06\/28\/mercato-paul-pogba-rejoint-las-monaco-retrouve-les-terrains-et-va-decouvrir-la-ligue-1\/","og_site_name":"Le Patriote","article_published_time":"2025-06-28T21:00:01+00:00","article_modified_time":"2025-06-28T21:00:02+00:00","og_image":[{"width":1160,"height":650,"url":"https:\/\/lepatriotebenin.com\/wp-content\/uploads\/2025\/06\/1160x650-1.jpg","type":"image\/jpeg"}],"author":"Roland AFFANOU","twitter_card":"summary_large_image","twitter_misc":{"\u00c9crit par":"Roland AFFANOU","Dur\u00e9e de lecture estim\u00e9e":"2 minutes"},"schema":{"@context":"https:\/\/schema.org","@graph":[{"@type":"Article","@id":"https:\/\/lepatriotebenin.com\/index.php\/2025\/06\/28\/mercato-paul-pogba-rejoint-las-monaco-retrouve-les-terrains-et-va-decouvrir-la-ligue-1\/#article","isPartOf":{"@id":"https:\/\/lepatriotebenin.com\/index.php\/2025\/06\/28\/mercato-paul-pogba-rejoint-las-monaco-retrouve-les-terrains-et-va-decouvrir-la-ligue-1\/"},"author":{"name":"Roland AFFANOU","@id":"https:\/\/lepatriotebenin.com\/#\/schema\/person\/4a9b67216c97d04045e01405c534c91f"},"headline":"Mercato\u00a0: Paul Pogba rejoint l\u2019AS Monaco, retrouve les terrains et va d\u00e9couvrir la Ligue 1","datePublished":"2025-06-28T21:00:01+00:00","dateModified":"2025-06-28T21:00:02+00:00","mainEntityOfPage":{"@id":"https:\/\/lepatriotebenin.com\/index.php\/2025\/06\/28\/mercato-paul-pogba-rejoint-las-monaco-retrouve-les-terrains-et-va-decouvrir-la-ligue-1\/"},"wordCount":369,"commentCount":0,"image":{"@id":"https:\/\/lepatriotebenin.com\/index.php\/2025\/06\/28\/mercato-paul-pogba-rejoint-las-monaco-retrouve-les-terrains-et-va-decouvrir-la-ligue-1\/#primaryimage"},"thumbnailUrl":"https:\/\/lepatriotebenin.com\/wp-content\/uploads\/2025\/06\/1160x650-1.jpg","articleSection":["Sport"],"inLanguage":"fr-FR","potentialAction":[{"@type":"CommentAction","name":"Comment","target":["https:\/\/lepatriotebenin.com\/index.php\/2025\/06\/28\/mercato-paul-pogba-rejoint-las-monaco-retrouve-les-terrains-et-va-decouvrir-la-ligue-1\/#respond"]}]},{"@type":"WebPage","@id":"https:\/\/lepatriotebenin.com\/index.php\/2025\/06\/28\/mercato-paul-pogba-rejoint-las-monaco-retrouve-les-terrains-et-va-decouvrir-la-ligue-1\/","url":"https:\/\/lepatriotebenin.com\/index.php\/2025\/06\/28\/mercato-paul-pogba-rejoint-las-monaco-retrouve-les-terrains-et-va-decouvrir-la-ligue-1\/","name":"Mercato\u00a0: Paul Pogba rejoint l\u2019AS Monaco, retrouve les terrains et va d\u00e9couvrir la Ligue 1 - Le Patriote","isPartOf":{"@id":"https:\/\/lepatriotebenin.com\/#website"},"primaryImageOfPage":{"@id":"https:\/\/lepatriotebenin.com\/index.php\/2025\/06\/28\/mercato-paul-pogba-rejoint-las-monaco-retrouve-les-terrains-et-va-decouvrir-la-ligue-1\/#primaryimage"},"image":{"@id":"https:\/\/lepatriotebenin.com\/index.php\/2025\/06\/28\/mercato-paul-pogba-rejoint-las-monaco-retrouve-les-terrains-et-va-decouvrir-la-ligue-1\/#primaryimage"},"thumbnailUrl":"https:\/\/lepatriotebenin.com\/wp-content\/uploads\/2025\/06\/1160x650-1.jpg","datePublished":"2025-06-28T21:00:01+00:00","dateModified":"2025-06-28T21:00:02+00:00","author":{"@id":"https:\/\/lepatriotebenin.com\/#\/schema\/person\/4a9b67216c97d04045e01405c534c91f"},"breadcrumb":{"@id":"https:\/\/lepatriotebenin.com\/index.php\/2025\/06\/28\/mercato-paul-pogba-rejoint-las-monaco-retrouve-les-terrains-et-va-decouvrir-la-ligue-1\/#breadcrumb"},"inLanguage":"fr-FR","potentialAction":[{"@type":"ReadAction","target":["https:\/\/lepatriotebenin.com\/index.php\/2025\/06\/28\/mercato-paul-pogba-rejoint-las-monaco-retrouve-les-terrains-et-va-decouvrir-la-ligue-1\/"]}]},{"@type":"ImageObject","inLanguage":"fr-FR","@id":"https:\/\/lepatriotebenin.com\/index.php\/2025\/06\/28\/mercato-paul-pogba-rejoint-las-monaco-retrouve-les-terrains-et-va-decouvrir-la-ligue-1\/#primaryimage","url":"https:\/\/lepatriotebenin.com\/wp-content\/uploads\/2025\/06\/1160x650-1.jpg","contentUrl":"https:\/\/lepatriotebenin.com\/wp-content\/uploads\/2025\/06\/1160x650-1.jpg","width":1160,"height":650},{"@type":"BreadcrumbList","@id":"https:\/\/lepatriotebenin.com\/index.php\/2025\/06\/28\/mercato-paul-pogba-rejoint-las-monaco-retrouve-les-terrains-et-va-decouvrir-la-ligue-1\/#breadcrumb","itemListElement":[{"@type":"ListItem","position":1,"name":"Accueil","item":"https:\/\/lepatriotebenin.com\/"},{"@type":"ListItem","position":2,"name":"Mercato\u00a0: Paul Pogba rejoint l\u2019AS Monaco, retrouve les terrains et va d\u00e9couvrir la Ligue 1"}]},{"@type":"WebSite","@id":"https:\/\/lepatriotebenin.com\/#website","url":"https:\/\/lepatriotebenin.com\/","name":"Le Patriote","description":"Le Patriote B\u00e9nin","potentialAction":[{"@type":"SearchAction","target":{"@type":"EntryPoint","urlTemplate":"https:\/\/lepatriotebenin.com\/?s={search_term_string}"},"query-input":{"@type":"PropertyValueSpecification","valueRequired":true,"valueName":"search_term_string"}}],"inLanguage":"fr-FR"},{"@type":"Person","@id":"https:\/\/lepatriotebenin.com\/#\/schema\/person\/4a9b67216c97d04045e01405c534c91f","name":"Roland AFFANOU","image":{"@type":"ImageObject","inLanguage":"fr-FR","@id":"https:\/\/secure.gravatar.com\/avatar\/7209d3f6d2d47ea4d0c67e14d3effb61feb10ae540a4381280c66265de5bd643?s=96&d=mm&r=g","url":"https:\/\/secure.gravatar.com\/avatar\/7209d3f6d2d47ea4d0c67e14d3effb61feb10ae540a4381280c66265de5bd643?s=96&d=mm&r=g","contentUrl":"https:\/\/secure.gravatar.com\/avatar\/7209d3f6d2d47ea4d0c67e14d3effb61feb10ae540a4381280c66265de5bd643?s=96&d=mm&r=g","caption":"Roland AFFANOU"},"url":"https:\/\/lepatriotebenin.com"}]}},"_links":{"self":[{"href":"https:\/\/lepatriotebenin.com\/index.php\/wp-json\/wp\/v2\/posts\/11453","targetHints":{"allow":["GET"]}}],"collection":[{"href":"https:\/\/lepatriotebenin.com\/index.php\/wp-json\/wp\/v2\/posts"}],"about":[{"href":"https:\/\/lepatriotebenin.com\/index.php\/wp-json\/wp\/v2\/types\/post"}],"author":[{"embeddable":true,"href":"https:\/\/lepatriotebenin.com\/index.php\/wp-json\/wp\/v2\/users\/6"}],"replies":[{"embeddable":true,"href":"https:\/\/lepatriotebenin.com\/index.php\/wp-json\/wp\/v2\/comments?post=11453"}],"version-history":[{"count":1,"href":"https:\/\/lepatriotebenin.com\/index.php\/wp-json\/wp\/v2\/posts\/11453\/revisions"}],"predecessor-version":[{"id":11455,"href":"https:\/\/lepatriotebenin.com\/index.php\/wp-json\/wp\/v2\/posts\/11453\/revisions\/11455"}],"wp:featuredmedia":[{"embeddable":true,"href":"https:\/\/lepatriotebenin.com\/index.php\/wp-json\/wp\/v2\/media\/11454"}],"wp:attachment":[{"href":"https:\/\/lepatriotebenin.com\/index.php\/wp-json\/wp\/v2\/media?parent=11453"}],"wp:term":[{"taxonomy":"category","embeddable":true,"href":"https:\/\/lepatriotebenin.com\/index.php\/wp-json\/wp\/v2\/categories?post=11453"},{"taxonomy":"post_tag","embeddable":true,"href":"https:\/\/lepatriotebenin.com\/index.php\/wp-json\/wp\/v2\/tags?post=11453"}],"curies":[{"name":"wp","href":"https:\/\/api.w.org\/{rel}","templated":true}]}}