{"id":11449,"date":"2025-06-28T19:08:50","date_gmt":"2025-06-28T17:08:50","guid":{"rendered":"https:\/\/lepatriotebenin.com\/?p=11449"},"modified":"2025-06-28T19:10:06","modified_gmt":"2025-06-28T17:10:06","slug":"excellence-de-misserete-triomphe-a-punta-cana-une-victoire-qui-en-dit-long","status":"publish","type":"post","link":"https:\/\/lepatriotebenin.com\/index.php\/2025\/06\/28\/excellence-de-misserete-triomphe-a-punta-cana-une-victoire-qui-en-dit-long\/","title":{"rendered":"Excellence de Miss\u00e9r\u00e9t\u00e9 triomphe \u00e0 Punta Cana : une victoire qui en dit long"},"content":{"rendered":"\n<p>Mission accomplie pour les U15 de l\u2019Excellence de Miss\u00e9r\u00e9t\u00e9 ! En finale du tableau de consolation du Tournoi International de Punta Cana, les jeunes Gu\u00e9pards ont une nouvelle fois brill\u00e9, s\u2019imposant 3-1 face \u00e0 SD Colonial Blue.<\/p>\n\n\n\n<p>Cette ultime victoire vient couronner un parcours sans faute : 5 matchs, 5 victoires, 25 buts marqu\u00e9s pour seulement 4 encaiss\u00e9s. Une d\u00e9monstration de talent, de discipline et de coh\u00e9sion qui illustre la qualit\u00e9 du travail r\u00e9alis\u00e9 au sein du centre de formation b\u00e9ninois.<\/p>\n\n\n\n<p>Port\u00e9s par un quatuor offensif de feu&nbsp; Mevognon Rivaldo, Assigb\u00e9 Osias, Dossou-Yovo Beno\u00eet et Baaba Cheihana les jeunes b\u00e9ninois ont impos\u00e9 leur rythme et leur ma\u00eetrise tactique tout au long du tournoi. Encadr\u00e9s par Ka\u00efes El Ouni, expert FIFA, et un staff technique exp\u00e9riment\u00e9, ils confirment que l\u2019avenir du football b\u00e9ninois s\u2019\u00e9crit d\u00e8s aujourd\u2019hui\u2026 et avec ambition.<\/p>\n\n\n\n<p>Au-del\u00e0 du score, c\u2019est une philosophie de jeu, une rigueur de formation et une mentalit\u00e9 de gagnants que ces jeunes talents ont su incarner. Une belle le\u00e7on de football&nbsp; et d\u2019espoir&nbsp; venue tout droit de Miss\u00e9r\u00e9t\u00e9<\/p>\n\n\n\n<p>\u00a0Hugues\u00a0 Zinsou\u00a0 Zounon<\/p>\n","protected":false},"excerpt":{"rendered":"<p>Mission accomplie pour les U15 de l\u2019Excellence de Miss\u00e9r\u00e9t\u00e9 ! En finale du tableau de consolation du Tournoi International de Punta Cana, les jeunes Gu\u00e9pards ont une nouvelle fois brill\u00e9,&hellip;<\/p>\n","protected":false},"author":5,"featured_media":11450,"comment_status":"open","ping_status":"open","sticky":false,"template":"","format":"standard","meta":{"content-type":"","om_disable_all_campaigns":false,"_monsterinsights_skip_tracking":false,"_monsterinsights_sitenote_active":false,"_monsterinsights_sitenote_note":"","_monsterinsights_sitenote_category":0,"_uf_show_specific_survey":0,"_uf_disable_surveys":false,"footnotes":""},"categories":[8],"tags":[],"class_list":["post-11449","post","type-post","status-publish","format-standard","has-post-thumbnail","hentry","category-sport"],"aioseo_notices":[],"yoast_head":"<!-- This site is optimized with the Yoast SEO plugin v27.5 - https:\/\/yoast.com\/product\/yoast-seo-wordpress\/ -->\n<title>Excellence de Miss\u00e9r\u00e9t\u00e9 triomphe \u00e0 Punta Cana : une victoire qui en dit long - Le Patriote<\/title>\n<meta name=\"robots\" content=\"index, follow, max-snippet:-1, max-image-preview:large, max-video-preview:-1\" \/>\n<link rel=\"canonical\" href=\"https:\/\/lepatriotebenin.com\/index.php\/2025\/06\/28\/excellence-de-misserete-triomphe-a-punta-cana-une-victoire-qui-en-dit-long\/\" \/>\n<meta property=\"og:locale\" content=\"fr_FR\" \/>\n<meta property=\"og:type\" content=\"article\" \/>\n<meta property=\"og:title\" content=\"Excellence de Miss\u00e9r\u00e9t\u00e9 triomphe \u00e0 Punta Cana : une victoire qui en dit long - Le Patriote\" \/>\n<meta property=\"og:description\" content=\"Mission accomplie pour les U15 de l\u2019Excellence de Miss\u00e9r\u00e9t\u00e9 ! En finale du tableau de consolation du Tournoi International de Punta Cana, les jeunes Gu\u00e9pards ont une nouvelle fois brill\u00e9,&hellip;\" \/>\n<meta property=\"og:url\" content=\"https:\/\/lepatriotebenin.com\/index.php\/2025\/06\/28\/excellence-de-misserete-triomphe-a-punta-cana-une-victoire-qui-en-dit-long\/\" \/>\n<meta property=\"og:site_name\" content=\"Le Patriote\" \/>\n<meta property=\"article:published_time\" content=\"2025-06-28T17:08:50+00:00\" \/>\n<meta property=\"article:modified_time\" content=\"2025-06-28T17:10:06+00:00\" \/>\n<meta property=\"og:image\" content=\"https:\/\/lepatriotebenin.com\/wp-content\/uploads\/2025\/06\/u15-1.jpg\" \/>\n\t<meta property=\"og:image:width\" content=\"1080\" \/>\n\t<meta property=\"og:image:height\" content=\"658\" \/>\n\t<meta property=\"og:image:type\" content=\"image\/jpeg\" \/>\n<meta name=\"author\" content=\"Redaction\" \/>\n<meta name=\"twitter:card\" content=\"summary_large_image\" \/>\n<meta name=\"twitter:label1\" content=\"\u00c9crit par\" \/>\n\t<meta name=\"twitter:data1\" content=\"Redaction\" \/>\n\t<meta name=\"twitter:label2\" content=\"Dur\u00e9e de lecture estim\u00e9e\" \/>\n\t<meta name=\"twitter:data2\" content=\"1 minute\" \/>\n<script type=\"application\/ld+json\" class=\"yoast-schema-graph\">{\"@context\":\"https:\\\/\\\/schema.org\",\"@graph\":[{\"@type\":\"Article\",\"@id\":\"https:\\\/\\\/lepatriotebenin.com\\\/index.php\\\/2025\\\/06\\\/28\\\/excellence-de-misserete-triomphe-a-punta-cana-une-victoire-qui-en-dit-long\\\/#article\",\"isPartOf\":{\"@id\":\"https:\\\/\\\/lepatriotebenin.com\\\/index.php\\\/2025\\\/06\\\/28\\\/excellence-de-misserete-triomphe-a-punta-cana-une-victoire-qui-en-dit-long\\\/\"},\"author\":{\"name\":\"Redaction\",\"@id\":\"https:\\\/\\\/lepatriotebenin.com\\\/#\\\/schema\\\/person\\\/2e7709b9c9cc313e452d1136af61690f\"},\"headline\":\"Excellence de Miss\u00e9r\u00e9t\u00e9 triomphe \u00e0 Punta Cana : une victoire qui en dit long\",\"datePublished\":\"2025-06-28T17:08:50+00:00\",\"dateModified\":\"2025-06-28T17:10:06+00:00\",\"mainEntityOfPage\":{\"@id\":\"https:\\\/\\\/lepatriotebenin.com\\\/index.php\\\/2025\\\/06\\\/28\\\/excellence-de-misserete-triomphe-a-punta-cana-une-victoire-qui-en-dit-long\\\/\"},\"wordCount\":215,\"commentCount\":0,\"image\":{\"@id\":\"https:\\\/\\\/lepatriotebenin.com\\\/index.php\\\/2025\\\/06\\\/28\\\/excellence-de-misserete-triomphe-a-punta-cana-une-victoire-qui-en-dit-long\\\/#primaryimage\"},\"thumbnailUrl\":\"https:\\\/\\\/lepatriotebenin.com\\\/wp-content\\\/uploads\\\/2025\\\/06\\\/u15-1.jpg\",\"articleSection\":[\"Sport\"],\"inLanguage\":\"fr-FR\",\"potentialAction\":[{\"@type\":\"CommentAction\",\"name\":\"Comment\",\"target\":[\"https:\\\/\\\/lepatriotebenin.com\\\/index.php\\\/2025\\\/06\\\/28\\\/excellence-de-misserete-triomphe-a-punta-cana-une-victoire-qui-en-dit-long\\\/#respond\"]}]},{\"@type\":\"WebPage\",\"@id\":\"https:\\\/\\\/lepatriotebenin.com\\\/index.php\\\/2025\\\/06\\\/28\\\/excellence-de-misserete-triomphe-a-punta-cana-une-victoire-qui-en-dit-long\\\/\",\"url\":\"https:\\\/\\\/lepatriotebenin.com\\\/index.php\\\/2025\\\/06\\\/28\\\/excellence-de-misserete-triomphe-a-punta-cana-une-victoire-qui-en-dit-long\\\/\",\"name\":\"Excellence de Miss\u00e9r\u00e9t\u00e9 triomphe \u00e0 Punta Cana : une victoire qui en dit long - Le Patriote\",\"isPartOf\":{\"@id\":\"https:\\\/\\\/lepatriotebenin.com\\\/#website\"},\"primaryImageOfPage\":{\"@id\":\"https:\\\/\\\/lepatriotebenin.com\\\/index.php\\\/2025\\\/06\\\/28\\\/excellence-de-misserete-triomphe-a-punta-cana-une-victoire-qui-en-dit-long\\\/#primaryimage\"},\"image\":{\"@id\":\"https:\\\/\\\/lepatriotebenin.com\\\/index.php\\\/2025\\\/06\\\/28\\\/excellence-de-misserete-triomphe-a-punta-cana-une-victoire-qui-en-dit-long\\\/#primaryimage\"},\"thumbnailUrl\":\"https:\\\/\\\/lepatriotebenin.com\\\/wp-content\\\/uploads\\\/2025\\\/06\\\/u15-1.jpg\",\"datePublished\":\"2025-06-28T17:08:50+00:00\",\"dateModified\":\"2025-06-28T17:10:06+00:00\",\"author\":{\"@id\":\"https:\\\/\\\/lepatriotebenin.com\\\/#\\\/schema\\\/person\\\/2e7709b9c9cc313e452d1136af61690f\"},\"breadcrumb\":{\"@id\":\"https:\\\/\\\/lepatriotebenin.com\\\/index.php\\\/2025\\\/06\\\/28\\\/excellence-de-misserete-triomphe-a-punta-cana-une-victoire-qui-en-dit-long\\\/#breadcrumb\"},\"inLanguage\":\"fr-FR\",\"potentialAction\":[{\"@type\":\"ReadAction\",\"target\":[\"https:\\\/\\\/lepatriotebenin.com\\\/index.php\\\/2025\\\/06\\\/28\\\/excellence-de-misserete-triomphe-a-punta-cana-une-victoire-qui-en-dit-long\\\/\"]}]},{\"@type\":\"ImageObject\",\"inLanguage\":\"fr-FR\",\"@id\":\"https:\\\/\\\/lepatriotebenin.com\\\/index.php\\\/2025\\\/06\\\/28\\\/excellence-de-misserete-triomphe-a-punta-cana-une-victoire-qui-en-dit-long\\\/#primaryimage\",\"url\":\"https:\\\/\\\/lepatriotebenin.com\\\/wp-content\\\/uploads\\\/2025\\\/06\\\/u15-1.jpg\",\"contentUrl\":\"https:\\\/\\\/lepatriotebenin.com\\\/wp-content\\\/uploads\\\/2025\\\/06\\\/u15-1.jpg\",\"width\":1080,\"height\":658},{\"@type\":\"BreadcrumbList\",\"@id\":\"https:\\\/\\\/lepatriotebenin.com\\\/index.php\\\/2025\\\/06\\\/28\\\/excellence-de-misserete-triomphe-a-punta-cana-une-victoire-qui-en-dit-long\\\/#breadcrumb\",\"itemListElement\":[{\"@type\":\"ListItem\",\"position\":1,\"name\":\"Accueil\",\"item\":\"https:\\\/\\\/lepatriotebenin.com\\\/\"},{\"@type\":\"ListItem\",\"position\":2,\"name\":\"Excellence de Miss\u00e9r\u00e9t\u00e9 triomphe \u00e0 Punta Cana : une victoire qui en dit long\"}]},{\"@type\":\"WebSite\",\"@id\":\"https:\\\/\\\/lepatriotebenin.com\\\/#website\",\"url\":\"https:\\\/\\\/lepatriotebenin.com\\\/\",\"name\":\"Le Patriote\",\"description\":\"Le Patriote B\u00e9nin\",\"potentialAction\":[{\"@type\":\"SearchAction\",\"target\":{\"@type\":\"EntryPoint\",\"urlTemplate\":\"https:\\\/\\\/lepatriotebenin.com\\\/?s={search_term_string}\"},\"query-input\":{\"@type\":\"PropertyValueSpecification\",\"valueRequired\":true,\"valueName\":\"search_term_string\"}}],\"inLanguage\":\"fr-FR\"},{\"@type\":\"Person\",\"@id\":\"https:\\\/\\\/lepatriotebenin.com\\\/#\\\/schema\\\/person\\\/2e7709b9c9cc313e452d1136af61690f\",\"name\":\"Redaction\",\"image\":{\"@type\":\"ImageObject\",\"inLanguage\":\"fr-FR\",\"@id\":\"https:\\\/\\\/secure.gravatar.com\\\/avatar\\\/c4c509357859ea2ca2cbb6d8812898a73e4ef1ef9934c2e591d7e32face734d1?s=96&d=mm&r=g\",\"url\":\"https:\\\/\\\/secure.gravatar.com\\\/avatar\\\/c4c509357859ea2ca2cbb6d8812898a73e4ef1ef9934c2e591d7e32face734d1?s=96&d=mm&r=g\",\"contentUrl\":\"https:\\\/\\\/secure.gravatar.com\\\/avatar\\\/c4c509357859ea2ca2cbb6d8812898a73e4ef1ef9934c2e591d7e32face734d1?s=96&d=mm&r=g\",\"caption\":\"Redaction\"},\"url\":\"https:\\\/\\\/lepatriotebenin.com\"}]}<\/script>\n<!-- \/ Yoast SEO plugin. -->","yoast_head_json":{"title":"Excellence de Miss\u00e9r\u00e9t\u00e9 triomphe \u00e0 Punta Cana : une victoire qui en dit long - Le Patriote","robots":{"index":"index","follow":"follow","max-snippet":"max-snippet:-1","max-image-preview":"max-image-preview:large","max-video-preview":"max-video-preview:-1"},"canonical":"https:\/\/lepatriotebenin.com\/index.php\/2025\/06\/28\/excellence-de-misserete-triomphe-a-punta-cana-une-victoire-qui-en-dit-long\/","og_locale":"fr_FR","og_type":"article","og_title":"Excellence de Miss\u00e9r\u00e9t\u00e9 triomphe \u00e0 Punta Cana : une victoire qui en dit long - Le Patriote","og_description":"Mission accomplie pour les U15 de l\u2019Excellence de Miss\u00e9r\u00e9t\u00e9 ! En finale du tableau de consolation du Tournoi International de Punta Cana, les jeunes Gu\u00e9pards ont une nouvelle fois brill\u00e9,&hellip;","og_url":"https:\/\/lepatriotebenin.com\/index.php\/2025\/06\/28\/excellence-de-misserete-triomphe-a-punta-cana-une-victoire-qui-en-dit-long\/","og_site_name":"Le Patriote","article_published_time":"2025-06-28T17:08:50+00:00","article_modified_time":"2025-06-28T17:10:06+00:00","og_image":[{"width":1080,"height":658,"url":"https:\/\/lepatriotebenin.com\/wp-content\/uploads\/2025\/06\/u15-1.jpg","type":"image\/jpeg"}],"author":"Redaction","twitter_card":"summary_large_image","twitter_misc":{"\u00c9crit par":"Redaction","Dur\u00e9e de lecture estim\u00e9e":"1 minute"},"schema":{"@context":"https:\/\/schema.org","@graph":[{"@type":"Article","@id":"https:\/\/lepatriotebenin.com\/index.php\/2025\/06\/28\/excellence-de-misserete-triomphe-a-punta-cana-une-victoire-qui-en-dit-long\/#article","isPartOf":{"@id":"https:\/\/lepatriotebenin.com\/index.php\/2025\/06\/28\/excellence-de-misserete-triomphe-a-punta-cana-une-victoire-qui-en-dit-long\/"},"author":{"name":"Redaction","@id":"https:\/\/lepatriotebenin.com\/#\/schema\/person\/2e7709b9c9cc313e452d1136af61690f"},"headline":"Excellence de Miss\u00e9r\u00e9t\u00e9 triomphe \u00e0 Punta Cana : une victoire qui en dit long","datePublished":"2025-06-28T17:08:50+00:00","dateModified":"2025-06-28T17:10:06+00:00","mainEntityOfPage":{"@id":"https:\/\/lepatriotebenin.com\/index.php\/2025\/06\/28\/excellence-de-misserete-triomphe-a-punta-cana-une-victoire-qui-en-dit-long\/"},"wordCount":215,"commentCount":0,"image":{"@id":"https:\/\/lepatriotebenin.com\/index.php\/2025\/06\/28\/excellence-de-misserete-triomphe-a-punta-cana-une-victoire-qui-en-dit-long\/#primaryimage"},"thumbnailUrl":"https:\/\/lepatriotebenin.com\/wp-content\/uploads\/2025\/06\/u15-1.jpg","articleSection":["Sport"],"inLanguage":"fr-FR","potentialAction":[{"@type":"CommentAction","name":"Comment","target":["https:\/\/lepatriotebenin.com\/index.php\/2025\/06\/28\/excellence-de-misserete-triomphe-a-punta-cana-une-victoire-qui-en-dit-long\/#respond"]}]},{"@type":"WebPage","@id":"https:\/\/lepatriotebenin.com\/index.php\/2025\/06\/28\/excellence-de-misserete-triomphe-a-punta-cana-une-victoire-qui-en-dit-long\/","url":"https:\/\/lepatriotebenin.com\/index.php\/2025\/06\/28\/excellence-de-misserete-triomphe-a-punta-cana-une-victoire-qui-en-dit-long\/","name":"Excellence de Miss\u00e9r\u00e9t\u00e9 triomphe \u00e0 Punta Cana : une victoire qui en dit long - Le Patriote","isPartOf":{"@id":"https:\/\/lepatriotebenin.com\/#website"},"primaryImageOfPage":{"@id":"https:\/\/lepatriotebenin.com\/index.php\/2025\/06\/28\/excellence-de-misserete-triomphe-a-punta-cana-une-victoire-qui-en-dit-long\/#primaryimage"},"image":{"@id":"https:\/\/lepatriotebenin.com\/index.php\/2025\/06\/28\/excellence-de-misserete-triomphe-a-punta-cana-une-victoire-qui-en-dit-long\/#primaryimage"},"thumbnailUrl":"https:\/\/lepatriotebenin.com\/wp-content\/uploads\/2025\/06\/u15-1.jpg","datePublished":"2025-06-28T17:08:50+00:00","dateModified":"2025-06-28T17:10:06+00:00","author":{"@id":"https:\/\/lepatriotebenin.com\/#\/schema\/person\/2e7709b9c9cc313e452d1136af61690f"},"breadcrumb":{"@id":"https:\/\/lepatriotebenin.com\/index.php\/2025\/06\/28\/excellence-de-misserete-triomphe-a-punta-cana-une-victoire-qui-en-dit-long\/#breadcrumb"},"inLanguage":"fr-FR","potentialAction":[{"@type":"ReadAction","target":["https:\/\/lepatriotebenin.com\/index.php\/2025\/06\/28\/excellence-de-misserete-triomphe-a-punta-cana-une-victoire-qui-en-dit-long\/"]}]},{"@type":"ImageObject","inLanguage":"fr-FR","@id":"https:\/\/lepatriotebenin.com\/index.php\/2025\/06\/28\/excellence-de-misserete-triomphe-a-punta-cana-une-victoire-qui-en-dit-long\/#primaryimage","url":"https:\/\/lepatriotebenin.com\/wp-content\/uploads\/2025\/06\/u15-1.jpg","contentUrl":"https:\/\/lepatriotebenin.com\/wp-content\/uploads\/2025\/06\/u15-1.jpg","width":1080,"height":658},{"@type":"BreadcrumbList","@id":"https:\/\/lepatriotebenin.com\/index.php\/2025\/06\/28\/excellence-de-misserete-triomphe-a-punta-cana-une-victoire-qui-en-dit-long\/#breadcrumb","itemListElement":[{"@type":"ListItem","position":1,"name":"Accueil","item":"https:\/\/lepatriotebenin.com\/"},{"@type":"ListItem","position":2,"name":"Excellence de Miss\u00e9r\u00e9t\u00e9 triomphe \u00e0 Punta Cana : une victoire qui en dit long"}]},{"@type":"WebSite","@id":"https:\/\/lepatriotebenin.com\/#website","url":"https:\/\/lepatriotebenin.com\/","name":"Le Patriote","description":"Le Patriote B\u00e9nin","potentialAction":[{"@type":"SearchAction","target":{"@type":"EntryPoint","urlTemplate":"https:\/\/lepatriotebenin.com\/?s={search_term_string}"},"query-input":{"@type":"PropertyValueSpecification","valueRequired":true,"valueName":"search_term_string"}}],"inLanguage":"fr-FR"},{"@type":"Person","@id":"https:\/\/lepatriotebenin.com\/#\/schema\/person\/2e7709b9c9cc313e452d1136af61690f","name":"Redaction","image":{"@type":"ImageObject","inLanguage":"fr-FR","@id":"https:\/\/secure.gravatar.com\/avatar\/c4c509357859ea2ca2cbb6d8812898a73e4ef1ef9934c2e591d7e32face734d1?s=96&d=mm&r=g","url":"https:\/\/secure.gravatar.com\/avatar\/c4c509357859ea2ca2cbb6d8812898a73e4ef1ef9934c2e591d7e32face734d1?s=96&d=mm&r=g","contentUrl":"https:\/\/secure.gravatar.com\/avatar\/c4c509357859ea2ca2cbb6d8812898a73e4ef1ef9934c2e591d7e32face734d1?s=96&d=mm&r=g","caption":"Redaction"},"url":"https:\/\/lepatriotebenin.com"}]}},"_links":{"self":[{"href":"https:\/\/lepatriotebenin.com\/index.php\/wp-json\/wp\/v2\/posts\/11449","targetHints":{"allow":["GET"]}}],"collection":[{"href":"https:\/\/lepatriotebenin.com\/index.php\/wp-json\/wp\/v2\/posts"}],"about":[{"href":"https:\/\/lepatriotebenin.com\/index.php\/wp-json\/wp\/v2\/types\/post"}],"author":[{"embeddable":true,"href":"https:\/\/lepatriotebenin.com\/index.php\/wp-json\/wp\/v2\/users\/5"}],"replies":[{"embeddable":true,"href":"https:\/\/lepatriotebenin.com\/index.php\/wp-json\/wp\/v2\/comments?post=11449"}],"version-history":[{"count":2,"href":"https:\/\/lepatriotebenin.com\/index.php\/wp-json\/wp\/v2\/posts\/11449\/revisions"}],"predecessor-version":[{"id":11452,"href":"https:\/\/lepatriotebenin.com\/index.php\/wp-json\/wp\/v2\/posts\/11449\/revisions\/11452"}],"wp:featuredmedia":[{"embeddable":true,"href":"https:\/\/lepatriotebenin.com\/index.php\/wp-json\/wp\/v2\/media\/11450"}],"wp:attachment":[{"href":"https:\/\/lepatriotebenin.com\/index.php\/wp-json\/wp\/v2\/media?parent=11449"}],"wp:term":[{"taxonomy":"category","embeddable":true,"href":"https:\/\/lepatriotebenin.com\/index.php\/wp-json\/wp\/v2\/categories?post=11449"},{"taxonomy":"post_tag","embeddable":true,"href":"https:\/\/lepatriotebenin.com\/index.php\/wp-json\/wp\/v2\/tags?post=11449"}],"curies":[{"name":"wp","href":"https:\/\/api.w.org\/{rel}","templated":true}]}}