{"id":11045,"date":"2025-06-17T05:22:05","date_gmt":"2025-06-17T03:22:05","guid":{"rendered":"https:\/\/lepatriotebenin.com\/?p=11045"},"modified":"2025-06-17T05:22:06","modified_gmt":"2025-06-17T03:22:06","slug":"cote-divoire-alassane-ouattara-candidat-naturel-a-la-presidentielle-de-2025-selon-patrick-achi","status":"publish","type":"post","link":"https:\/\/lepatriotebenin.com\/index.php\/2025\/06\/17\/cote-divoire-alassane-ouattara-candidat-naturel-a-la-presidentielle-de-2025-selon-patrick-achi\/","title":{"rendered":"C\u00f4te d\u2019Ivoire\u00a0: Alassane Ouattara \u00ab\u00a0candidat naturel\u00a0\u00bb \u00e0 la pr\u00e9sidentielle de 2025, selon Patrick Achi"},"content":{"rendered":"\n<p>Lors du meeting de cl\u00f4ture du pr\u00e9-congr\u00e8s du Rassemblement des Houphou\u00ebtistes pour la D\u00e9mocratie et la Paix (RHDP, le <strong>dimanche 15 juin 2025,<\/strong> &nbsp;\u00e0 la Place Ficgayo de Yopougon, l&rsquo;ancien Premier ministre ivoirien, Patrick Achi, a lev\u00e9 le voile sur le choix du parti pour la pr\u00e9sidentielle de 2025. &nbsp;Il a d\u00e9clar\u00e9 que l\u2019actuel de la C\u00f4te d\u2019Ivoire Alassane Ouattara est le candidat &nbsp;leur parti au RHDP.<\/p>\n\n\n\n<p><em>\u00ab Nous avons choisi Alassane Ouattara comme notre candidat au RHDP.\u00bb, <\/em>a-t-il d\u00e9clar\u00e9 devant une foule de militants et cadres du parti.&nbsp; Il a justifi\u00e9 ce choix en mettant en avant les r\u00e9alisations du pr\u00e9sident sortant. <em>\u00ab Nous avons une seule route et c\u2019est la route du pr\u00e9sident Alassane Ouattara, car avec lui, nous avons la s\u00e9curit\u00e9, nous avons la paix, et les jeunes ont le travail. \u00bb,<\/em> a&nbsp; martel\u00e9 Patrick Achi. Il&nbsp; a soulign\u00e9&nbsp; a \u00e9galement soulign\u00e9 les progr\u00e8s significatifs sous la direction d&rsquo;Alassane Ouattara dans des secteurs cl\u00e9s tels que l&rsquo;\u00e9ducation, les infrastructures et la sant\u00e9.<\/p>\n\n\n\n<p>Selon lui, le pr\u00e9sident Ouattara s&rsquo;appr\u00eate \u00e0 propulser la C\u00f4te d&rsquo;Ivoire <em>\u00ab \u00e0 un autre niveau<\/em> \u00bb o\u00f9 \u00ab tous les jeunes auront leur place dans cette nouvelle C\u00f4te d\u2019Ivoire\u00bb, rappelant la performance de ce dernier \u00e0 la t\u00eate du RHDP au cours des cinq derni\u00e8res ann\u00e9es et affirmant que sa direction a \u00e9t\u00e9 si exemplaire que le parti a d\u00e9cid\u00e9 de le reconduire \u00e0 la pr\u00e9sidence du RHDP . Il faut pr\u00e9ciser que le congr\u00e8s du parti au pouvoir se tiendra les <strong>20 et 21 juin 2025<\/strong> au parc des&nbsp; expositions d\u2019Abidjan. Alassane Ouattara &nbsp;a pr\u00eat\u00e9 serment pour un troisi\u00e8me mandat le <strong>14 d\u00e9cembre 2020.<\/strong> L&rsquo;<em><strong>\u00e9lection pr\u00e9sidentielle<\/strong><\/em>&nbsp;ivoirienne de&nbsp;<em><strong>2025<\/strong><\/em>&nbsp;est pr\u00e9vue&nbsp;<em><strong>pour<\/strong><\/em>&nbsp;se d\u00e9rouler le <strong>25 octobre&nbsp;<\/strong><em><strong>2025<\/strong><\/em><strong>,<\/strong> afin d&rsquo;\u00e9lire le pr\u00e9sident de la r\u00e9publique de C\u00f4te d\u2019Ivoire.<\/p>\n","protected":false},"excerpt":{"rendered":"<p>Lors du meeting de cl\u00f4ture du pr\u00e9-congr\u00e8s du Rassemblement des Houphou\u00ebtistes pour la D\u00e9mocratie et la Paix (RHDP, le dimanche 15 juin 2025, &nbsp;\u00e0 la Place Ficgayo de Yopougon, l&rsquo;ancien&hellip;<\/p>\n","protected":false},"author":6,"featured_media":11046,"comment_status":"open","ping_status":"open","sticky":false,"template":"","format":"standard","meta":{"content-type":"","om_disable_all_campaigns":false,"_monsterinsights_skip_tracking":false,"_monsterinsights_sitenote_active":false,"_monsterinsights_sitenote_note":"","_monsterinsights_sitenote_category":0,"_uf_show_specific_survey":0,"_uf_disable_surveys":false,"footnotes":""},"categories":[9],"tags":[],"class_list":["post-11045","post","type-post","status-publish","format-standard","has-post-thumbnail","hentry","category-uncategorized"],"aioseo_notices":[],"yoast_head":"<!-- This site is optimized with the Yoast SEO plugin v27.5 - https:\/\/yoast.com\/product\/yoast-seo-wordpress\/ -->\n<title>C\u00f4te d\u2019Ivoire\u00a0: Alassane Ouattara \u00ab\u00a0candidat naturel\u00a0\u00bb \u00e0 la pr\u00e9sidentielle de 2025, selon Patrick Achi - Le Patriote<\/title>\n<meta name=\"robots\" content=\"index, follow, max-snippet:-1, max-image-preview:large, max-video-preview:-1\" \/>\n<link rel=\"canonical\" href=\"https:\/\/lepatriotebenin.com\/index.php\/2025\/06\/17\/cote-divoire-alassane-ouattara-candidat-naturel-a-la-presidentielle-de-2025-selon-patrick-achi\/\" \/>\n<meta property=\"og:locale\" content=\"fr_FR\" \/>\n<meta property=\"og:type\" content=\"article\" \/>\n<meta property=\"og:title\" content=\"C\u00f4te d\u2019Ivoire\u00a0: Alassane Ouattara \u00ab\u00a0candidat naturel\u00a0\u00bb \u00e0 la pr\u00e9sidentielle de 2025, selon Patrick Achi - Le Patriote\" \/>\n<meta property=\"og:description\" content=\"Lors du meeting de cl\u00f4ture du pr\u00e9-congr\u00e8s du Rassemblement des Houphou\u00ebtistes pour la D\u00e9mocratie et la Paix (RHDP, le dimanche 15 juin 2025, &nbsp;\u00e0 la Place Ficgayo de Yopougon, l&rsquo;ancien&hellip;\" \/>\n<meta property=\"og:url\" content=\"https:\/\/lepatriotebenin.com\/index.php\/2025\/06\/17\/cote-divoire-alassane-ouattara-candidat-naturel-a-la-presidentielle-de-2025-selon-patrick-achi\/\" \/>\n<meta property=\"og:site_name\" content=\"Le Patriote\" \/>\n<meta property=\"article:published_time\" content=\"2025-06-17T03:22:05+00:00\" \/>\n<meta property=\"article:modified_time\" content=\"2025-06-17T03:22:06+00:00\" \/>\n<meta property=\"og:image\" content=\"https:\/\/lepatriotebenin.com\/wp-content\/uploads\/2025\/06\/ouattara.jpg\" \/>\n\t<meta property=\"og:image:width\" content=\"664\" \/>\n\t<meta property=\"og:image:height\" content=\"443\" \/>\n\t<meta property=\"og:image:type\" content=\"image\/jpeg\" \/>\n<meta name=\"author\" content=\"Roland AFFANOU\" \/>\n<meta name=\"twitter:card\" content=\"summary_large_image\" \/>\n<meta name=\"twitter:label1\" content=\"\u00c9crit par\" \/>\n\t<meta name=\"twitter:data1\" content=\"Roland AFFANOU\" \/>\n\t<meta name=\"twitter:label2\" content=\"Dur\u00e9e de lecture estim\u00e9e\" \/>\n\t<meta name=\"twitter:data2\" content=\"2 minutes\" \/>\n<script type=\"application\/ld+json\" class=\"yoast-schema-graph\">{\"@context\":\"https:\\\/\\\/schema.org\",\"@graph\":[{\"@type\":\"Article\",\"@id\":\"https:\\\/\\\/lepatriotebenin.com\\\/index.php\\\/2025\\\/06\\\/17\\\/cote-divoire-alassane-ouattara-candidat-naturel-a-la-presidentielle-de-2025-selon-patrick-achi\\\/#article\",\"isPartOf\":{\"@id\":\"https:\\\/\\\/lepatriotebenin.com\\\/index.php\\\/2025\\\/06\\\/17\\\/cote-divoire-alassane-ouattara-candidat-naturel-a-la-presidentielle-de-2025-selon-patrick-achi\\\/\"},\"author\":{\"name\":\"Roland AFFANOU\",\"@id\":\"https:\\\/\\\/lepatriotebenin.com\\\/#\\\/schema\\\/person\\\/4a9b67216c97d04045e01405c534c91f\"},\"headline\":\"C\u00f4te d\u2019Ivoire\u00a0: Alassane Ouattara \u00ab\u00a0candidat naturel\u00a0\u00bb \u00e0 la pr\u00e9sidentielle de 2025, selon Patrick Achi\",\"datePublished\":\"2025-06-17T03:22:05+00:00\",\"dateModified\":\"2025-06-17T03:22:06+00:00\",\"mainEntityOfPage\":{\"@id\":\"https:\\\/\\\/lepatriotebenin.com\\\/index.php\\\/2025\\\/06\\\/17\\\/cote-divoire-alassane-ouattara-candidat-naturel-a-la-presidentielle-de-2025-selon-patrick-achi\\\/\"},\"wordCount\":350,\"commentCount\":0,\"image\":{\"@id\":\"https:\\\/\\\/lepatriotebenin.com\\\/index.php\\\/2025\\\/06\\\/17\\\/cote-divoire-alassane-ouattara-candidat-naturel-a-la-presidentielle-de-2025-selon-patrick-achi\\\/#primaryimage\"},\"thumbnailUrl\":\"https:\\\/\\\/lepatriotebenin.com\\\/wp-content\\\/uploads\\\/2025\\\/06\\\/ouattara.jpg\",\"articleSection\":[\"Uncategorized\"],\"inLanguage\":\"fr-FR\",\"potentialAction\":[{\"@type\":\"CommentAction\",\"name\":\"Comment\",\"target\":[\"https:\\\/\\\/lepatriotebenin.com\\\/index.php\\\/2025\\\/06\\\/17\\\/cote-divoire-alassane-ouattara-candidat-naturel-a-la-presidentielle-de-2025-selon-patrick-achi\\\/#respond\"]}]},{\"@type\":\"WebPage\",\"@id\":\"https:\\\/\\\/lepatriotebenin.com\\\/index.php\\\/2025\\\/06\\\/17\\\/cote-divoire-alassane-ouattara-candidat-naturel-a-la-presidentielle-de-2025-selon-patrick-achi\\\/\",\"url\":\"https:\\\/\\\/lepatriotebenin.com\\\/index.php\\\/2025\\\/06\\\/17\\\/cote-divoire-alassane-ouattara-candidat-naturel-a-la-presidentielle-de-2025-selon-patrick-achi\\\/\",\"name\":\"C\u00f4te d\u2019Ivoire\u00a0: Alassane Ouattara \u00ab\u00a0candidat naturel\u00a0\u00bb \u00e0 la pr\u00e9sidentielle de 2025, selon Patrick Achi - Le Patriote\",\"isPartOf\":{\"@id\":\"https:\\\/\\\/lepatriotebenin.com\\\/#website\"},\"primaryImageOfPage\":{\"@id\":\"https:\\\/\\\/lepatriotebenin.com\\\/index.php\\\/2025\\\/06\\\/17\\\/cote-divoire-alassane-ouattara-candidat-naturel-a-la-presidentielle-de-2025-selon-patrick-achi\\\/#primaryimage\"},\"image\":{\"@id\":\"https:\\\/\\\/lepatriotebenin.com\\\/index.php\\\/2025\\\/06\\\/17\\\/cote-divoire-alassane-ouattara-candidat-naturel-a-la-presidentielle-de-2025-selon-patrick-achi\\\/#primaryimage\"},\"thumbnailUrl\":\"https:\\\/\\\/lepatriotebenin.com\\\/wp-content\\\/uploads\\\/2025\\\/06\\\/ouattara.jpg\",\"datePublished\":\"2025-06-17T03:22:05+00:00\",\"dateModified\":\"2025-06-17T03:22:06+00:00\",\"author\":{\"@id\":\"https:\\\/\\\/lepatriotebenin.com\\\/#\\\/schema\\\/person\\\/4a9b67216c97d04045e01405c534c91f\"},\"breadcrumb\":{\"@id\":\"https:\\\/\\\/lepatriotebenin.com\\\/index.php\\\/2025\\\/06\\\/17\\\/cote-divoire-alassane-ouattara-candidat-naturel-a-la-presidentielle-de-2025-selon-patrick-achi\\\/#breadcrumb\"},\"inLanguage\":\"fr-FR\",\"potentialAction\":[{\"@type\":\"ReadAction\",\"target\":[\"https:\\\/\\\/lepatriotebenin.com\\\/index.php\\\/2025\\\/06\\\/17\\\/cote-divoire-alassane-ouattara-candidat-naturel-a-la-presidentielle-de-2025-selon-patrick-achi\\\/\"]}]},{\"@type\":\"ImageObject\",\"inLanguage\":\"fr-FR\",\"@id\":\"https:\\\/\\\/lepatriotebenin.com\\\/index.php\\\/2025\\\/06\\\/17\\\/cote-divoire-alassane-ouattara-candidat-naturel-a-la-presidentielle-de-2025-selon-patrick-achi\\\/#primaryimage\",\"url\":\"https:\\\/\\\/lepatriotebenin.com\\\/wp-content\\\/uploads\\\/2025\\\/06\\\/ouattara.jpg\",\"contentUrl\":\"https:\\\/\\\/lepatriotebenin.com\\\/wp-content\\\/uploads\\\/2025\\\/06\\\/ouattara.jpg\",\"width\":664,\"height\":443},{\"@type\":\"BreadcrumbList\",\"@id\":\"https:\\\/\\\/lepatriotebenin.com\\\/index.php\\\/2025\\\/06\\\/17\\\/cote-divoire-alassane-ouattara-candidat-naturel-a-la-presidentielle-de-2025-selon-patrick-achi\\\/#breadcrumb\",\"itemListElement\":[{\"@type\":\"ListItem\",\"position\":1,\"name\":\"Accueil\",\"item\":\"https:\\\/\\\/lepatriotebenin.com\\\/\"},{\"@type\":\"ListItem\",\"position\":2,\"name\":\"C\u00f4te d\u2019Ivoire\u00a0: Alassane Ouattara \u00ab\u00a0candidat naturel\u00a0\u00bb \u00e0 la pr\u00e9sidentielle de 2025, selon Patrick Achi\"}]},{\"@type\":\"WebSite\",\"@id\":\"https:\\\/\\\/lepatriotebenin.com\\\/#website\",\"url\":\"https:\\\/\\\/lepatriotebenin.com\\\/\",\"name\":\"Le Patriote\",\"description\":\"Le Patriote B\u00e9nin\",\"potentialAction\":[{\"@type\":\"SearchAction\",\"target\":{\"@type\":\"EntryPoint\",\"urlTemplate\":\"https:\\\/\\\/lepatriotebenin.com\\\/?s={search_term_string}\"},\"query-input\":{\"@type\":\"PropertyValueSpecification\",\"valueRequired\":true,\"valueName\":\"search_term_string\"}}],\"inLanguage\":\"fr-FR\"},{\"@type\":\"Person\",\"@id\":\"https:\\\/\\\/lepatriotebenin.com\\\/#\\\/schema\\\/person\\\/4a9b67216c97d04045e01405c534c91f\",\"name\":\"Roland AFFANOU\",\"image\":{\"@type\":\"ImageObject\",\"inLanguage\":\"fr-FR\",\"@id\":\"https:\\\/\\\/secure.gravatar.com\\\/avatar\\\/7209d3f6d2d47ea4d0c67e14d3effb61feb10ae540a4381280c66265de5bd643?s=96&d=mm&r=g\",\"url\":\"https:\\\/\\\/secure.gravatar.com\\\/avatar\\\/7209d3f6d2d47ea4d0c67e14d3effb61feb10ae540a4381280c66265de5bd643?s=96&d=mm&r=g\",\"contentUrl\":\"https:\\\/\\\/secure.gravatar.com\\\/avatar\\\/7209d3f6d2d47ea4d0c67e14d3effb61feb10ae540a4381280c66265de5bd643?s=96&d=mm&r=g\",\"caption\":\"Roland AFFANOU\"},\"url\":\"https:\\\/\\\/lepatriotebenin.com\"}]}<\/script>\n<!-- \/ Yoast SEO plugin. -->","yoast_head_json":{"title":"C\u00f4te d\u2019Ivoire\u00a0: Alassane Ouattara \u00ab\u00a0candidat naturel\u00a0\u00bb \u00e0 la pr\u00e9sidentielle de 2025, selon Patrick Achi - Le Patriote","robots":{"index":"index","follow":"follow","max-snippet":"max-snippet:-1","max-image-preview":"max-image-preview:large","max-video-preview":"max-video-preview:-1"},"canonical":"https:\/\/lepatriotebenin.com\/index.php\/2025\/06\/17\/cote-divoire-alassane-ouattara-candidat-naturel-a-la-presidentielle-de-2025-selon-patrick-achi\/","og_locale":"fr_FR","og_type":"article","og_title":"C\u00f4te d\u2019Ivoire\u00a0: Alassane Ouattara \u00ab\u00a0candidat naturel\u00a0\u00bb \u00e0 la pr\u00e9sidentielle de 2025, selon Patrick Achi - Le Patriote","og_description":"Lors du meeting de cl\u00f4ture du pr\u00e9-congr\u00e8s du Rassemblement des Houphou\u00ebtistes pour la D\u00e9mocratie et la Paix (RHDP, le dimanche 15 juin 2025, &nbsp;\u00e0 la Place Ficgayo de Yopougon, l&rsquo;ancien&hellip;","og_url":"https:\/\/lepatriotebenin.com\/index.php\/2025\/06\/17\/cote-divoire-alassane-ouattara-candidat-naturel-a-la-presidentielle-de-2025-selon-patrick-achi\/","og_site_name":"Le Patriote","article_published_time":"2025-06-17T03:22:05+00:00","article_modified_time":"2025-06-17T03:22:06+00:00","og_image":[{"width":664,"height":443,"url":"https:\/\/lepatriotebenin.com\/wp-content\/uploads\/2025\/06\/ouattara.jpg","type":"image\/jpeg"}],"author":"Roland AFFANOU","twitter_card":"summary_large_image","twitter_misc":{"\u00c9crit par":"Roland AFFANOU","Dur\u00e9e de lecture estim\u00e9e":"2 minutes"},"schema":{"@context":"https:\/\/schema.org","@graph":[{"@type":"Article","@id":"https:\/\/lepatriotebenin.com\/index.php\/2025\/06\/17\/cote-divoire-alassane-ouattara-candidat-naturel-a-la-presidentielle-de-2025-selon-patrick-achi\/#article","isPartOf":{"@id":"https:\/\/lepatriotebenin.com\/index.php\/2025\/06\/17\/cote-divoire-alassane-ouattara-candidat-naturel-a-la-presidentielle-de-2025-selon-patrick-achi\/"},"author":{"name":"Roland AFFANOU","@id":"https:\/\/lepatriotebenin.com\/#\/schema\/person\/4a9b67216c97d04045e01405c534c91f"},"headline":"C\u00f4te d\u2019Ivoire\u00a0: Alassane Ouattara \u00ab\u00a0candidat naturel\u00a0\u00bb \u00e0 la pr\u00e9sidentielle de 2025, selon Patrick Achi","datePublished":"2025-06-17T03:22:05+00:00","dateModified":"2025-06-17T03:22:06+00:00","mainEntityOfPage":{"@id":"https:\/\/lepatriotebenin.com\/index.php\/2025\/06\/17\/cote-divoire-alassane-ouattara-candidat-naturel-a-la-presidentielle-de-2025-selon-patrick-achi\/"},"wordCount":350,"commentCount":0,"image":{"@id":"https:\/\/lepatriotebenin.com\/index.php\/2025\/06\/17\/cote-divoire-alassane-ouattara-candidat-naturel-a-la-presidentielle-de-2025-selon-patrick-achi\/#primaryimage"},"thumbnailUrl":"https:\/\/lepatriotebenin.com\/wp-content\/uploads\/2025\/06\/ouattara.jpg","articleSection":["Uncategorized"],"inLanguage":"fr-FR","potentialAction":[{"@type":"CommentAction","name":"Comment","target":["https:\/\/lepatriotebenin.com\/index.php\/2025\/06\/17\/cote-divoire-alassane-ouattara-candidat-naturel-a-la-presidentielle-de-2025-selon-patrick-achi\/#respond"]}]},{"@type":"WebPage","@id":"https:\/\/lepatriotebenin.com\/index.php\/2025\/06\/17\/cote-divoire-alassane-ouattara-candidat-naturel-a-la-presidentielle-de-2025-selon-patrick-achi\/","url":"https:\/\/lepatriotebenin.com\/index.php\/2025\/06\/17\/cote-divoire-alassane-ouattara-candidat-naturel-a-la-presidentielle-de-2025-selon-patrick-achi\/","name":"C\u00f4te d\u2019Ivoire\u00a0: Alassane Ouattara \u00ab\u00a0candidat naturel\u00a0\u00bb \u00e0 la pr\u00e9sidentielle de 2025, selon Patrick Achi - Le Patriote","isPartOf":{"@id":"https:\/\/lepatriotebenin.com\/#website"},"primaryImageOfPage":{"@id":"https:\/\/lepatriotebenin.com\/index.php\/2025\/06\/17\/cote-divoire-alassane-ouattara-candidat-naturel-a-la-presidentielle-de-2025-selon-patrick-achi\/#primaryimage"},"image":{"@id":"https:\/\/lepatriotebenin.com\/index.php\/2025\/06\/17\/cote-divoire-alassane-ouattara-candidat-naturel-a-la-presidentielle-de-2025-selon-patrick-achi\/#primaryimage"},"thumbnailUrl":"https:\/\/lepatriotebenin.com\/wp-content\/uploads\/2025\/06\/ouattara.jpg","datePublished":"2025-06-17T03:22:05+00:00","dateModified":"2025-06-17T03:22:06+00:00","author":{"@id":"https:\/\/lepatriotebenin.com\/#\/schema\/person\/4a9b67216c97d04045e01405c534c91f"},"breadcrumb":{"@id":"https:\/\/lepatriotebenin.com\/index.php\/2025\/06\/17\/cote-divoire-alassane-ouattara-candidat-naturel-a-la-presidentielle-de-2025-selon-patrick-achi\/#breadcrumb"},"inLanguage":"fr-FR","potentialAction":[{"@type":"ReadAction","target":["https:\/\/lepatriotebenin.com\/index.php\/2025\/06\/17\/cote-divoire-alassane-ouattara-candidat-naturel-a-la-presidentielle-de-2025-selon-patrick-achi\/"]}]},{"@type":"ImageObject","inLanguage":"fr-FR","@id":"https:\/\/lepatriotebenin.com\/index.php\/2025\/06\/17\/cote-divoire-alassane-ouattara-candidat-naturel-a-la-presidentielle-de-2025-selon-patrick-achi\/#primaryimage","url":"https:\/\/lepatriotebenin.com\/wp-content\/uploads\/2025\/06\/ouattara.jpg","contentUrl":"https:\/\/lepatriotebenin.com\/wp-content\/uploads\/2025\/06\/ouattara.jpg","width":664,"height":443},{"@type":"BreadcrumbList","@id":"https:\/\/lepatriotebenin.com\/index.php\/2025\/06\/17\/cote-divoire-alassane-ouattara-candidat-naturel-a-la-presidentielle-de-2025-selon-patrick-achi\/#breadcrumb","itemListElement":[{"@type":"ListItem","position":1,"name":"Accueil","item":"https:\/\/lepatriotebenin.com\/"},{"@type":"ListItem","position":2,"name":"C\u00f4te d\u2019Ivoire\u00a0: Alassane Ouattara \u00ab\u00a0candidat naturel\u00a0\u00bb \u00e0 la pr\u00e9sidentielle de 2025, selon Patrick Achi"}]},{"@type":"WebSite","@id":"https:\/\/lepatriotebenin.com\/#website","url":"https:\/\/lepatriotebenin.com\/","name":"Le Patriote","description":"Le Patriote B\u00e9nin","potentialAction":[{"@type":"SearchAction","target":{"@type":"EntryPoint","urlTemplate":"https:\/\/lepatriotebenin.com\/?s={search_term_string}"},"query-input":{"@type":"PropertyValueSpecification","valueRequired":true,"valueName":"search_term_string"}}],"inLanguage":"fr-FR"},{"@type":"Person","@id":"https:\/\/lepatriotebenin.com\/#\/schema\/person\/4a9b67216c97d04045e01405c534c91f","name":"Roland AFFANOU","image":{"@type":"ImageObject","inLanguage":"fr-FR","@id":"https:\/\/secure.gravatar.com\/avatar\/7209d3f6d2d47ea4d0c67e14d3effb61feb10ae540a4381280c66265de5bd643?s=96&d=mm&r=g","url":"https:\/\/secure.gravatar.com\/avatar\/7209d3f6d2d47ea4d0c67e14d3effb61feb10ae540a4381280c66265de5bd643?s=96&d=mm&r=g","contentUrl":"https:\/\/secure.gravatar.com\/avatar\/7209d3f6d2d47ea4d0c67e14d3effb61feb10ae540a4381280c66265de5bd643?s=96&d=mm&r=g","caption":"Roland AFFANOU"},"url":"https:\/\/lepatriotebenin.com"}]}},"_links":{"self":[{"href":"https:\/\/lepatriotebenin.com\/index.php\/wp-json\/wp\/v2\/posts\/11045","targetHints":{"allow":["GET"]}}],"collection":[{"href":"https:\/\/lepatriotebenin.com\/index.php\/wp-json\/wp\/v2\/posts"}],"about":[{"href":"https:\/\/lepatriotebenin.com\/index.php\/wp-json\/wp\/v2\/types\/post"}],"author":[{"embeddable":true,"href":"https:\/\/lepatriotebenin.com\/index.php\/wp-json\/wp\/v2\/users\/6"}],"replies":[{"embeddable":true,"href":"https:\/\/lepatriotebenin.com\/index.php\/wp-json\/wp\/v2\/comments?post=11045"}],"version-history":[{"count":1,"href":"https:\/\/lepatriotebenin.com\/index.php\/wp-json\/wp\/v2\/posts\/11045\/revisions"}],"predecessor-version":[{"id":11047,"href":"https:\/\/lepatriotebenin.com\/index.php\/wp-json\/wp\/v2\/posts\/11045\/revisions\/11047"}],"wp:featuredmedia":[{"embeddable":true,"href":"https:\/\/lepatriotebenin.com\/index.php\/wp-json\/wp\/v2\/media\/11046"}],"wp:attachment":[{"href":"https:\/\/lepatriotebenin.com\/index.php\/wp-json\/wp\/v2\/media?parent=11045"}],"wp:term":[{"taxonomy":"category","embeddable":true,"href":"https:\/\/lepatriotebenin.com\/index.php\/wp-json\/wp\/v2\/categories?post=11045"},{"taxonomy":"post_tag","embeddable":true,"href":"https:\/\/lepatriotebenin.com\/index.php\/wp-json\/wp\/v2\/tags?post=11045"}],"curies":[{"name":"wp","href":"https:\/\/api.w.org\/{rel}","templated":true}]}}