{"id":11038,"date":"2025-06-16T18:20:16","date_gmt":"2025-06-16T16:20:16","guid":{"rendered":"https:\/\/lepatriotebenin.com\/?p=11038"},"modified":"2025-06-16T18:20:17","modified_gmt":"2025-06-16T16:20:17","slug":"medias-le-togo-suspend-la-diffusion-de-france-24-et-rfi-pour-trois-mois-les-raisons","status":"publish","type":"post","link":"https:\/\/lepatriotebenin.com\/index.php\/2025\/06\/16\/medias-le-togo-suspend-la-diffusion-de-france-24-et-rfi-pour-trois-mois-les-raisons\/","title":{"rendered":"M\u00e9dias\u00a0: Le Togo suspend la diffusion de France 24 et RFI pour trois mois, les raisons\u2026.."},"content":{"rendered":"\n<p><em>La Haute Autorit\u00e9 de l\u2019Audiovisuel et de la Communication (HAAC) a prononc\u00e9 ce <strong>lundi 16 juin 2025<\/strong> &nbsp;une sanction contre <strong>France 24 et Radio France Internationale (RFI),<\/strong> accusant les deux m\u00e9dias publics fran\u00e7ais de manquements r\u00e9p\u00e9t\u00e9s \u00e0 la rigueur journalistique, notamment en mati\u00e8re d\u2019impartialit\u00e9, de v\u00e9rification des faits et de responsabilit\u00e9 \u00e9ditoriale.<\/em><\/p>\n\n\n\n<p>Les diffusions de Radio France internationale (RFI) et de la cha\u00eene de t\u00e9l\u00e9vision France&nbsp;24 ont \u00e9t\u00e9 suspendues au Togo pour <strong>trois mois,<\/strong> a annonc\u00e9 l\u2019instance de r\u00e9gulation des m\u00e9dias du pays, &nbsp;ce lundi. <em>\u00ab&nbsp;Plusieurs \u00e9missions r\u00e9centes ont relay\u00e9 des propos inexacts, tendancieux, voire contraires aux faits \u00e9tablis, portant atteinte \u00e0 la stabilit\u00e9 des institutions r\u00e9publicaines et \u00e0 l\u2019image du pays&nbsp;\u00bb<\/em>, \u00e9crit la Haute Autorit\u00e9 de l\u2019audiovisuel et de la communication (HAAC), dans un communiqu\u00e9.<\/p>\n\n\n\n<p>Elle ajoute que cette mesure <em>\u00ab&nbsp;fait suite \u00e0 des manquements r\u00e9p\u00e9t\u00e9s, d\u00e9j\u00e0 signal\u00e9s et formellement rappel\u00e9s, en mati\u00e8re d\u2019impartialit\u00e9, de rigueur et de v\u00e9rification des faits&nbsp;\u00bb<\/em>. <em>\u00ab&nbsp;Le pluralisme des opinions n\u2019autorise pas la diffusion de contre-v\u00e9rit\u00e9s ni la pr\u00e9sentation partiale de l\u2019actualit\u00e9. La libert\u00e9 de la presse ne saurait \u00eatre synonyme de d\u00e9sinformation ou d\u2019ing\u00e9rence&nbsp;\u00bb<\/em>, poursuit l\u2019institution.<\/p>\n\n\n\n<p>Selon la HAAC, ces m\u00e9dias ont multipli\u00e9 les diffusions de propos inexacts, tendancieux, voire contraires aux faits \u00e9tablis, en d\u00e9pit de rappels \u00e0 l\u2019ordre ant\u00e9rieurs. Des \u00e9carts jug\u00e9s d\u2019autant plus graves qu\u2019ils concernent des sujets sensibles li\u00e9s \u00e0 la stabilit\u00e9 institutionnelle et \u00e0 l\u2019image internationale du Togo.\u00ab&nbsp;<em>Le Togo r\u00e9affirme son attachement \u00e0 une presse libre, responsable et professionnelle, au service de l\u2019information juste et \u00e9quilibr\u00e9e&nbsp;\u00bb,<\/em> conclu le communiqu\u00e9&nbsp;.Il faut rappeler que le Togo est <strong>au 121<sup>\u00e8me<\/sup><\/strong> rang sur <strong>180 <\/strong>dans le classement 2025 de la libert\u00e9 de la presse Reporter Sans fronti\u00e8re, en recul de huit place par rapport \u00e0 2024.<\/p>\n","protected":false},"excerpt":{"rendered":"<p>La Haute Autorit\u00e9 de l\u2019Audiovisuel et de la Communication (HAAC) a prononc\u00e9 ce lundi 16 juin 2025 &nbsp;une sanction contre France 24 et Radio France Internationale (RFI), accusant les deux&hellip;<\/p>\n","protected":false},"author":6,"featured_media":11039,"comment_status":"open","ping_status":"open","sticky":false,"template":"","format":"standard","meta":{"content-type":"","om_disable_all_campaigns":false,"_monsterinsights_skip_tracking":false,"_monsterinsights_sitenote_active":false,"_monsterinsights_sitenote_note":"","_monsterinsights_sitenote_category":0,"_uf_show_specific_survey":0,"_uf_disable_surveys":false,"footnotes":""},"categories":[9],"tags":[],"class_list":["post-11038","post","type-post","status-publish","format-standard","has-post-thumbnail","hentry","category-uncategorized"],"aioseo_notices":[],"yoast_head":"<!-- This site is optimized with the Yoast SEO plugin v27.5 - https:\/\/yoast.com\/product\/yoast-seo-wordpress\/ -->\n<title>M\u00e9dias\u00a0: Le Togo suspend la diffusion de France 24 et RFI pour trois mois, les raisons\u2026.. - Le Patriote<\/title>\n<meta name=\"robots\" content=\"index, follow, max-snippet:-1, max-image-preview:large, max-video-preview:-1\" \/>\n<link rel=\"canonical\" href=\"https:\/\/lepatriotebenin.com\/index.php\/2025\/06\/16\/medias-le-togo-suspend-la-diffusion-de-france-24-et-rfi-pour-trois-mois-les-raisons\/\" \/>\n<meta property=\"og:locale\" content=\"fr_FR\" \/>\n<meta property=\"og:type\" content=\"article\" \/>\n<meta property=\"og:title\" content=\"M\u00e9dias\u00a0: Le Togo suspend la diffusion de France 24 et RFI pour trois mois, les raisons\u2026.. - Le Patriote\" \/>\n<meta property=\"og:description\" content=\"La Haute Autorit\u00e9 de l\u2019Audiovisuel et de la Communication (HAAC) a prononc\u00e9 ce lundi 16 juin 2025 &nbsp;une sanction contre France 24 et Radio France Internationale (RFI), accusant les deux&hellip;\" \/>\n<meta property=\"og:url\" content=\"https:\/\/lepatriotebenin.com\/index.php\/2025\/06\/16\/medias-le-togo-suspend-la-diffusion-de-france-24-et-rfi-pour-trois-mois-les-raisons\/\" \/>\n<meta property=\"og:site_name\" content=\"Le Patriote\" \/>\n<meta property=\"article:published_time\" content=\"2025-06-16T16:20:16+00:00\" \/>\n<meta property=\"article:modified_time\" content=\"2025-06-16T16:20:17+00:00\" \/>\n<meta property=\"og:image\" content=\"https:\/\/lepatriotebenin.com\/wp-content\/uploads\/2025\/06\/france-24-et-rfi.jpg\" \/>\n\t<meta property=\"og:image:width\" content=\"1140\" \/>\n\t<meta property=\"og:image:height\" content=\"480\" \/>\n\t<meta property=\"og:image:type\" content=\"image\/jpeg\" \/>\n<meta name=\"author\" content=\"Roland AFFANOU\" \/>\n<meta name=\"twitter:card\" content=\"summary_large_image\" \/>\n<meta name=\"twitter:label1\" content=\"\u00c9crit par\" \/>\n\t<meta name=\"twitter:data1\" content=\"Roland AFFANOU\" \/>\n\t<meta name=\"twitter:label2\" content=\"Dur\u00e9e de lecture estim\u00e9e\" \/>\n\t<meta name=\"twitter:data2\" content=\"2 minutes\" \/>\n<script type=\"application\/ld+json\" class=\"yoast-schema-graph\">{\"@context\":\"https:\\\/\\\/schema.org\",\"@graph\":[{\"@type\":\"Article\",\"@id\":\"https:\\\/\\\/lepatriotebenin.com\\\/index.php\\\/2025\\\/06\\\/16\\\/medias-le-togo-suspend-la-diffusion-de-france-24-et-rfi-pour-trois-mois-les-raisons\\\/#article\",\"isPartOf\":{\"@id\":\"https:\\\/\\\/lepatriotebenin.com\\\/index.php\\\/2025\\\/06\\\/16\\\/medias-le-togo-suspend-la-diffusion-de-france-24-et-rfi-pour-trois-mois-les-raisons\\\/\"},\"author\":{\"name\":\"Roland AFFANOU\",\"@id\":\"https:\\\/\\\/lepatriotebenin.com\\\/#\\\/schema\\\/person\\\/4a9b67216c97d04045e01405c534c91f\"},\"headline\":\"M\u00e9dias\u00a0: Le Togo suspend la diffusion de France 24 et RFI pour trois mois, les raisons\u2026..\",\"datePublished\":\"2025-06-16T16:20:16+00:00\",\"dateModified\":\"2025-06-16T16:20:17+00:00\",\"mainEntityOfPage\":{\"@id\":\"https:\\\/\\\/lepatriotebenin.com\\\/index.php\\\/2025\\\/06\\\/16\\\/medias-le-togo-suspend-la-diffusion-de-france-24-et-rfi-pour-trois-mois-les-raisons\\\/\"},\"wordCount\":349,\"commentCount\":0,\"image\":{\"@id\":\"https:\\\/\\\/lepatriotebenin.com\\\/index.php\\\/2025\\\/06\\\/16\\\/medias-le-togo-suspend-la-diffusion-de-france-24-et-rfi-pour-trois-mois-les-raisons\\\/#primaryimage\"},\"thumbnailUrl\":\"https:\\\/\\\/lepatriotebenin.com\\\/wp-content\\\/uploads\\\/2025\\\/06\\\/france-24-et-rfi.jpg\",\"articleSection\":[\"Uncategorized\"],\"inLanguage\":\"fr-FR\",\"potentialAction\":[{\"@type\":\"CommentAction\",\"name\":\"Comment\",\"target\":[\"https:\\\/\\\/lepatriotebenin.com\\\/index.php\\\/2025\\\/06\\\/16\\\/medias-le-togo-suspend-la-diffusion-de-france-24-et-rfi-pour-trois-mois-les-raisons\\\/#respond\"]}]},{\"@type\":\"WebPage\",\"@id\":\"https:\\\/\\\/lepatriotebenin.com\\\/index.php\\\/2025\\\/06\\\/16\\\/medias-le-togo-suspend-la-diffusion-de-france-24-et-rfi-pour-trois-mois-les-raisons\\\/\",\"url\":\"https:\\\/\\\/lepatriotebenin.com\\\/index.php\\\/2025\\\/06\\\/16\\\/medias-le-togo-suspend-la-diffusion-de-france-24-et-rfi-pour-trois-mois-les-raisons\\\/\",\"name\":\"M\u00e9dias\u00a0: Le Togo suspend la diffusion de France 24 et RFI pour trois mois, les raisons\u2026.. - Le Patriote\",\"isPartOf\":{\"@id\":\"https:\\\/\\\/lepatriotebenin.com\\\/#website\"},\"primaryImageOfPage\":{\"@id\":\"https:\\\/\\\/lepatriotebenin.com\\\/index.php\\\/2025\\\/06\\\/16\\\/medias-le-togo-suspend-la-diffusion-de-france-24-et-rfi-pour-trois-mois-les-raisons\\\/#primaryimage\"},\"image\":{\"@id\":\"https:\\\/\\\/lepatriotebenin.com\\\/index.php\\\/2025\\\/06\\\/16\\\/medias-le-togo-suspend-la-diffusion-de-france-24-et-rfi-pour-trois-mois-les-raisons\\\/#primaryimage\"},\"thumbnailUrl\":\"https:\\\/\\\/lepatriotebenin.com\\\/wp-content\\\/uploads\\\/2025\\\/06\\\/france-24-et-rfi.jpg\",\"datePublished\":\"2025-06-16T16:20:16+00:00\",\"dateModified\":\"2025-06-16T16:20:17+00:00\",\"author\":{\"@id\":\"https:\\\/\\\/lepatriotebenin.com\\\/#\\\/schema\\\/person\\\/4a9b67216c97d04045e01405c534c91f\"},\"breadcrumb\":{\"@id\":\"https:\\\/\\\/lepatriotebenin.com\\\/index.php\\\/2025\\\/06\\\/16\\\/medias-le-togo-suspend-la-diffusion-de-france-24-et-rfi-pour-trois-mois-les-raisons\\\/#breadcrumb\"},\"inLanguage\":\"fr-FR\",\"potentialAction\":[{\"@type\":\"ReadAction\",\"target\":[\"https:\\\/\\\/lepatriotebenin.com\\\/index.php\\\/2025\\\/06\\\/16\\\/medias-le-togo-suspend-la-diffusion-de-france-24-et-rfi-pour-trois-mois-les-raisons\\\/\"]}]},{\"@type\":\"ImageObject\",\"inLanguage\":\"fr-FR\",\"@id\":\"https:\\\/\\\/lepatriotebenin.com\\\/index.php\\\/2025\\\/06\\\/16\\\/medias-le-togo-suspend-la-diffusion-de-france-24-et-rfi-pour-trois-mois-les-raisons\\\/#primaryimage\",\"url\":\"https:\\\/\\\/lepatriotebenin.com\\\/wp-content\\\/uploads\\\/2025\\\/06\\\/france-24-et-rfi.jpg\",\"contentUrl\":\"https:\\\/\\\/lepatriotebenin.com\\\/wp-content\\\/uploads\\\/2025\\\/06\\\/france-24-et-rfi.jpg\",\"width\":1140,\"height\":480},{\"@type\":\"BreadcrumbList\",\"@id\":\"https:\\\/\\\/lepatriotebenin.com\\\/index.php\\\/2025\\\/06\\\/16\\\/medias-le-togo-suspend-la-diffusion-de-france-24-et-rfi-pour-trois-mois-les-raisons\\\/#breadcrumb\",\"itemListElement\":[{\"@type\":\"ListItem\",\"position\":1,\"name\":\"Accueil\",\"item\":\"https:\\\/\\\/lepatriotebenin.com\\\/\"},{\"@type\":\"ListItem\",\"position\":2,\"name\":\"M\u00e9dias\u00a0: Le Togo suspend la diffusion de France 24 et RFI pour trois mois, les raisons\u2026..\"}]},{\"@type\":\"WebSite\",\"@id\":\"https:\\\/\\\/lepatriotebenin.com\\\/#website\",\"url\":\"https:\\\/\\\/lepatriotebenin.com\\\/\",\"name\":\"Le Patriote\",\"description\":\"Le Patriote B\u00e9nin\",\"potentialAction\":[{\"@type\":\"SearchAction\",\"target\":{\"@type\":\"EntryPoint\",\"urlTemplate\":\"https:\\\/\\\/lepatriotebenin.com\\\/?s={search_term_string}\"},\"query-input\":{\"@type\":\"PropertyValueSpecification\",\"valueRequired\":true,\"valueName\":\"search_term_string\"}}],\"inLanguage\":\"fr-FR\"},{\"@type\":\"Person\",\"@id\":\"https:\\\/\\\/lepatriotebenin.com\\\/#\\\/schema\\\/person\\\/4a9b67216c97d04045e01405c534c91f\",\"name\":\"Roland AFFANOU\",\"image\":{\"@type\":\"ImageObject\",\"inLanguage\":\"fr-FR\",\"@id\":\"https:\\\/\\\/secure.gravatar.com\\\/avatar\\\/7209d3f6d2d47ea4d0c67e14d3effb61feb10ae540a4381280c66265de5bd643?s=96&d=mm&r=g\",\"url\":\"https:\\\/\\\/secure.gravatar.com\\\/avatar\\\/7209d3f6d2d47ea4d0c67e14d3effb61feb10ae540a4381280c66265de5bd643?s=96&d=mm&r=g\",\"contentUrl\":\"https:\\\/\\\/secure.gravatar.com\\\/avatar\\\/7209d3f6d2d47ea4d0c67e14d3effb61feb10ae540a4381280c66265de5bd643?s=96&d=mm&r=g\",\"caption\":\"Roland AFFANOU\"},\"url\":\"https:\\\/\\\/lepatriotebenin.com\"}]}<\/script>\n<!-- \/ Yoast SEO plugin. -->","yoast_head_json":{"title":"M\u00e9dias\u00a0: Le Togo suspend la diffusion de France 24 et RFI pour trois mois, les raisons\u2026.. - Le Patriote","robots":{"index":"index","follow":"follow","max-snippet":"max-snippet:-1","max-image-preview":"max-image-preview:large","max-video-preview":"max-video-preview:-1"},"canonical":"https:\/\/lepatriotebenin.com\/index.php\/2025\/06\/16\/medias-le-togo-suspend-la-diffusion-de-france-24-et-rfi-pour-trois-mois-les-raisons\/","og_locale":"fr_FR","og_type":"article","og_title":"M\u00e9dias\u00a0: Le Togo suspend la diffusion de France 24 et RFI pour trois mois, les raisons\u2026.. - Le Patriote","og_description":"La Haute Autorit\u00e9 de l\u2019Audiovisuel et de la Communication (HAAC) a prononc\u00e9 ce lundi 16 juin 2025 &nbsp;une sanction contre France 24 et Radio France Internationale (RFI), accusant les deux&hellip;","og_url":"https:\/\/lepatriotebenin.com\/index.php\/2025\/06\/16\/medias-le-togo-suspend-la-diffusion-de-france-24-et-rfi-pour-trois-mois-les-raisons\/","og_site_name":"Le Patriote","article_published_time":"2025-06-16T16:20:16+00:00","article_modified_time":"2025-06-16T16:20:17+00:00","og_image":[{"width":1140,"height":480,"url":"https:\/\/lepatriotebenin.com\/wp-content\/uploads\/2025\/06\/france-24-et-rfi.jpg","type":"image\/jpeg"}],"author":"Roland AFFANOU","twitter_card":"summary_large_image","twitter_misc":{"\u00c9crit par":"Roland AFFANOU","Dur\u00e9e de lecture estim\u00e9e":"2 minutes"},"schema":{"@context":"https:\/\/schema.org","@graph":[{"@type":"Article","@id":"https:\/\/lepatriotebenin.com\/index.php\/2025\/06\/16\/medias-le-togo-suspend-la-diffusion-de-france-24-et-rfi-pour-trois-mois-les-raisons\/#article","isPartOf":{"@id":"https:\/\/lepatriotebenin.com\/index.php\/2025\/06\/16\/medias-le-togo-suspend-la-diffusion-de-france-24-et-rfi-pour-trois-mois-les-raisons\/"},"author":{"name":"Roland AFFANOU","@id":"https:\/\/lepatriotebenin.com\/#\/schema\/person\/4a9b67216c97d04045e01405c534c91f"},"headline":"M\u00e9dias\u00a0: Le Togo suspend la diffusion de France 24 et RFI pour trois mois, les raisons\u2026..","datePublished":"2025-06-16T16:20:16+00:00","dateModified":"2025-06-16T16:20:17+00:00","mainEntityOfPage":{"@id":"https:\/\/lepatriotebenin.com\/index.php\/2025\/06\/16\/medias-le-togo-suspend-la-diffusion-de-france-24-et-rfi-pour-trois-mois-les-raisons\/"},"wordCount":349,"commentCount":0,"image":{"@id":"https:\/\/lepatriotebenin.com\/index.php\/2025\/06\/16\/medias-le-togo-suspend-la-diffusion-de-france-24-et-rfi-pour-trois-mois-les-raisons\/#primaryimage"},"thumbnailUrl":"https:\/\/lepatriotebenin.com\/wp-content\/uploads\/2025\/06\/france-24-et-rfi.jpg","articleSection":["Uncategorized"],"inLanguage":"fr-FR","potentialAction":[{"@type":"CommentAction","name":"Comment","target":["https:\/\/lepatriotebenin.com\/index.php\/2025\/06\/16\/medias-le-togo-suspend-la-diffusion-de-france-24-et-rfi-pour-trois-mois-les-raisons\/#respond"]}]},{"@type":"WebPage","@id":"https:\/\/lepatriotebenin.com\/index.php\/2025\/06\/16\/medias-le-togo-suspend-la-diffusion-de-france-24-et-rfi-pour-trois-mois-les-raisons\/","url":"https:\/\/lepatriotebenin.com\/index.php\/2025\/06\/16\/medias-le-togo-suspend-la-diffusion-de-france-24-et-rfi-pour-trois-mois-les-raisons\/","name":"M\u00e9dias\u00a0: Le Togo suspend la diffusion de France 24 et RFI pour trois mois, les raisons\u2026.. - Le Patriote","isPartOf":{"@id":"https:\/\/lepatriotebenin.com\/#website"},"primaryImageOfPage":{"@id":"https:\/\/lepatriotebenin.com\/index.php\/2025\/06\/16\/medias-le-togo-suspend-la-diffusion-de-france-24-et-rfi-pour-trois-mois-les-raisons\/#primaryimage"},"image":{"@id":"https:\/\/lepatriotebenin.com\/index.php\/2025\/06\/16\/medias-le-togo-suspend-la-diffusion-de-france-24-et-rfi-pour-trois-mois-les-raisons\/#primaryimage"},"thumbnailUrl":"https:\/\/lepatriotebenin.com\/wp-content\/uploads\/2025\/06\/france-24-et-rfi.jpg","datePublished":"2025-06-16T16:20:16+00:00","dateModified":"2025-06-16T16:20:17+00:00","author":{"@id":"https:\/\/lepatriotebenin.com\/#\/schema\/person\/4a9b67216c97d04045e01405c534c91f"},"breadcrumb":{"@id":"https:\/\/lepatriotebenin.com\/index.php\/2025\/06\/16\/medias-le-togo-suspend-la-diffusion-de-france-24-et-rfi-pour-trois-mois-les-raisons\/#breadcrumb"},"inLanguage":"fr-FR","potentialAction":[{"@type":"ReadAction","target":["https:\/\/lepatriotebenin.com\/index.php\/2025\/06\/16\/medias-le-togo-suspend-la-diffusion-de-france-24-et-rfi-pour-trois-mois-les-raisons\/"]}]},{"@type":"ImageObject","inLanguage":"fr-FR","@id":"https:\/\/lepatriotebenin.com\/index.php\/2025\/06\/16\/medias-le-togo-suspend-la-diffusion-de-france-24-et-rfi-pour-trois-mois-les-raisons\/#primaryimage","url":"https:\/\/lepatriotebenin.com\/wp-content\/uploads\/2025\/06\/france-24-et-rfi.jpg","contentUrl":"https:\/\/lepatriotebenin.com\/wp-content\/uploads\/2025\/06\/france-24-et-rfi.jpg","width":1140,"height":480},{"@type":"BreadcrumbList","@id":"https:\/\/lepatriotebenin.com\/index.php\/2025\/06\/16\/medias-le-togo-suspend-la-diffusion-de-france-24-et-rfi-pour-trois-mois-les-raisons\/#breadcrumb","itemListElement":[{"@type":"ListItem","position":1,"name":"Accueil","item":"https:\/\/lepatriotebenin.com\/"},{"@type":"ListItem","position":2,"name":"M\u00e9dias\u00a0: Le Togo suspend la diffusion de France 24 et RFI pour trois mois, les raisons\u2026.."}]},{"@type":"WebSite","@id":"https:\/\/lepatriotebenin.com\/#website","url":"https:\/\/lepatriotebenin.com\/","name":"Le Patriote","description":"Le Patriote B\u00e9nin","potentialAction":[{"@type":"SearchAction","target":{"@type":"EntryPoint","urlTemplate":"https:\/\/lepatriotebenin.com\/?s={search_term_string}"},"query-input":{"@type":"PropertyValueSpecification","valueRequired":true,"valueName":"search_term_string"}}],"inLanguage":"fr-FR"},{"@type":"Person","@id":"https:\/\/lepatriotebenin.com\/#\/schema\/person\/4a9b67216c97d04045e01405c534c91f","name":"Roland AFFANOU","image":{"@type":"ImageObject","inLanguage":"fr-FR","@id":"https:\/\/secure.gravatar.com\/avatar\/7209d3f6d2d47ea4d0c67e14d3effb61feb10ae540a4381280c66265de5bd643?s=96&d=mm&r=g","url":"https:\/\/secure.gravatar.com\/avatar\/7209d3f6d2d47ea4d0c67e14d3effb61feb10ae540a4381280c66265de5bd643?s=96&d=mm&r=g","contentUrl":"https:\/\/secure.gravatar.com\/avatar\/7209d3f6d2d47ea4d0c67e14d3effb61feb10ae540a4381280c66265de5bd643?s=96&d=mm&r=g","caption":"Roland AFFANOU"},"url":"https:\/\/lepatriotebenin.com"}]}},"_links":{"self":[{"href":"https:\/\/lepatriotebenin.com\/index.php\/wp-json\/wp\/v2\/posts\/11038","targetHints":{"allow":["GET"]}}],"collection":[{"href":"https:\/\/lepatriotebenin.com\/index.php\/wp-json\/wp\/v2\/posts"}],"about":[{"href":"https:\/\/lepatriotebenin.com\/index.php\/wp-json\/wp\/v2\/types\/post"}],"author":[{"embeddable":true,"href":"https:\/\/lepatriotebenin.com\/index.php\/wp-json\/wp\/v2\/users\/6"}],"replies":[{"embeddable":true,"href":"https:\/\/lepatriotebenin.com\/index.php\/wp-json\/wp\/v2\/comments?post=11038"}],"version-history":[{"count":1,"href":"https:\/\/lepatriotebenin.com\/index.php\/wp-json\/wp\/v2\/posts\/11038\/revisions"}],"predecessor-version":[{"id":11040,"href":"https:\/\/lepatriotebenin.com\/index.php\/wp-json\/wp\/v2\/posts\/11038\/revisions\/11040"}],"wp:featuredmedia":[{"embeddable":true,"href":"https:\/\/lepatriotebenin.com\/index.php\/wp-json\/wp\/v2\/media\/11039"}],"wp:attachment":[{"href":"https:\/\/lepatriotebenin.com\/index.php\/wp-json\/wp\/v2\/media?parent=11038"}],"wp:term":[{"taxonomy":"category","embeddable":true,"href":"https:\/\/lepatriotebenin.com\/index.php\/wp-json\/wp\/v2\/categories?post=11038"},{"taxonomy":"post_tag","embeddable":true,"href":"https:\/\/lepatriotebenin.com\/index.php\/wp-json\/wp\/v2\/tags?post=11038"}],"curies":[{"name":"wp","href":"https:\/\/api.w.org\/{rel}","templated":true}]}}