{"id":10775,"date":"2025-06-02T14:11:23","date_gmt":"2025-06-02T12:11:23","guid":{"rendered":"https:\/\/lepatriotebenin.com\/?p=10775"},"modified":"2025-06-02T14:11:24","modified_gmt":"2025-06-02T12:11:24","slug":"vatican-ce-que-gagne-le-pape-leon-xiv","status":"publish","type":"post","link":"https:\/\/lepatriotebenin.com\/index.php\/2025\/06\/02\/vatican-ce-que-gagne-le-pape-leon-xiv\/","title":{"rendered":"Vatican\u00a0: Ce que gagne le pape L\u00e9on XIV"},"content":{"rendered":"\n<p><strong>Un peu plus d\u2019un mois apr\u00e8s son \u00e9lection, le tout nouveau pape prend ses marques. Mais une pr\u00e9occupation agit\u00e9e en fin de pontificat du pape Fran\u00e7ois revient \u00e0 nouveau. Il s\u2019agit de la question sur la r\u00e9mun\u00e9ration du pape. Le souverain pontife gagne-t-il quelque chose&nbsp;? Et combien gagne L\u00e9on XIV&nbsp;?<\/strong><\/p>\n\n\n\n<p>Combien gagnera le pape L\u00e9on XIV&nbsp;? Le nouveau pape \u00e9lu \u00e0 la t\u00eate de l&rsquo;Eglise catholique, malgr\u00e9 cette grande responsabilit\u00e9, n&rsquo;est pas un fonctionnaire &nbsp;r\u00e9mun\u00e9r\u00e9. En effet, selon RTL Info, le souverain pontife ne recevrait pas de fiche de paie en fin de mois. Cel\u00e0 suppose que le pape Fran\u00e7ois XIV ne per\u00e7oit aucun salaire pour ses fonctions. Toutefois, cel\u00e0 ne signifie pas pour autant qu\u2019il vit dans la pr\u00e9carit\u00e9 : tous ses besoins sont int\u00e9gralement couverts par l\u2019Etat de la Cit\u00e9 du Vatican. Qu&rsquo;il s&rsquo;agisse de son logement, de son alimentation, de ses soins m\u00e9dicaux, de sa s\u00e9curit\u00e9 et m\u00eame de son d\u00e9placement, tout est pris en charge par l&rsquo;\u00c9tat de la Cit\u00e9 du Vatican. D&rsquo;ailleurs, le pape Fran\u00e7ois &nbsp;avait fait le choix d&rsquo;un mode de vie assez simple en pr\u00e9f\u00e9rant la r\u00e9sidence Sainte-Marthe aux appartements pontificaux traditionnels. De m\u00eame, le pape b\u00e9n\u00e9ficie d\u2019un statut fiscal unique, en tant que citoyen du Vatican. Ce r\u00e9gime lui permet notamment d\u2019\u00eatre exempt\u00e9 d\u2019imp\u00f4t sur les revenus li\u00e9s \u00e0 ses \u0153uvres litt\u00e9raires. Il re\u00e7oit aussi des cadeaux, certains tr\u00e8s somptueux. Ce dernier peut \u00e9galement faire des dons tr\u00e8s g\u00e9n\u00e9reux \u00e0 des associations &nbsp;par exemple. Occuper &nbsp;donc une haute fonction ne rime pas&nbsp; toujours avec une bonne r\u00e9mun\u00e9ration. Le cas de Beno\u00eet XVI est tr\u00e8s particulier. Il est souvent mentionn\u00e9 que le pape \u00e9m\u00e9rite Beno\u00eet XVI recevait une r\u00e9mun\u00e9ration d\u2019environ 2 500 euros par mois. Ce montant correspondait \u00e0 son statut d\u2019\u00e9v\u00eaque \u00e9m\u00e9rite de Rome, apr\u00e8s sa renonciation \u00e0 ses charges pontificales en 2013. Ainsi dit, il ne s\u2019agissait donc pas d\u2019un salaire de pape \u00e0 proprement parler, mais d&rsquo;une allocation de retraite. Gr\u00e2ce \u00e0 son ouvrage J\u00e9sus de Nazareth, il aurait engrang\u00e9 plusieurs millions d&rsquo;euros sans \u00eatre impos\u00e9, en vertu des conventions fiscales liant le Vatican et l&rsquo;Italie. Il urge de souligner que lestatutdepapeestuniquepuisqu\u2019ilb\u00e9n\u00e9ficied\u2019uneexemptionfiscale,y compris pour les droits d\u2019auteur sur les livres \u00e9crits.<\/p>\n\n\n\n<p>Gildas AHOGNI<\/p>\n","protected":false},"excerpt":{"rendered":"<p>Un peu plus d\u2019un mois apr\u00e8s son \u00e9lection, le tout nouveau pape prend ses marques. Mais une pr\u00e9occupation agit\u00e9e en fin de pontificat du pape Fran\u00e7ois revient \u00e0 nouveau. Il&hellip;<\/p>\n","protected":false},"author":5,"featured_media":10708,"comment_status":"open","ping_status":"open","sticky":false,"template":"","format":"standard","meta":{"content-type":"","om_disable_all_campaigns":false,"_monsterinsights_skip_tracking":false,"_monsterinsights_sitenote_active":false,"_monsterinsights_sitenote_note":"","_monsterinsights_sitenote_category":0,"_uf_show_specific_survey":0,"_uf_disable_surveys":false,"footnotes":""},"categories":[20],"tags":[],"class_list":["post-10775","post","type-post","status-publish","format-standard","has-post-thumbnail","hentry","category-societe"],"aioseo_notices":[],"yoast_head":"<!-- This site is optimized with the Yoast SEO plugin v27.5 - https:\/\/yoast.com\/product\/yoast-seo-wordpress\/ -->\n<title>Vatican\u00a0: Ce que gagne le pape L\u00e9on XIV - Le Patriote<\/title>\n<meta name=\"robots\" content=\"index, follow, max-snippet:-1, max-image-preview:large, max-video-preview:-1\" \/>\n<link rel=\"canonical\" href=\"https:\/\/lepatriotebenin.com\/index.php\/2025\/06\/02\/vatican-ce-que-gagne-le-pape-leon-xiv\/\" \/>\n<meta property=\"og:locale\" content=\"fr_FR\" \/>\n<meta property=\"og:type\" content=\"article\" \/>\n<meta property=\"og:title\" content=\"Vatican\u00a0: Ce que gagne le pape L\u00e9on XIV - Le Patriote\" \/>\n<meta property=\"og:description\" content=\"Un peu plus d\u2019un mois apr\u00e8s son \u00e9lection, le tout nouveau pape prend ses marques. Mais une pr\u00e9occupation agit\u00e9e en fin de pontificat du pape Fran\u00e7ois revient \u00e0 nouveau. Il&hellip;\" \/>\n<meta property=\"og:url\" content=\"https:\/\/lepatriotebenin.com\/index.php\/2025\/06\/02\/vatican-ce-que-gagne-le-pape-leon-xiv\/\" \/>\n<meta property=\"og:site_name\" content=\"Le Patriote\" \/>\n<meta property=\"article:published_time\" content=\"2025-06-02T12:11:23+00:00\" \/>\n<meta property=\"article:modified_time\" content=\"2025-06-02T12:11:24+00:00\" \/>\n<meta property=\"og:image\" content=\"https:\/\/lepatriotebenin.com\/wp-content\/uploads\/2025\/05\/leon-xiv.jpg\" \/>\n\t<meta property=\"og:image:width\" content=\"768\" \/>\n\t<meta property=\"og:image:height\" content=\"511\" \/>\n\t<meta property=\"og:image:type\" content=\"image\/jpeg\" \/>\n<meta name=\"author\" content=\"Redaction\" \/>\n<meta name=\"twitter:card\" content=\"summary_large_image\" \/>\n<meta name=\"twitter:label1\" content=\"\u00c9crit par\" \/>\n\t<meta name=\"twitter:data1\" content=\"Redaction\" \/>\n\t<meta name=\"twitter:label2\" content=\"Dur\u00e9e de lecture estim\u00e9e\" \/>\n\t<meta name=\"twitter:data2\" content=\"2 minutes\" \/>\n<script type=\"application\/ld+json\" class=\"yoast-schema-graph\">{\"@context\":\"https:\\\/\\\/schema.org\",\"@graph\":[{\"@type\":\"Article\",\"@id\":\"https:\\\/\\\/lepatriotebenin.com\\\/index.php\\\/2025\\\/06\\\/02\\\/vatican-ce-que-gagne-le-pape-leon-xiv\\\/#article\",\"isPartOf\":{\"@id\":\"https:\\\/\\\/lepatriotebenin.com\\\/index.php\\\/2025\\\/06\\\/02\\\/vatican-ce-que-gagne-le-pape-leon-xiv\\\/\"},\"author\":{\"name\":\"Redaction\",\"@id\":\"https:\\\/\\\/lepatriotebenin.com\\\/#\\\/schema\\\/person\\\/2e7709b9c9cc313e452d1136af61690f\"},\"headline\":\"Vatican\u00a0: Ce que gagne le pape L\u00e9on XIV\",\"datePublished\":\"2025-06-02T12:11:23+00:00\",\"dateModified\":\"2025-06-02T12:11:24+00:00\",\"mainEntityOfPage\":{\"@id\":\"https:\\\/\\\/lepatriotebenin.com\\\/index.php\\\/2025\\\/06\\\/02\\\/vatican-ce-que-gagne-le-pape-leon-xiv\\\/\"},\"wordCount\":443,\"commentCount\":0,\"image\":{\"@id\":\"https:\\\/\\\/lepatriotebenin.com\\\/index.php\\\/2025\\\/06\\\/02\\\/vatican-ce-que-gagne-le-pape-leon-xiv\\\/#primaryimage\"},\"thumbnailUrl\":\"https:\\\/\\\/lepatriotebenin.com\\\/wp-content\\\/uploads\\\/2025\\\/05\\\/leon-xiv.jpg\",\"articleSection\":[\"Soci\u00e9t\u00e9\"],\"inLanguage\":\"fr-FR\",\"potentialAction\":[{\"@type\":\"CommentAction\",\"name\":\"Comment\",\"target\":[\"https:\\\/\\\/lepatriotebenin.com\\\/index.php\\\/2025\\\/06\\\/02\\\/vatican-ce-que-gagne-le-pape-leon-xiv\\\/#respond\"]}]},{\"@type\":\"WebPage\",\"@id\":\"https:\\\/\\\/lepatriotebenin.com\\\/index.php\\\/2025\\\/06\\\/02\\\/vatican-ce-que-gagne-le-pape-leon-xiv\\\/\",\"url\":\"https:\\\/\\\/lepatriotebenin.com\\\/index.php\\\/2025\\\/06\\\/02\\\/vatican-ce-que-gagne-le-pape-leon-xiv\\\/\",\"name\":\"Vatican\u00a0: Ce que gagne le pape L\u00e9on XIV - Le Patriote\",\"isPartOf\":{\"@id\":\"https:\\\/\\\/lepatriotebenin.com\\\/#website\"},\"primaryImageOfPage\":{\"@id\":\"https:\\\/\\\/lepatriotebenin.com\\\/index.php\\\/2025\\\/06\\\/02\\\/vatican-ce-que-gagne-le-pape-leon-xiv\\\/#primaryimage\"},\"image\":{\"@id\":\"https:\\\/\\\/lepatriotebenin.com\\\/index.php\\\/2025\\\/06\\\/02\\\/vatican-ce-que-gagne-le-pape-leon-xiv\\\/#primaryimage\"},\"thumbnailUrl\":\"https:\\\/\\\/lepatriotebenin.com\\\/wp-content\\\/uploads\\\/2025\\\/05\\\/leon-xiv.jpg\",\"datePublished\":\"2025-06-02T12:11:23+00:00\",\"dateModified\":\"2025-06-02T12:11:24+00:00\",\"author\":{\"@id\":\"https:\\\/\\\/lepatriotebenin.com\\\/#\\\/schema\\\/person\\\/2e7709b9c9cc313e452d1136af61690f\"},\"breadcrumb\":{\"@id\":\"https:\\\/\\\/lepatriotebenin.com\\\/index.php\\\/2025\\\/06\\\/02\\\/vatican-ce-que-gagne-le-pape-leon-xiv\\\/#breadcrumb\"},\"inLanguage\":\"fr-FR\",\"potentialAction\":[{\"@type\":\"ReadAction\",\"target\":[\"https:\\\/\\\/lepatriotebenin.com\\\/index.php\\\/2025\\\/06\\\/02\\\/vatican-ce-que-gagne-le-pape-leon-xiv\\\/\"]}]},{\"@type\":\"ImageObject\",\"inLanguage\":\"fr-FR\",\"@id\":\"https:\\\/\\\/lepatriotebenin.com\\\/index.php\\\/2025\\\/06\\\/02\\\/vatican-ce-que-gagne-le-pape-leon-xiv\\\/#primaryimage\",\"url\":\"https:\\\/\\\/lepatriotebenin.com\\\/wp-content\\\/uploads\\\/2025\\\/05\\\/leon-xiv.jpg\",\"contentUrl\":\"https:\\\/\\\/lepatriotebenin.com\\\/wp-content\\\/uploads\\\/2025\\\/05\\\/leon-xiv.jpg\",\"width\":768,\"height\":511},{\"@type\":\"BreadcrumbList\",\"@id\":\"https:\\\/\\\/lepatriotebenin.com\\\/index.php\\\/2025\\\/06\\\/02\\\/vatican-ce-que-gagne-le-pape-leon-xiv\\\/#breadcrumb\",\"itemListElement\":[{\"@type\":\"ListItem\",\"position\":1,\"name\":\"Accueil\",\"item\":\"https:\\\/\\\/lepatriotebenin.com\\\/\"},{\"@type\":\"ListItem\",\"position\":2,\"name\":\"Vatican\u00a0: Ce que gagne le pape L\u00e9on XIV\"}]},{\"@type\":\"WebSite\",\"@id\":\"https:\\\/\\\/lepatriotebenin.com\\\/#website\",\"url\":\"https:\\\/\\\/lepatriotebenin.com\\\/\",\"name\":\"Le Patriote\",\"description\":\"Le Patriote B\u00e9nin\",\"potentialAction\":[{\"@type\":\"SearchAction\",\"target\":{\"@type\":\"EntryPoint\",\"urlTemplate\":\"https:\\\/\\\/lepatriotebenin.com\\\/?s={search_term_string}\"},\"query-input\":{\"@type\":\"PropertyValueSpecification\",\"valueRequired\":true,\"valueName\":\"search_term_string\"}}],\"inLanguage\":\"fr-FR\"},{\"@type\":\"Person\",\"@id\":\"https:\\\/\\\/lepatriotebenin.com\\\/#\\\/schema\\\/person\\\/2e7709b9c9cc313e452d1136af61690f\",\"name\":\"Redaction\",\"image\":{\"@type\":\"ImageObject\",\"inLanguage\":\"fr-FR\",\"@id\":\"https:\\\/\\\/secure.gravatar.com\\\/avatar\\\/c4c509357859ea2ca2cbb6d8812898a73e4ef1ef9934c2e591d7e32face734d1?s=96&d=mm&r=g\",\"url\":\"https:\\\/\\\/secure.gravatar.com\\\/avatar\\\/c4c509357859ea2ca2cbb6d8812898a73e4ef1ef9934c2e591d7e32face734d1?s=96&d=mm&r=g\",\"contentUrl\":\"https:\\\/\\\/secure.gravatar.com\\\/avatar\\\/c4c509357859ea2ca2cbb6d8812898a73e4ef1ef9934c2e591d7e32face734d1?s=96&d=mm&r=g\",\"caption\":\"Redaction\"},\"url\":\"https:\\\/\\\/lepatriotebenin.com\"}]}<\/script>\n<!-- \/ Yoast SEO plugin. -->","yoast_head_json":{"title":"Vatican\u00a0: Ce que gagne le pape L\u00e9on XIV - Le Patriote","robots":{"index":"index","follow":"follow","max-snippet":"max-snippet:-1","max-image-preview":"max-image-preview:large","max-video-preview":"max-video-preview:-1"},"canonical":"https:\/\/lepatriotebenin.com\/index.php\/2025\/06\/02\/vatican-ce-que-gagne-le-pape-leon-xiv\/","og_locale":"fr_FR","og_type":"article","og_title":"Vatican\u00a0: Ce que gagne le pape L\u00e9on XIV - Le Patriote","og_description":"Un peu plus d\u2019un mois apr\u00e8s son \u00e9lection, le tout nouveau pape prend ses marques. Mais une pr\u00e9occupation agit\u00e9e en fin de pontificat du pape Fran\u00e7ois revient \u00e0 nouveau. Il&hellip;","og_url":"https:\/\/lepatriotebenin.com\/index.php\/2025\/06\/02\/vatican-ce-que-gagne-le-pape-leon-xiv\/","og_site_name":"Le Patriote","article_published_time":"2025-06-02T12:11:23+00:00","article_modified_time":"2025-06-02T12:11:24+00:00","og_image":[{"width":768,"height":511,"url":"https:\/\/lepatriotebenin.com\/wp-content\/uploads\/2025\/05\/leon-xiv.jpg","type":"image\/jpeg"}],"author":"Redaction","twitter_card":"summary_large_image","twitter_misc":{"\u00c9crit par":"Redaction","Dur\u00e9e de lecture estim\u00e9e":"2 minutes"},"schema":{"@context":"https:\/\/schema.org","@graph":[{"@type":"Article","@id":"https:\/\/lepatriotebenin.com\/index.php\/2025\/06\/02\/vatican-ce-que-gagne-le-pape-leon-xiv\/#article","isPartOf":{"@id":"https:\/\/lepatriotebenin.com\/index.php\/2025\/06\/02\/vatican-ce-que-gagne-le-pape-leon-xiv\/"},"author":{"name":"Redaction","@id":"https:\/\/lepatriotebenin.com\/#\/schema\/person\/2e7709b9c9cc313e452d1136af61690f"},"headline":"Vatican\u00a0: Ce que gagne le pape L\u00e9on XIV","datePublished":"2025-06-02T12:11:23+00:00","dateModified":"2025-06-02T12:11:24+00:00","mainEntityOfPage":{"@id":"https:\/\/lepatriotebenin.com\/index.php\/2025\/06\/02\/vatican-ce-que-gagne-le-pape-leon-xiv\/"},"wordCount":443,"commentCount":0,"image":{"@id":"https:\/\/lepatriotebenin.com\/index.php\/2025\/06\/02\/vatican-ce-que-gagne-le-pape-leon-xiv\/#primaryimage"},"thumbnailUrl":"https:\/\/lepatriotebenin.com\/wp-content\/uploads\/2025\/05\/leon-xiv.jpg","articleSection":["Soci\u00e9t\u00e9"],"inLanguage":"fr-FR","potentialAction":[{"@type":"CommentAction","name":"Comment","target":["https:\/\/lepatriotebenin.com\/index.php\/2025\/06\/02\/vatican-ce-que-gagne-le-pape-leon-xiv\/#respond"]}]},{"@type":"WebPage","@id":"https:\/\/lepatriotebenin.com\/index.php\/2025\/06\/02\/vatican-ce-que-gagne-le-pape-leon-xiv\/","url":"https:\/\/lepatriotebenin.com\/index.php\/2025\/06\/02\/vatican-ce-que-gagne-le-pape-leon-xiv\/","name":"Vatican\u00a0: Ce que gagne le pape L\u00e9on XIV - Le Patriote","isPartOf":{"@id":"https:\/\/lepatriotebenin.com\/#website"},"primaryImageOfPage":{"@id":"https:\/\/lepatriotebenin.com\/index.php\/2025\/06\/02\/vatican-ce-que-gagne-le-pape-leon-xiv\/#primaryimage"},"image":{"@id":"https:\/\/lepatriotebenin.com\/index.php\/2025\/06\/02\/vatican-ce-que-gagne-le-pape-leon-xiv\/#primaryimage"},"thumbnailUrl":"https:\/\/lepatriotebenin.com\/wp-content\/uploads\/2025\/05\/leon-xiv.jpg","datePublished":"2025-06-02T12:11:23+00:00","dateModified":"2025-06-02T12:11:24+00:00","author":{"@id":"https:\/\/lepatriotebenin.com\/#\/schema\/person\/2e7709b9c9cc313e452d1136af61690f"},"breadcrumb":{"@id":"https:\/\/lepatriotebenin.com\/index.php\/2025\/06\/02\/vatican-ce-que-gagne-le-pape-leon-xiv\/#breadcrumb"},"inLanguage":"fr-FR","potentialAction":[{"@type":"ReadAction","target":["https:\/\/lepatriotebenin.com\/index.php\/2025\/06\/02\/vatican-ce-que-gagne-le-pape-leon-xiv\/"]}]},{"@type":"ImageObject","inLanguage":"fr-FR","@id":"https:\/\/lepatriotebenin.com\/index.php\/2025\/06\/02\/vatican-ce-que-gagne-le-pape-leon-xiv\/#primaryimage","url":"https:\/\/lepatriotebenin.com\/wp-content\/uploads\/2025\/05\/leon-xiv.jpg","contentUrl":"https:\/\/lepatriotebenin.com\/wp-content\/uploads\/2025\/05\/leon-xiv.jpg","width":768,"height":511},{"@type":"BreadcrumbList","@id":"https:\/\/lepatriotebenin.com\/index.php\/2025\/06\/02\/vatican-ce-que-gagne-le-pape-leon-xiv\/#breadcrumb","itemListElement":[{"@type":"ListItem","position":1,"name":"Accueil","item":"https:\/\/lepatriotebenin.com\/"},{"@type":"ListItem","position":2,"name":"Vatican\u00a0: Ce que gagne le pape L\u00e9on XIV"}]},{"@type":"WebSite","@id":"https:\/\/lepatriotebenin.com\/#website","url":"https:\/\/lepatriotebenin.com\/","name":"Le Patriote","description":"Le Patriote B\u00e9nin","potentialAction":[{"@type":"SearchAction","target":{"@type":"EntryPoint","urlTemplate":"https:\/\/lepatriotebenin.com\/?s={search_term_string}"},"query-input":{"@type":"PropertyValueSpecification","valueRequired":true,"valueName":"search_term_string"}}],"inLanguage":"fr-FR"},{"@type":"Person","@id":"https:\/\/lepatriotebenin.com\/#\/schema\/person\/2e7709b9c9cc313e452d1136af61690f","name":"Redaction","image":{"@type":"ImageObject","inLanguage":"fr-FR","@id":"https:\/\/secure.gravatar.com\/avatar\/c4c509357859ea2ca2cbb6d8812898a73e4ef1ef9934c2e591d7e32face734d1?s=96&d=mm&r=g","url":"https:\/\/secure.gravatar.com\/avatar\/c4c509357859ea2ca2cbb6d8812898a73e4ef1ef9934c2e591d7e32face734d1?s=96&d=mm&r=g","contentUrl":"https:\/\/secure.gravatar.com\/avatar\/c4c509357859ea2ca2cbb6d8812898a73e4ef1ef9934c2e591d7e32face734d1?s=96&d=mm&r=g","caption":"Redaction"},"url":"https:\/\/lepatriotebenin.com"}]}},"_links":{"self":[{"href":"https:\/\/lepatriotebenin.com\/index.php\/wp-json\/wp\/v2\/posts\/10775","targetHints":{"allow":["GET"]}}],"collection":[{"href":"https:\/\/lepatriotebenin.com\/index.php\/wp-json\/wp\/v2\/posts"}],"about":[{"href":"https:\/\/lepatriotebenin.com\/index.php\/wp-json\/wp\/v2\/types\/post"}],"author":[{"embeddable":true,"href":"https:\/\/lepatriotebenin.com\/index.php\/wp-json\/wp\/v2\/users\/5"}],"replies":[{"embeddable":true,"href":"https:\/\/lepatriotebenin.com\/index.php\/wp-json\/wp\/v2\/comments?post=10775"}],"version-history":[{"count":1,"href":"https:\/\/lepatriotebenin.com\/index.php\/wp-json\/wp\/v2\/posts\/10775\/revisions"}],"predecessor-version":[{"id":10776,"href":"https:\/\/lepatriotebenin.com\/index.php\/wp-json\/wp\/v2\/posts\/10775\/revisions\/10776"}],"wp:featuredmedia":[{"embeddable":true,"href":"https:\/\/lepatriotebenin.com\/index.php\/wp-json\/wp\/v2\/media\/10708"}],"wp:attachment":[{"href":"https:\/\/lepatriotebenin.com\/index.php\/wp-json\/wp\/v2\/media?parent=10775"}],"wp:term":[{"taxonomy":"category","embeddable":true,"href":"https:\/\/lepatriotebenin.com\/index.php\/wp-json\/wp\/v2\/categories?post=10775"},{"taxonomy":"post_tag","embeddable":true,"href":"https:\/\/lepatriotebenin.com\/index.php\/wp-json\/wp\/v2\/tags?post=10775"}],"curies":[{"name":"wp","href":"https:\/\/api.w.org\/{rel}","templated":true}]}}