{"id":10772,"date":"2025-06-02T13:59:23","date_gmt":"2025-06-02T11:59:23","guid":{"rendered":"https:\/\/lepatriotebenin.com\/?p=10772"},"modified":"2025-06-02T13:59:38","modified_gmt":"2025-06-02T11:59:38","slug":"criet-au-benin-steve-amoussou-condamne-a-2-ans-de-prison-ferme","status":"publish","type":"post","link":"https:\/\/lepatriotebenin.com\/index.php\/2025\/06\/02\/criet-au-benin-steve-amoussou-condamne-a-2-ans-de-prison-ferme\/","title":{"rendered":"CRIET au B\u00e9nin : Steve Amoussou condamn\u00e9 \u00e0\u00a02 ans de prison ferme"},"content":{"rendered":"\n<p><em>Ce lundi 02 juin 2025, la Cour de r\u00e9pression des infractions \u00e9conomiques et du terrorisme (CRIET) a rendu son verdict dans le dossier de Steve Amoussou. Ce dernier \u00e9cope de deux ans de prison ferme et d&rsquo;une amende de deux millions de francs CFA.<\/em><\/p>\n\n\n\n<p>Initialement poursuivi pour \u00ab harc\u00e8lement par le biais d\u2019une communication \u00e9lectronique, initiation et diffusion de fausses nouvelles, et provocation \u00e0 la r\u00e9bellion \u00bb, Steve Amoussou, le pr\u00e9sum\u00e9 \u00ab\u00a0Fr\u00e8re Hounvi\u00a0\u00bb est finalement fix\u00e9 sur son sort. Apr\u00e8s avoir \u00e9t\u00e9 finalement reconnu coupable d\u2019injures \u00e0 motivation politique et de diffusion de fausses nouvelles, Steve Amoussou \u00e9cope de 2 ans de prison ferme et d&rsquo;une amende de deux millions de francs CFA.<\/p>\n\n\n\n<p>Selon Banouto, le pr\u00e9venu s&rsquo;est pr\u00e9sent\u00e9 \u00e0 la barre dans la matin\u00e9e de ce lundi 02 juin 2025, \u00e0 la CRIET. Son audience s&rsquo;est d\u00e9roul\u00e9e en pr\u00e9sence de l\u2019un de ses avocats, Me Aboubacar Baparap\u00e9. \u00c0 l&rsquo;ouverture de la s\u00e9ance, la Cour a annonc\u00e9 le rabat du d\u00e9lib\u00e9r\u00e9 et interrog\u00e9 la d\u00e9fense sur d\u2019\u00e9ventuelles informations compl\u00e9mentaires. Suite \u00e0 cel\u00e0, l&rsquo;avocat du pr\u00e9venu a indiqu\u00e9 qu&rsquo;il n&rsquo;a plus rien \u00e0 ajouter. De son c\u00f4t\u00e9, le minist\u00e8re public a maintenu ses r\u00e9quisitions ant\u00e9rieures. Ainsi, apr\u00e8s un bref renvoi pour d\u00e9lib\u00e9ration, la Cour a repris le dossier et proc\u00e9d\u00e9 \u00e0 une requalification des faits. C&rsquo;est suite \u00e0 cel\u00e0 que le tribunal a condamn\u00e9 Steve Amoussou, connu sous le pseudonyme de \u00ab\u00a0Fr\u00e8re Hounvi\u00a0\u00bb, \u00e0 2 ans de prison ferme et d&rsquo;une amende de 2 millions de francs CFA. Il faut souligner que ce dernier dispose de 15 jours pour interjeter appel.<\/p>\n\n\n\n<p>Gildas AHOGNI<\/p>\n","protected":false},"excerpt":{"rendered":"<p>Ce lundi 02 juin 2025, la Cour de r\u00e9pression des infractions \u00e9conomiques et du terrorisme (CRIET) a rendu son verdict dans le dossier de Steve Amoussou. Ce dernier \u00e9cope de&hellip;<\/p>\n","protected":false},"author":5,"featured_media":10572,"comment_status":"open","ping_status":"open","sticky":false,"template":"","format":"standard","meta":{"content-type":"","om_disable_all_campaigns":false,"_monsterinsights_skip_tracking":false,"_monsterinsights_sitenote_active":false,"_monsterinsights_sitenote_note":"","_monsterinsights_sitenote_category":0,"_uf_show_specific_survey":0,"_uf_disable_surveys":false,"footnotes":""},"categories":[20],"tags":[],"class_list":["post-10772","post","type-post","status-publish","format-standard","has-post-thumbnail","hentry","category-societe"],"aioseo_notices":[],"yoast_head":"<!-- This site is optimized with the Yoast SEO plugin v27.5 - https:\/\/yoast.com\/product\/yoast-seo-wordpress\/ -->\n<title>CRIET au B\u00e9nin : Steve Amoussou condamn\u00e9 \u00e0\u00a02 ans de prison ferme - Le Patriote<\/title>\n<meta name=\"robots\" content=\"index, follow, max-snippet:-1, max-image-preview:large, max-video-preview:-1\" \/>\n<link rel=\"canonical\" href=\"https:\/\/lepatriotebenin.com\/index.php\/2025\/06\/02\/criet-au-benin-steve-amoussou-condamne-a-2-ans-de-prison-ferme\/\" \/>\n<meta property=\"og:locale\" content=\"fr_FR\" \/>\n<meta property=\"og:type\" content=\"article\" \/>\n<meta property=\"og:title\" content=\"CRIET au B\u00e9nin : Steve Amoussou condamn\u00e9 \u00e0\u00a02 ans de prison ferme - Le Patriote\" \/>\n<meta property=\"og:description\" content=\"Ce lundi 02 juin 2025, la Cour de r\u00e9pression des infractions \u00e9conomiques et du terrorisme (CRIET) a rendu son verdict dans le dossier de Steve Amoussou. Ce dernier \u00e9cope de&hellip;\" \/>\n<meta property=\"og:url\" content=\"https:\/\/lepatriotebenin.com\/index.php\/2025\/06\/02\/criet-au-benin-steve-amoussou-condamne-a-2-ans-de-prison-ferme\/\" \/>\n<meta property=\"og:site_name\" content=\"Le Patriote\" \/>\n<meta property=\"article:published_time\" content=\"2025-06-02T11:59:23+00:00\" \/>\n<meta property=\"article:modified_time\" content=\"2025-06-02T11:59:38+00:00\" \/>\n<meta property=\"og:image\" content=\"https:\/\/lepatriotebenin.com\/wp-content\/uploads\/2025\/05\/steeve-amoussou.webp\" \/>\n\t<meta property=\"og:image:width\" content=\"1200\" \/>\n\t<meta property=\"og:image:height\" content=\"675\" \/>\n\t<meta property=\"og:image:type\" content=\"image\/webp\" \/>\n<meta name=\"author\" content=\"Redaction\" \/>\n<meta name=\"twitter:card\" content=\"summary_large_image\" \/>\n<meta name=\"twitter:label1\" content=\"\u00c9crit par\" \/>\n\t<meta name=\"twitter:data1\" content=\"Redaction\" \/>\n\t<meta name=\"twitter:label2\" content=\"Dur\u00e9e de lecture estim\u00e9e\" \/>\n\t<meta name=\"twitter:data2\" content=\"2 minutes\" \/>\n<script type=\"application\/ld+json\" class=\"yoast-schema-graph\">{\"@context\":\"https:\\\/\\\/schema.org\",\"@graph\":[{\"@type\":\"Article\",\"@id\":\"https:\\\/\\\/lepatriotebenin.com\\\/index.php\\\/2025\\\/06\\\/02\\\/criet-au-benin-steve-amoussou-condamne-a-2-ans-de-prison-ferme\\\/#article\",\"isPartOf\":{\"@id\":\"https:\\\/\\\/lepatriotebenin.com\\\/index.php\\\/2025\\\/06\\\/02\\\/criet-au-benin-steve-amoussou-condamne-a-2-ans-de-prison-ferme\\\/\"},\"author\":{\"name\":\"Redaction\",\"@id\":\"https:\\\/\\\/lepatriotebenin.com\\\/#\\\/schema\\\/person\\\/2e7709b9c9cc313e452d1136af61690f\"},\"headline\":\"CRIET au B\u00e9nin : Steve Amoussou condamn\u00e9 \u00e0\u00a02 ans de prison ferme\",\"datePublished\":\"2025-06-02T11:59:23+00:00\",\"dateModified\":\"2025-06-02T11:59:38+00:00\",\"mainEntityOfPage\":{\"@id\":\"https:\\\/\\\/lepatriotebenin.com\\\/index.php\\\/2025\\\/06\\\/02\\\/criet-au-benin-steve-amoussou-condamne-a-2-ans-de-prison-ferme\\\/\"},\"wordCount\":294,\"commentCount\":0,\"image\":{\"@id\":\"https:\\\/\\\/lepatriotebenin.com\\\/index.php\\\/2025\\\/06\\\/02\\\/criet-au-benin-steve-amoussou-condamne-a-2-ans-de-prison-ferme\\\/#primaryimage\"},\"thumbnailUrl\":\"https:\\\/\\\/lepatriotebenin.com\\\/wp-content\\\/uploads\\\/2025\\\/05\\\/steeve-amoussou.webp\",\"articleSection\":[\"Soci\u00e9t\u00e9\"],\"inLanguage\":\"fr-FR\",\"potentialAction\":[{\"@type\":\"CommentAction\",\"name\":\"Comment\",\"target\":[\"https:\\\/\\\/lepatriotebenin.com\\\/index.php\\\/2025\\\/06\\\/02\\\/criet-au-benin-steve-amoussou-condamne-a-2-ans-de-prison-ferme\\\/#respond\"]}]},{\"@type\":\"WebPage\",\"@id\":\"https:\\\/\\\/lepatriotebenin.com\\\/index.php\\\/2025\\\/06\\\/02\\\/criet-au-benin-steve-amoussou-condamne-a-2-ans-de-prison-ferme\\\/\",\"url\":\"https:\\\/\\\/lepatriotebenin.com\\\/index.php\\\/2025\\\/06\\\/02\\\/criet-au-benin-steve-amoussou-condamne-a-2-ans-de-prison-ferme\\\/\",\"name\":\"CRIET au B\u00e9nin : Steve Amoussou condamn\u00e9 \u00e0\u00a02 ans de prison ferme - Le Patriote\",\"isPartOf\":{\"@id\":\"https:\\\/\\\/lepatriotebenin.com\\\/#website\"},\"primaryImageOfPage\":{\"@id\":\"https:\\\/\\\/lepatriotebenin.com\\\/index.php\\\/2025\\\/06\\\/02\\\/criet-au-benin-steve-amoussou-condamne-a-2-ans-de-prison-ferme\\\/#primaryimage\"},\"image\":{\"@id\":\"https:\\\/\\\/lepatriotebenin.com\\\/index.php\\\/2025\\\/06\\\/02\\\/criet-au-benin-steve-amoussou-condamne-a-2-ans-de-prison-ferme\\\/#primaryimage\"},\"thumbnailUrl\":\"https:\\\/\\\/lepatriotebenin.com\\\/wp-content\\\/uploads\\\/2025\\\/05\\\/steeve-amoussou.webp\",\"datePublished\":\"2025-06-02T11:59:23+00:00\",\"dateModified\":\"2025-06-02T11:59:38+00:00\",\"author\":{\"@id\":\"https:\\\/\\\/lepatriotebenin.com\\\/#\\\/schema\\\/person\\\/2e7709b9c9cc313e452d1136af61690f\"},\"breadcrumb\":{\"@id\":\"https:\\\/\\\/lepatriotebenin.com\\\/index.php\\\/2025\\\/06\\\/02\\\/criet-au-benin-steve-amoussou-condamne-a-2-ans-de-prison-ferme\\\/#breadcrumb\"},\"inLanguage\":\"fr-FR\",\"potentialAction\":[{\"@type\":\"ReadAction\",\"target\":[\"https:\\\/\\\/lepatriotebenin.com\\\/index.php\\\/2025\\\/06\\\/02\\\/criet-au-benin-steve-amoussou-condamne-a-2-ans-de-prison-ferme\\\/\"]}]},{\"@type\":\"ImageObject\",\"inLanguage\":\"fr-FR\",\"@id\":\"https:\\\/\\\/lepatriotebenin.com\\\/index.php\\\/2025\\\/06\\\/02\\\/criet-au-benin-steve-amoussou-condamne-a-2-ans-de-prison-ferme\\\/#primaryimage\",\"url\":\"https:\\\/\\\/lepatriotebenin.com\\\/wp-content\\\/uploads\\\/2025\\\/05\\\/steeve-amoussou.webp\",\"contentUrl\":\"https:\\\/\\\/lepatriotebenin.com\\\/wp-content\\\/uploads\\\/2025\\\/05\\\/steeve-amoussou.webp\",\"width\":1200,\"height\":675},{\"@type\":\"BreadcrumbList\",\"@id\":\"https:\\\/\\\/lepatriotebenin.com\\\/index.php\\\/2025\\\/06\\\/02\\\/criet-au-benin-steve-amoussou-condamne-a-2-ans-de-prison-ferme\\\/#breadcrumb\",\"itemListElement\":[{\"@type\":\"ListItem\",\"position\":1,\"name\":\"Accueil\",\"item\":\"https:\\\/\\\/lepatriotebenin.com\\\/\"},{\"@type\":\"ListItem\",\"position\":2,\"name\":\"CRIET au B\u00e9nin : Steve Amoussou condamn\u00e9 \u00e0\u00a02 ans de prison ferme\"}]},{\"@type\":\"WebSite\",\"@id\":\"https:\\\/\\\/lepatriotebenin.com\\\/#website\",\"url\":\"https:\\\/\\\/lepatriotebenin.com\\\/\",\"name\":\"Le Patriote\",\"description\":\"Le Patriote B\u00e9nin\",\"potentialAction\":[{\"@type\":\"SearchAction\",\"target\":{\"@type\":\"EntryPoint\",\"urlTemplate\":\"https:\\\/\\\/lepatriotebenin.com\\\/?s={search_term_string}\"},\"query-input\":{\"@type\":\"PropertyValueSpecification\",\"valueRequired\":true,\"valueName\":\"search_term_string\"}}],\"inLanguage\":\"fr-FR\"},{\"@type\":\"Person\",\"@id\":\"https:\\\/\\\/lepatriotebenin.com\\\/#\\\/schema\\\/person\\\/2e7709b9c9cc313e452d1136af61690f\",\"name\":\"Redaction\",\"image\":{\"@type\":\"ImageObject\",\"inLanguage\":\"fr-FR\",\"@id\":\"https:\\\/\\\/secure.gravatar.com\\\/avatar\\\/c4c509357859ea2ca2cbb6d8812898a73e4ef1ef9934c2e591d7e32face734d1?s=96&d=mm&r=g\",\"url\":\"https:\\\/\\\/secure.gravatar.com\\\/avatar\\\/c4c509357859ea2ca2cbb6d8812898a73e4ef1ef9934c2e591d7e32face734d1?s=96&d=mm&r=g\",\"contentUrl\":\"https:\\\/\\\/secure.gravatar.com\\\/avatar\\\/c4c509357859ea2ca2cbb6d8812898a73e4ef1ef9934c2e591d7e32face734d1?s=96&d=mm&r=g\",\"caption\":\"Redaction\"},\"url\":\"https:\\\/\\\/lepatriotebenin.com\"}]}<\/script>\n<!-- \/ Yoast SEO plugin. -->","yoast_head_json":{"title":"CRIET au B\u00e9nin : Steve Amoussou condamn\u00e9 \u00e0\u00a02 ans de prison ferme - Le Patriote","robots":{"index":"index","follow":"follow","max-snippet":"max-snippet:-1","max-image-preview":"max-image-preview:large","max-video-preview":"max-video-preview:-1"},"canonical":"https:\/\/lepatriotebenin.com\/index.php\/2025\/06\/02\/criet-au-benin-steve-amoussou-condamne-a-2-ans-de-prison-ferme\/","og_locale":"fr_FR","og_type":"article","og_title":"CRIET au B\u00e9nin : Steve Amoussou condamn\u00e9 \u00e0\u00a02 ans de prison ferme - Le Patriote","og_description":"Ce lundi 02 juin 2025, la Cour de r\u00e9pression des infractions \u00e9conomiques et du terrorisme (CRIET) a rendu son verdict dans le dossier de Steve Amoussou. Ce dernier \u00e9cope de&hellip;","og_url":"https:\/\/lepatriotebenin.com\/index.php\/2025\/06\/02\/criet-au-benin-steve-amoussou-condamne-a-2-ans-de-prison-ferme\/","og_site_name":"Le Patriote","article_published_time":"2025-06-02T11:59:23+00:00","article_modified_time":"2025-06-02T11:59:38+00:00","og_image":[{"width":1200,"height":675,"url":"https:\/\/lepatriotebenin.com\/wp-content\/uploads\/2025\/05\/steeve-amoussou.webp","type":"image\/webp"}],"author":"Redaction","twitter_card":"summary_large_image","twitter_misc":{"\u00c9crit par":"Redaction","Dur\u00e9e de lecture estim\u00e9e":"2 minutes"},"schema":{"@context":"https:\/\/schema.org","@graph":[{"@type":"Article","@id":"https:\/\/lepatriotebenin.com\/index.php\/2025\/06\/02\/criet-au-benin-steve-amoussou-condamne-a-2-ans-de-prison-ferme\/#article","isPartOf":{"@id":"https:\/\/lepatriotebenin.com\/index.php\/2025\/06\/02\/criet-au-benin-steve-amoussou-condamne-a-2-ans-de-prison-ferme\/"},"author":{"name":"Redaction","@id":"https:\/\/lepatriotebenin.com\/#\/schema\/person\/2e7709b9c9cc313e452d1136af61690f"},"headline":"CRIET au B\u00e9nin : Steve Amoussou condamn\u00e9 \u00e0\u00a02 ans de prison ferme","datePublished":"2025-06-02T11:59:23+00:00","dateModified":"2025-06-02T11:59:38+00:00","mainEntityOfPage":{"@id":"https:\/\/lepatriotebenin.com\/index.php\/2025\/06\/02\/criet-au-benin-steve-amoussou-condamne-a-2-ans-de-prison-ferme\/"},"wordCount":294,"commentCount":0,"image":{"@id":"https:\/\/lepatriotebenin.com\/index.php\/2025\/06\/02\/criet-au-benin-steve-amoussou-condamne-a-2-ans-de-prison-ferme\/#primaryimage"},"thumbnailUrl":"https:\/\/lepatriotebenin.com\/wp-content\/uploads\/2025\/05\/steeve-amoussou.webp","articleSection":["Soci\u00e9t\u00e9"],"inLanguage":"fr-FR","potentialAction":[{"@type":"CommentAction","name":"Comment","target":["https:\/\/lepatriotebenin.com\/index.php\/2025\/06\/02\/criet-au-benin-steve-amoussou-condamne-a-2-ans-de-prison-ferme\/#respond"]}]},{"@type":"WebPage","@id":"https:\/\/lepatriotebenin.com\/index.php\/2025\/06\/02\/criet-au-benin-steve-amoussou-condamne-a-2-ans-de-prison-ferme\/","url":"https:\/\/lepatriotebenin.com\/index.php\/2025\/06\/02\/criet-au-benin-steve-amoussou-condamne-a-2-ans-de-prison-ferme\/","name":"CRIET au B\u00e9nin : Steve Amoussou condamn\u00e9 \u00e0\u00a02 ans de prison ferme - Le Patriote","isPartOf":{"@id":"https:\/\/lepatriotebenin.com\/#website"},"primaryImageOfPage":{"@id":"https:\/\/lepatriotebenin.com\/index.php\/2025\/06\/02\/criet-au-benin-steve-amoussou-condamne-a-2-ans-de-prison-ferme\/#primaryimage"},"image":{"@id":"https:\/\/lepatriotebenin.com\/index.php\/2025\/06\/02\/criet-au-benin-steve-amoussou-condamne-a-2-ans-de-prison-ferme\/#primaryimage"},"thumbnailUrl":"https:\/\/lepatriotebenin.com\/wp-content\/uploads\/2025\/05\/steeve-amoussou.webp","datePublished":"2025-06-02T11:59:23+00:00","dateModified":"2025-06-02T11:59:38+00:00","author":{"@id":"https:\/\/lepatriotebenin.com\/#\/schema\/person\/2e7709b9c9cc313e452d1136af61690f"},"breadcrumb":{"@id":"https:\/\/lepatriotebenin.com\/index.php\/2025\/06\/02\/criet-au-benin-steve-amoussou-condamne-a-2-ans-de-prison-ferme\/#breadcrumb"},"inLanguage":"fr-FR","potentialAction":[{"@type":"ReadAction","target":["https:\/\/lepatriotebenin.com\/index.php\/2025\/06\/02\/criet-au-benin-steve-amoussou-condamne-a-2-ans-de-prison-ferme\/"]}]},{"@type":"ImageObject","inLanguage":"fr-FR","@id":"https:\/\/lepatriotebenin.com\/index.php\/2025\/06\/02\/criet-au-benin-steve-amoussou-condamne-a-2-ans-de-prison-ferme\/#primaryimage","url":"https:\/\/lepatriotebenin.com\/wp-content\/uploads\/2025\/05\/steeve-amoussou.webp","contentUrl":"https:\/\/lepatriotebenin.com\/wp-content\/uploads\/2025\/05\/steeve-amoussou.webp","width":1200,"height":675},{"@type":"BreadcrumbList","@id":"https:\/\/lepatriotebenin.com\/index.php\/2025\/06\/02\/criet-au-benin-steve-amoussou-condamne-a-2-ans-de-prison-ferme\/#breadcrumb","itemListElement":[{"@type":"ListItem","position":1,"name":"Accueil","item":"https:\/\/lepatriotebenin.com\/"},{"@type":"ListItem","position":2,"name":"CRIET au B\u00e9nin : Steve Amoussou condamn\u00e9 \u00e0\u00a02 ans de prison ferme"}]},{"@type":"WebSite","@id":"https:\/\/lepatriotebenin.com\/#website","url":"https:\/\/lepatriotebenin.com\/","name":"Le Patriote","description":"Le Patriote B\u00e9nin","potentialAction":[{"@type":"SearchAction","target":{"@type":"EntryPoint","urlTemplate":"https:\/\/lepatriotebenin.com\/?s={search_term_string}"},"query-input":{"@type":"PropertyValueSpecification","valueRequired":true,"valueName":"search_term_string"}}],"inLanguage":"fr-FR"},{"@type":"Person","@id":"https:\/\/lepatriotebenin.com\/#\/schema\/person\/2e7709b9c9cc313e452d1136af61690f","name":"Redaction","image":{"@type":"ImageObject","inLanguage":"fr-FR","@id":"https:\/\/secure.gravatar.com\/avatar\/c4c509357859ea2ca2cbb6d8812898a73e4ef1ef9934c2e591d7e32face734d1?s=96&d=mm&r=g","url":"https:\/\/secure.gravatar.com\/avatar\/c4c509357859ea2ca2cbb6d8812898a73e4ef1ef9934c2e591d7e32face734d1?s=96&d=mm&r=g","contentUrl":"https:\/\/secure.gravatar.com\/avatar\/c4c509357859ea2ca2cbb6d8812898a73e4ef1ef9934c2e591d7e32face734d1?s=96&d=mm&r=g","caption":"Redaction"},"url":"https:\/\/lepatriotebenin.com"}]}},"_links":{"self":[{"href":"https:\/\/lepatriotebenin.com\/index.php\/wp-json\/wp\/v2\/posts\/10772","targetHints":{"allow":["GET"]}}],"collection":[{"href":"https:\/\/lepatriotebenin.com\/index.php\/wp-json\/wp\/v2\/posts"}],"about":[{"href":"https:\/\/lepatriotebenin.com\/index.php\/wp-json\/wp\/v2\/types\/post"}],"author":[{"embeddable":true,"href":"https:\/\/lepatriotebenin.com\/index.php\/wp-json\/wp\/v2\/users\/5"}],"replies":[{"embeddable":true,"href":"https:\/\/lepatriotebenin.com\/index.php\/wp-json\/wp\/v2\/comments?post=10772"}],"version-history":[{"count":2,"href":"https:\/\/lepatriotebenin.com\/index.php\/wp-json\/wp\/v2\/posts\/10772\/revisions"}],"predecessor-version":[{"id":10774,"href":"https:\/\/lepatriotebenin.com\/index.php\/wp-json\/wp\/v2\/posts\/10772\/revisions\/10774"}],"wp:featuredmedia":[{"embeddable":true,"href":"https:\/\/lepatriotebenin.com\/index.php\/wp-json\/wp\/v2\/media\/10572"}],"wp:attachment":[{"href":"https:\/\/lepatriotebenin.com\/index.php\/wp-json\/wp\/v2\/media?parent=10772"}],"wp:term":[{"taxonomy":"category","embeddable":true,"href":"https:\/\/lepatriotebenin.com\/index.php\/wp-json\/wp\/v2\/categories?post=10772"},{"taxonomy":"post_tag","embeddable":true,"href":"https:\/\/lepatriotebenin.com\/index.php\/wp-json\/wp\/v2\/tags?post=10772"}],"curies":[{"name":"wp","href":"https:\/\/api.w.org\/{rel}","templated":true}]}}