{"id":10766,"date":"2025-06-02T10:11:52","date_gmt":"2025-06-02T08:11:52","guid":{"rendered":"https:\/\/lepatriotebenin.com\/?p=10766"},"modified":"2025-06-02T10:11:53","modified_gmt":"2025-06-02T08:11:53","slug":"cep-2o25-le-ministre-salimane-karimou-lance-officiellement-les-epreuves-dans-le-mono","status":"publish","type":"post","link":"https:\/\/lepatriotebenin.com\/index.php\/2025\/06\/02\/cep-2o25-le-ministre-salimane-karimou-lance-officiellement-les-epreuves-dans-le-mono\/","title":{"rendered":"CEP 2O25\u00a0: Le ministre Salimane Karimou lance officiellement les \u00e9preuves dans le Mono"},"content":{"rendered":"\n<p>Le ministre le Ministre des Enseignements Maternel et Primaire, <strong>Salimane Karimou<\/strong>, a proc\u00e9d\u00e9 ce <strong>lundi matin,<\/strong> dans le &nbsp;centre d\u2019examen Coopaha, dans le d\u00e9partement du Mono, au lancement officiel des \u00e9preuves du Certificat d\u2019\u00c9tudes Primaires (CEP), session de juin 2025 . Il sonnait 07 h 30 lorsque lui et la d\u00e9l\u00e9gation qui l\u2019accompagnent ont &nbsp;foul\u00e9 le sol de cette &nbsp;\u00e9cole.&nbsp; C\u2019est donc le d\u00e9part pour des milliers des candidats&nbsp; \u00e0 travers le pays.<\/p>\n\n\n\n<p>Rappelons que <strong>271.890<\/strong> candidats dont <strong>131.660<\/strong> filles et <strong>140.230<\/strong> gar\u00e7ons sont en train de composer \u00a0dans 805 centres r\u00e9partis sur toute l\u2019\u00e9tendue du territoire national, pour l\u2019examen du Certificat d\u2019Etudes Primaires(CEP), session de <strong>juin 2025<\/strong> du <strong>B\u00e9nin.<\/strong><\/p>\n\n\n\n<figure class=\"wp-block-image size-full\"><img fetchpriority=\"high\" decoding=\"async\" width=\"480\" height=\"361\" src=\"https:\/\/lepatriotebenin.com\/wp-content\/uploads\/2025\/06\/photo.jpg\" alt=\"\" class=\"wp-image-10768\" srcset=\"https:\/\/lepatriotebenin.com\/wp-content\/uploads\/2025\/06\/photo.jpg 480w, https:\/\/lepatriotebenin.com\/wp-content\/uploads\/2025\/06\/photo-300x226.jpg 300w\" sizes=\"(max-width: 480px) 100vw, 480px\" \/><\/figure>\n\n\n\n<figure class=\"wp-block-image size-full\"><img decoding=\"async\" width=\"480\" height=\"361\" src=\"https:\/\/lepatriotebenin.com\/wp-content\/uploads\/2025\/06\/photo-2.jpg\" alt=\"\" class=\"wp-image-10769\" srcset=\"https:\/\/lepatriotebenin.com\/wp-content\/uploads\/2025\/06\/photo-2.jpg 480w, https:\/\/lepatriotebenin.com\/wp-content\/uploads\/2025\/06\/photo-2-300x226.jpg 300w\" sizes=\"(max-width: 480px) 100vw, 480px\" \/><\/figure>\n","protected":false},"excerpt":{"rendered":"<p>Le ministre le Ministre des Enseignements Maternel et Primaire, Salimane Karimou, a proc\u00e9d\u00e9 ce lundi matin, dans le &nbsp;centre d\u2019examen Coopaha, dans le d\u00e9partement du Mono, au lancement officiel des&hellip;<\/p>\n","protected":false},"author":6,"featured_media":10767,"comment_status":"open","ping_status":"open","sticky":false,"template":"","format":"standard","meta":{"content-type":"","om_disable_all_campaigns":false,"_monsterinsights_skip_tracking":false,"_monsterinsights_sitenote_active":false,"_monsterinsights_sitenote_note":"","_monsterinsights_sitenote_category":0,"_uf_show_specific_survey":0,"_uf_disable_surveys":false,"footnotes":""},"categories":[20],"tags":[],"class_list":["post-10766","post","type-post","status-publish","format-standard","has-post-thumbnail","hentry","category-societe"],"aioseo_notices":[],"yoast_head":"<!-- This site is optimized with the Yoast SEO plugin v27.5 - https:\/\/yoast.com\/product\/yoast-seo-wordpress\/ -->\n<title>CEP 2O25\u00a0: Le ministre Salimane Karimou lance officiellement les \u00e9preuves dans le Mono - Le Patriote<\/title>\n<meta name=\"robots\" content=\"index, follow, max-snippet:-1, max-image-preview:large, max-video-preview:-1\" \/>\n<link rel=\"canonical\" href=\"https:\/\/lepatriotebenin.com\/index.php\/2025\/06\/02\/cep-2o25-le-ministre-salimane-karimou-lance-officiellement-les-epreuves-dans-le-mono\/\" \/>\n<meta property=\"og:locale\" content=\"fr_FR\" \/>\n<meta property=\"og:type\" content=\"article\" \/>\n<meta property=\"og:title\" content=\"CEP 2O25\u00a0: Le ministre Salimane Karimou lance officiellement les \u00e9preuves dans le Mono - Le Patriote\" \/>\n<meta property=\"og:description\" content=\"Le ministre le Ministre des Enseignements Maternel et Primaire, Salimane Karimou, a proc\u00e9d\u00e9 ce lundi matin, dans le &nbsp;centre d\u2019examen Coopaha, dans le d\u00e9partement du Mono, au lancement officiel des&hellip;\" \/>\n<meta property=\"og:url\" content=\"https:\/\/lepatriotebenin.com\/index.php\/2025\/06\/02\/cep-2o25-le-ministre-salimane-karimou-lance-officiellement-les-epreuves-dans-le-mono\/\" \/>\n<meta property=\"og:site_name\" content=\"Le Patriote\" \/>\n<meta property=\"article:published_time\" content=\"2025-06-02T08:11:52+00:00\" \/>\n<meta property=\"article:modified_time\" content=\"2025-06-02T08:11:53+00:00\" \/>\n<meta property=\"og:image\" content=\"https:\/\/lepatriotebenin.com\/wp-content\/uploads\/2025\/06\/photo-1.jpg\" \/>\n\t<meta property=\"og:image:width\" content=\"480\" \/>\n\t<meta property=\"og:image:height\" content=\"361\" \/>\n\t<meta property=\"og:image:type\" content=\"image\/jpeg\" \/>\n<meta name=\"author\" content=\"Roland AFFANOU\" \/>\n<meta name=\"twitter:card\" content=\"summary_large_image\" \/>\n<meta name=\"twitter:label1\" content=\"\u00c9crit par\" \/>\n\t<meta name=\"twitter:data1\" content=\"Roland AFFANOU\" \/>\n\t<meta name=\"twitter:label2\" content=\"Dur\u00e9e de lecture estim\u00e9e\" \/>\n\t<meta name=\"twitter:data2\" content=\"1 minute\" \/>\n<script type=\"application\/ld+json\" class=\"yoast-schema-graph\">{\"@context\":\"https:\\\/\\\/schema.org\",\"@graph\":[{\"@type\":\"Article\",\"@id\":\"https:\\\/\\\/lepatriotebenin.com\\\/index.php\\\/2025\\\/06\\\/02\\\/cep-2o25-le-ministre-salimane-karimou-lance-officiellement-les-epreuves-dans-le-mono\\\/#article\",\"isPartOf\":{\"@id\":\"https:\\\/\\\/lepatriotebenin.com\\\/index.php\\\/2025\\\/06\\\/02\\\/cep-2o25-le-ministre-salimane-karimou-lance-officiellement-les-epreuves-dans-le-mono\\\/\"},\"author\":{\"name\":\"Roland AFFANOU\",\"@id\":\"https:\\\/\\\/lepatriotebenin.com\\\/#\\\/schema\\\/person\\\/4a9b67216c97d04045e01405c534c91f\"},\"headline\":\"CEP 2O25\u00a0: Le ministre Salimane Karimou lance officiellement les \u00e9preuves dans le Mono\",\"datePublished\":\"2025-06-02T08:11:52+00:00\",\"dateModified\":\"2025-06-02T08:11:53+00:00\",\"mainEntityOfPage\":{\"@id\":\"https:\\\/\\\/lepatriotebenin.com\\\/index.php\\\/2025\\\/06\\\/02\\\/cep-2o25-le-ministre-salimane-karimou-lance-officiellement-les-epreuves-dans-le-mono\\\/\"},\"wordCount\":134,\"commentCount\":0,\"image\":{\"@id\":\"https:\\\/\\\/lepatriotebenin.com\\\/index.php\\\/2025\\\/06\\\/02\\\/cep-2o25-le-ministre-salimane-karimou-lance-officiellement-les-epreuves-dans-le-mono\\\/#primaryimage\"},\"thumbnailUrl\":\"https:\\\/\\\/lepatriotebenin.com\\\/wp-content\\\/uploads\\\/2025\\\/06\\\/photo-1.jpg\",\"articleSection\":[\"Soci\u00e9t\u00e9\"],\"inLanguage\":\"fr-FR\",\"potentialAction\":[{\"@type\":\"CommentAction\",\"name\":\"Comment\",\"target\":[\"https:\\\/\\\/lepatriotebenin.com\\\/index.php\\\/2025\\\/06\\\/02\\\/cep-2o25-le-ministre-salimane-karimou-lance-officiellement-les-epreuves-dans-le-mono\\\/#respond\"]}]},{\"@type\":\"WebPage\",\"@id\":\"https:\\\/\\\/lepatriotebenin.com\\\/index.php\\\/2025\\\/06\\\/02\\\/cep-2o25-le-ministre-salimane-karimou-lance-officiellement-les-epreuves-dans-le-mono\\\/\",\"url\":\"https:\\\/\\\/lepatriotebenin.com\\\/index.php\\\/2025\\\/06\\\/02\\\/cep-2o25-le-ministre-salimane-karimou-lance-officiellement-les-epreuves-dans-le-mono\\\/\",\"name\":\"CEP 2O25\u00a0: Le ministre Salimane Karimou lance officiellement les \u00e9preuves dans le Mono - Le Patriote\",\"isPartOf\":{\"@id\":\"https:\\\/\\\/lepatriotebenin.com\\\/#website\"},\"primaryImageOfPage\":{\"@id\":\"https:\\\/\\\/lepatriotebenin.com\\\/index.php\\\/2025\\\/06\\\/02\\\/cep-2o25-le-ministre-salimane-karimou-lance-officiellement-les-epreuves-dans-le-mono\\\/#primaryimage\"},\"image\":{\"@id\":\"https:\\\/\\\/lepatriotebenin.com\\\/index.php\\\/2025\\\/06\\\/02\\\/cep-2o25-le-ministre-salimane-karimou-lance-officiellement-les-epreuves-dans-le-mono\\\/#primaryimage\"},\"thumbnailUrl\":\"https:\\\/\\\/lepatriotebenin.com\\\/wp-content\\\/uploads\\\/2025\\\/06\\\/photo-1.jpg\",\"datePublished\":\"2025-06-02T08:11:52+00:00\",\"dateModified\":\"2025-06-02T08:11:53+00:00\",\"author\":{\"@id\":\"https:\\\/\\\/lepatriotebenin.com\\\/#\\\/schema\\\/person\\\/4a9b67216c97d04045e01405c534c91f\"},\"breadcrumb\":{\"@id\":\"https:\\\/\\\/lepatriotebenin.com\\\/index.php\\\/2025\\\/06\\\/02\\\/cep-2o25-le-ministre-salimane-karimou-lance-officiellement-les-epreuves-dans-le-mono\\\/#breadcrumb\"},\"inLanguage\":\"fr-FR\",\"potentialAction\":[{\"@type\":\"ReadAction\",\"target\":[\"https:\\\/\\\/lepatriotebenin.com\\\/index.php\\\/2025\\\/06\\\/02\\\/cep-2o25-le-ministre-salimane-karimou-lance-officiellement-les-epreuves-dans-le-mono\\\/\"]}]},{\"@type\":\"ImageObject\",\"inLanguage\":\"fr-FR\",\"@id\":\"https:\\\/\\\/lepatriotebenin.com\\\/index.php\\\/2025\\\/06\\\/02\\\/cep-2o25-le-ministre-salimane-karimou-lance-officiellement-les-epreuves-dans-le-mono\\\/#primaryimage\",\"url\":\"https:\\\/\\\/lepatriotebenin.com\\\/wp-content\\\/uploads\\\/2025\\\/06\\\/photo-1.jpg\",\"contentUrl\":\"https:\\\/\\\/lepatriotebenin.com\\\/wp-content\\\/uploads\\\/2025\\\/06\\\/photo-1.jpg\",\"width\":480,\"height\":361},{\"@type\":\"BreadcrumbList\",\"@id\":\"https:\\\/\\\/lepatriotebenin.com\\\/index.php\\\/2025\\\/06\\\/02\\\/cep-2o25-le-ministre-salimane-karimou-lance-officiellement-les-epreuves-dans-le-mono\\\/#breadcrumb\",\"itemListElement\":[{\"@type\":\"ListItem\",\"position\":1,\"name\":\"Accueil\",\"item\":\"https:\\\/\\\/lepatriotebenin.com\\\/\"},{\"@type\":\"ListItem\",\"position\":2,\"name\":\"CEP 2O25\u00a0: Le ministre Salimane Karimou lance officiellement les \u00e9preuves dans le Mono\"}]},{\"@type\":\"WebSite\",\"@id\":\"https:\\\/\\\/lepatriotebenin.com\\\/#website\",\"url\":\"https:\\\/\\\/lepatriotebenin.com\\\/\",\"name\":\"Le Patriote\",\"description\":\"Le Patriote B\u00e9nin\",\"potentialAction\":[{\"@type\":\"SearchAction\",\"target\":{\"@type\":\"EntryPoint\",\"urlTemplate\":\"https:\\\/\\\/lepatriotebenin.com\\\/?s={search_term_string}\"},\"query-input\":{\"@type\":\"PropertyValueSpecification\",\"valueRequired\":true,\"valueName\":\"search_term_string\"}}],\"inLanguage\":\"fr-FR\"},{\"@type\":\"Person\",\"@id\":\"https:\\\/\\\/lepatriotebenin.com\\\/#\\\/schema\\\/person\\\/4a9b67216c97d04045e01405c534c91f\",\"name\":\"Roland AFFANOU\",\"image\":{\"@type\":\"ImageObject\",\"inLanguage\":\"fr-FR\",\"@id\":\"https:\\\/\\\/secure.gravatar.com\\\/avatar\\\/7209d3f6d2d47ea4d0c67e14d3effb61feb10ae540a4381280c66265de5bd643?s=96&d=mm&r=g\",\"url\":\"https:\\\/\\\/secure.gravatar.com\\\/avatar\\\/7209d3f6d2d47ea4d0c67e14d3effb61feb10ae540a4381280c66265de5bd643?s=96&d=mm&r=g\",\"contentUrl\":\"https:\\\/\\\/secure.gravatar.com\\\/avatar\\\/7209d3f6d2d47ea4d0c67e14d3effb61feb10ae540a4381280c66265de5bd643?s=96&d=mm&r=g\",\"caption\":\"Roland AFFANOU\"},\"url\":\"https:\\\/\\\/lepatriotebenin.com\"}]}<\/script>\n<!-- \/ Yoast SEO plugin. -->","yoast_head_json":{"title":"CEP 2O25\u00a0: Le ministre Salimane Karimou lance officiellement les \u00e9preuves dans le Mono - Le Patriote","robots":{"index":"index","follow":"follow","max-snippet":"max-snippet:-1","max-image-preview":"max-image-preview:large","max-video-preview":"max-video-preview:-1"},"canonical":"https:\/\/lepatriotebenin.com\/index.php\/2025\/06\/02\/cep-2o25-le-ministre-salimane-karimou-lance-officiellement-les-epreuves-dans-le-mono\/","og_locale":"fr_FR","og_type":"article","og_title":"CEP 2O25\u00a0: Le ministre Salimane Karimou lance officiellement les \u00e9preuves dans le Mono - Le Patriote","og_description":"Le ministre le Ministre des Enseignements Maternel et Primaire, Salimane Karimou, a proc\u00e9d\u00e9 ce lundi matin, dans le &nbsp;centre d\u2019examen Coopaha, dans le d\u00e9partement du Mono, au lancement officiel des&hellip;","og_url":"https:\/\/lepatriotebenin.com\/index.php\/2025\/06\/02\/cep-2o25-le-ministre-salimane-karimou-lance-officiellement-les-epreuves-dans-le-mono\/","og_site_name":"Le Patriote","article_published_time":"2025-06-02T08:11:52+00:00","article_modified_time":"2025-06-02T08:11:53+00:00","og_image":[{"width":480,"height":361,"url":"https:\/\/lepatriotebenin.com\/wp-content\/uploads\/2025\/06\/photo-1.jpg","type":"image\/jpeg"}],"author":"Roland AFFANOU","twitter_card":"summary_large_image","twitter_misc":{"\u00c9crit par":"Roland AFFANOU","Dur\u00e9e de lecture estim\u00e9e":"1 minute"},"schema":{"@context":"https:\/\/schema.org","@graph":[{"@type":"Article","@id":"https:\/\/lepatriotebenin.com\/index.php\/2025\/06\/02\/cep-2o25-le-ministre-salimane-karimou-lance-officiellement-les-epreuves-dans-le-mono\/#article","isPartOf":{"@id":"https:\/\/lepatriotebenin.com\/index.php\/2025\/06\/02\/cep-2o25-le-ministre-salimane-karimou-lance-officiellement-les-epreuves-dans-le-mono\/"},"author":{"name":"Roland AFFANOU","@id":"https:\/\/lepatriotebenin.com\/#\/schema\/person\/4a9b67216c97d04045e01405c534c91f"},"headline":"CEP 2O25\u00a0: Le ministre Salimane Karimou lance officiellement les \u00e9preuves dans le Mono","datePublished":"2025-06-02T08:11:52+00:00","dateModified":"2025-06-02T08:11:53+00:00","mainEntityOfPage":{"@id":"https:\/\/lepatriotebenin.com\/index.php\/2025\/06\/02\/cep-2o25-le-ministre-salimane-karimou-lance-officiellement-les-epreuves-dans-le-mono\/"},"wordCount":134,"commentCount":0,"image":{"@id":"https:\/\/lepatriotebenin.com\/index.php\/2025\/06\/02\/cep-2o25-le-ministre-salimane-karimou-lance-officiellement-les-epreuves-dans-le-mono\/#primaryimage"},"thumbnailUrl":"https:\/\/lepatriotebenin.com\/wp-content\/uploads\/2025\/06\/photo-1.jpg","articleSection":["Soci\u00e9t\u00e9"],"inLanguage":"fr-FR","potentialAction":[{"@type":"CommentAction","name":"Comment","target":["https:\/\/lepatriotebenin.com\/index.php\/2025\/06\/02\/cep-2o25-le-ministre-salimane-karimou-lance-officiellement-les-epreuves-dans-le-mono\/#respond"]}]},{"@type":"WebPage","@id":"https:\/\/lepatriotebenin.com\/index.php\/2025\/06\/02\/cep-2o25-le-ministre-salimane-karimou-lance-officiellement-les-epreuves-dans-le-mono\/","url":"https:\/\/lepatriotebenin.com\/index.php\/2025\/06\/02\/cep-2o25-le-ministre-salimane-karimou-lance-officiellement-les-epreuves-dans-le-mono\/","name":"CEP 2O25\u00a0: Le ministre Salimane Karimou lance officiellement les \u00e9preuves dans le Mono - Le Patriote","isPartOf":{"@id":"https:\/\/lepatriotebenin.com\/#website"},"primaryImageOfPage":{"@id":"https:\/\/lepatriotebenin.com\/index.php\/2025\/06\/02\/cep-2o25-le-ministre-salimane-karimou-lance-officiellement-les-epreuves-dans-le-mono\/#primaryimage"},"image":{"@id":"https:\/\/lepatriotebenin.com\/index.php\/2025\/06\/02\/cep-2o25-le-ministre-salimane-karimou-lance-officiellement-les-epreuves-dans-le-mono\/#primaryimage"},"thumbnailUrl":"https:\/\/lepatriotebenin.com\/wp-content\/uploads\/2025\/06\/photo-1.jpg","datePublished":"2025-06-02T08:11:52+00:00","dateModified":"2025-06-02T08:11:53+00:00","author":{"@id":"https:\/\/lepatriotebenin.com\/#\/schema\/person\/4a9b67216c97d04045e01405c534c91f"},"breadcrumb":{"@id":"https:\/\/lepatriotebenin.com\/index.php\/2025\/06\/02\/cep-2o25-le-ministre-salimane-karimou-lance-officiellement-les-epreuves-dans-le-mono\/#breadcrumb"},"inLanguage":"fr-FR","potentialAction":[{"@type":"ReadAction","target":["https:\/\/lepatriotebenin.com\/index.php\/2025\/06\/02\/cep-2o25-le-ministre-salimane-karimou-lance-officiellement-les-epreuves-dans-le-mono\/"]}]},{"@type":"ImageObject","inLanguage":"fr-FR","@id":"https:\/\/lepatriotebenin.com\/index.php\/2025\/06\/02\/cep-2o25-le-ministre-salimane-karimou-lance-officiellement-les-epreuves-dans-le-mono\/#primaryimage","url":"https:\/\/lepatriotebenin.com\/wp-content\/uploads\/2025\/06\/photo-1.jpg","contentUrl":"https:\/\/lepatriotebenin.com\/wp-content\/uploads\/2025\/06\/photo-1.jpg","width":480,"height":361},{"@type":"BreadcrumbList","@id":"https:\/\/lepatriotebenin.com\/index.php\/2025\/06\/02\/cep-2o25-le-ministre-salimane-karimou-lance-officiellement-les-epreuves-dans-le-mono\/#breadcrumb","itemListElement":[{"@type":"ListItem","position":1,"name":"Accueil","item":"https:\/\/lepatriotebenin.com\/"},{"@type":"ListItem","position":2,"name":"CEP 2O25\u00a0: Le ministre Salimane Karimou lance officiellement les \u00e9preuves dans le Mono"}]},{"@type":"WebSite","@id":"https:\/\/lepatriotebenin.com\/#website","url":"https:\/\/lepatriotebenin.com\/","name":"Le Patriote","description":"Le Patriote B\u00e9nin","potentialAction":[{"@type":"SearchAction","target":{"@type":"EntryPoint","urlTemplate":"https:\/\/lepatriotebenin.com\/?s={search_term_string}"},"query-input":{"@type":"PropertyValueSpecification","valueRequired":true,"valueName":"search_term_string"}}],"inLanguage":"fr-FR"},{"@type":"Person","@id":"https:\/\/lepatriotebenin.com\/#\/schema\/person\/4a9b67216c97d04045e01405c534c91f","name":"Roland AFFANOU","image":{"@type":"ImageObject","inLanguage":"fr-FR","@id":"https:\/\/secure.gravatar.com\/avatar\/7209d3f6d2d47ea4d0c67e14d3effb61feb10ae540a4381280c66265de5bd643?s=96&d=mm&r=g","url":"https:\/\/secure.gravatar.com\/avatar\/7209d3f6d2d47ea4d0c67e14d3effb61feb10ae540a4381280c66265de5bd643?s=96&d=mm&r=g","contentUrl":"https:\/\/secure.gravatar.com\/avatar\/7209d3f6d2d47ea4d0c67e14d3effb61feb10ae540a4381280c66265de5bd643?s=96&d=mm&r=g","caption":"Roland AFFANOU"},"url":"https:\/\/lepatriotebenin.com"}]}},"_links":{"self":[{"href":"https:\/\/lepatriotebenin.com\/index.php\/wp-json\/wp\/v2\/posts\/10766","targetHints":{"allow":["GET"]}}],"collection":[{"href":"https:\/\/lepatriotebenin.com\/index.php\/wp-json\/wp\/v2\/posts"}],"about":[{"href":"https:\/\/lepatriotebenin.com\/index.php\/wp-json\/wp\/v2\/types\/post"}],"author":[{"embeddable":true,"href":"https:\/\/lepatriotebenin.com\/index.php\/wp-json\/wp\/v2\/users\/6"}],"replies":[{"embeddable":true,"href":"https:\/\/lepatriotebenin.com\/index.php\/wp-json\/wp\/v2\/comments?post=10766"}],"version-history":[{"count":1,"href":"https:\/\/lepatriotebenin.com\/index.php\/wp-json\/wp\/v2\/posts\/10766\/revisions"}],"predecessor-version":[{"id":10770,"href":"https:\/\/lepatriotebenin.com\/index.php\/wp-json\/wp\/v2\/posts\/10766\/revisions\/10770"}],"wp:featuredmedia":[{"embeddable":true,"href":"https:\/\/lepatriotebenin.com\/index.php\/wp-json\/wp\/v2\/media\/10767"}],"wp:attachment":[{"href":"https:\/\/lepatriotebenin.com\/index.php\/wp-json\/wp\/v2\/media?parent=10766"}],"wp:term":[{"taxonomy":"category","embeddable":true,"href":"https:\/\/lepatriotebenin.com\/index.php\/wp-json\/wp\/v2\/categories?post=10766"},{"taxonomy":"post_tag","embeddable":true,"href":"https:\/\/lepatriotebenin.com\/index.php\/wp-json\/wp\/v2\/tags?post=10766"}],"curies":[{"name":"wp","href":"https:\/\/api.w.org\/{rel}","templated":true}]}}