{"id":10762,"date":"2025-06-02T04:17:24","date_gmt":"2025-06-02T02:17:24","guid":{"rendered":"https:\/\/lepatriotebenin.com\/?p=10762"},"modified":"2025-06-02T04:17:26","modified_gmt":"2025-06-02T02:17:26","slug":"cep-2025-au-benin-voici-le-calendrier-de-deroulement-des-epreuves-ecrites-orales-et-sportives","status":"publish","type":"post","link":"https:\/\/lepatriotebenin.com\/index.php\/2025\/06\/02\/cep-2025-au-benin-voici-le-calendrier-de-deroulement-des-epreuves-ecrites-orales-et-sportives\/","title":{"rendered":"CEP 2025 au B\u00e9nin\u00a0: Voici le calendrier de d\u00e9roulement des \u00e9preuves \u00e9crites, orales et sportives"},"content":{"rendered":"\n<p>&nbsp;Du lundi 02 au mercredi 04 juin 2025, <strong>271.890<\/strong> candidats dont <strong>131.660<\/strong> filles et <strong>140.230<\/strong> gar\u00e7ons composeront, dans 805 centres r\u00e9partis sur toute l\u2019\u00e9tendue du territoire national, pour l\u2019examen du Certificat d\u2019Etudes Primaires(CEP), session de <strong>juin 2025<\/strong> du <strong>B\u00e9nin.<\/strong> &nbsp;Le ministre des enseignements maternels et primaires va proc\u00e9der ce lundi 2 juin 2025 <strong><em>au lancement officiel du Certificat d\u2019\u00e9tudes primaires (CEP), session de juin 2025&nbsp; dans le centre d\u2019examen de l\u2019Ecole Primaire Publique de Coopaha,<\/em><\/strong><strong><em> \u00e0 Lokossa, dans le d\u00e9partement du Mono.<\/em><\/strong><\/p>\n\n\n\n<p><strong>Voici le calendrier de d\u00e9roulement des \u00e9preuves \u00e9crites, orales et sportives<\/strong><\/p>\n\n\n\n<div data-wp-interactive=\"core\/file\" class=\"wp-block-file\"><object data-wp-bind--hidden=\"!state.hasPdfPreview\" hidden class=\"wp-block-file__embed\" data=\"https:\/\/lepatriotebenin.com\/wp-content\/uploads\/2025\/06\/cep-2025-d.pdf\" type=\"application\/pdf\" style=\"width:100%;height:600px\" aria-label=\"Contenu embarqu\u00e9 cep-2025-d.\"><\/object><a id=\"wp-block-file--media-ccdb97e6-1e14-4cb0-a81d-0a740d9ad8fa\" href=\"https:\/\/lepatriotebenin.com\/wp-content\/uploads\/2025\/06\/cep-2025-d.pdf\">cep-2025-d<\/a><a href=\"https:\/\/lepatriotebenin.com\/wp-content\/uploads\/2025\/06\/cep-2025-d.pdf\" class=\"wp-block-file__button wp-element-button\" download aria-describedby=\"wp-block-file--media-ccdb97e6-1e14-4cb0-a81d-0a740d9ad8fa\">T\u00e9l\u00e9charger<\/a><\/div>\n","protected":false},"excerpt":{"rendered":"<p>&nbsp;Du lundi 02 au mercredi 04 juin 2025, 271.890 candidats dont 131.660 filles et 140.230 gar\u00e7ons composeront, dans 805 centres r\u00e9partis sur toute l\u2019\u00e9tendue du territoire national, pour l\u2019examen du&hellip;<\/p>\n","protected":false},"author":6,"featured_media":10763,"comment_status":"open","ping_status":"open","sticky":false,"template":"","format":"standard","meta":{"content-type":"","om_disable_all_campaigns":false,"_monsterinsights_skip_tracking":false,"_monsterinsights_sitenote_active":false,"_monsterinsights_sitenote_note":"","_monsterinsights_sitenote_category":0,"_uf_show_specific_survey":0,"_uf_disable_surveys":false,"footnotes":""},"categories":[20],"tags":[],"class_list":["post-10762","post","type-post","status-publish","format-standard","has-post-thumbnail","hentry","category-societe"],"aioseo_notices":[],"yoast_head":"<!-- This site is optimized with the Yoast SEO plugin v27.5 - https:\/\/yoast.com\/product\/yoast-seo-wordpress\/ -->\n<title>CEP 2025 au B\u00e9nin\u00a0: Voici le calendrier de d\u00e9roulement des \u00e9preuves \u00e9crites, orales et sportives - Le Patriote<\/title>\n<meta name=\"robots\" content=\"index, follow, max-snippet:-1, max-image-preview:large, max-video-preview:-1\" \/>\n<link rel=\"canonical\" href=\"https:\/\/lepatriotebenin.com\/index.php\/2025\/06\/02\/cep-2025-au-benin-voici-le-calendrier-de-deroulement-des-epreuves-ecrites-orales-et-sportives\/\" \/>\n<meta property=\"og:locale\" content=\"fr_FR\" \/>\n<meta property=\"og:type\" content=\"article\" \/>\n<meta property=\"og:title\" content=\"CEP 2025 au B\u00e9nin\u00a0: Voici le calendrier de d\u00e9roulement des \u00e9preuves \u00e9crites, orales et sportives - Le Patriote\" \/>\n<meta property=\"og:description\" content=\"&nbsp;Du lundi 02 au mercredi 04 juin 2025, 271.890 candidats dont 131.660 filles et 140.230 gar\u00e7ons composeront, dans 805 centres r\u00e9partis sur toute l\u2019\u00e9tendue du territoire national, pour l\u2019examen du&hellip;\" \/>\n<meta property=\"og:url\" content=\"https:\/\/lepatriotebenin.com\/index.php\/2025\/06\/02\/cep-2025-au-benin-voici-le-calendrier-de-deroulement-des-epreuves-ecrites-orales-et-sportives\/\" \/>\n<meta property=\"og:site_name\" content=\"Le Patriote\" \/>\n<meta property=\"article:published_time\" content=\"2025-06-02T02:17:24+00:00\" \/>\n<meta property=\"article:modified_time\" content=\"2025-06-02T02:17:26+00:00\" \/>\n<meta property=\"og:image\" content=\"https:\/\/lepatriotebenin.com\/wp-content\/uploads\/2025\/06\/cep-photos.jpg\" \/>\n\t<meta property=\"og:image:width\" content=\"780\" \/>\n\t<meta property=\"og:image:height\" content=\"560\" \/>\n\t<meta property=\"og:image:type\" content=\"image\/jpeg\" \/>\n<meta name=\"author\" content=\"Roland AFFANOU\" \/>\n<meta name=\"twitter:card\" content=\"summary_large_image\" \/>\n<meta name=\"twitter:label1\" content=\"\u00c9crit par\" \/>\n\t<meta name=\"twitter:data1\" content=\"Roland AFFANOU\" \/>\n\t<meta name=\"twitter:label2\" content=\"Dur\u00e9e de lecture estim\u00e9e\" \/>\n\t<meta name=\"twitter:data2\" content=\"1 minute\" \/>\n<script type=\"application\/ld+json\" class=\"yoast-schema-graph\">{\"@context\":\"https:\\\/\\\/schema.org\",\"@graph\":[{\"@type\":\"Article\",\"@id\":\"https:\\\/\\\/lepatriotebenin.com\\\/index.php\\\/2025\\\/06\\\/02\\\/cep-2025-au-benin-voici-le-calendrier-de-deroulement-des-epreuves-ecrites-orales-et-sportives\\\/#article\",\"isPartOf\":{\"@id\":\"https:\\\/\\\/lepatriotebenin.com\\\/index.php\\\/2025\\\/06\\\/02\\\/cep-2025-au-benin-voici-le-calendrier-de-deroulement-des-epreuves-ecrites-orales-et-sportives\\\/\"},\"author\":{\"name\":\"Roland AFFANOU\",\"@id\":\"https:\\\/\\\/lepatriotebenin.com\\\/#\\\/schema\\\/person\\\/4a9b67216c97d04045e01405c534c91f\"},\"headline\":\"CEP 2025 au B\u00e9nin\u00a0: Voici le calendrier de d\u00e9roulement des \u00e9preuves \u00e9crites, orales et sportives\",\"datePublished\":\"2025-06-02T02:17:24+00:00\",\"dateModified\":\"2025-06-02T02:17:26+00:00\",\"mainEntityOfPage\":{\"@id\":\"https:\\\/\\\/lepatriotebenin.com\\\/index.php\\\/2025\\\/06\\\/02\\\/cep-2025-au-benin-voici-le-calendrier-de-deroulement-des-epreuves-ecrites-orales-et-sportives\\\/\"},\"wordCount\":118,\"commentCount\":0,\"image\":{\"@id\":\"https:\\\/\\\/lepatriotebenin.com\\\/index.php\\\/2025\\\/06\\\/02\\\/cep-2025-au-benin-voici-le-calendrier-de-deroulement-des-epreuves-ecrites-orales-et-sportives\\\/#primaryimage\"},\"thumbnailUrl\":\"https:\\\/\\\/lepatriotebenin.com\\\/wp-content\\\/uploads\\\/2025\\\/06\\\/cep-photos.jpg\",\"articleSection\":[\"Soci\u00e9t\u00e9\"],\"inLanguage\":\"fr-FR\",\"potentialAction\":[{\"@type\":\"CommentAction\",\"name\":\"Comment\",\"target\":[\"https:\\\/\\\/lepatriotebenin.com\\\/index.php\\\/2025\\\/06\\\/02\\\/cep-2025-au-benin-voici-le-calendrier-de-deroulement-des-epreuves-ecrites-orales-et-sportives\\\/#respond\"]}]},{\"@type\":\"WebPage\",\"@id\":\"https:\\\/\\\/lepatriotebenin.com\\\/index.php\\\/2025\\\/06\\\/02\\\/cep-2025-au-benin-voici-le-calendrier-de-deroulement-des-epreuves-ecrites-orales-et-sportives\\\/\",\"url\":\"https:\\\/\\\/lepatriotebenin.com\\\/index.php\\\/2025\\\/06\\\/02\\\/cep-2025-au-benin-voici-le-calendrier-de-deroulement-des-epreuves-ecrites-orales-et-sportives\\\/\",\"name\":\"CEP 2025 au B\u00e9nin\u00a0: Voici le calendrier de d\u00e9roulement des \u00e9preuves \u00e9crites, orales et sportives - Le Patriote\",\"isPartOf\":{\"@id\":\"https:\\\/\\\/lepatriotebenin.com\\\/#website\"},\"primaryImageOfPage\":{\"@id\":\"https:\\\/\\\/lepatriotebenin.com\\\/index.php\\\/2025\\\/06\\\/02\\\/cep-2025-au-benin-voici-le-calendrier-de-deroulement-des-epreuves-ecrites-orales-et-sportives\\\/#primaryimage\"},\"image\":{\"@id\":\"https:\\\/\\\/lepatriotebenin.com\\\/index.php\\\/2025\\\/06\\\/02\\\/cep-2025-au-benin-voici-le-calendrier-de-deroulement-des-epreuves-ecrites-orales-et-sportives\\\/#primaryimage\"},\"thumbnailUrl\":\"https:\\\/\\\/lepatriotebenin.com\\\/wp-content\\\/uploads\\\/2025\\\/06\\\/cep-photos.jpg\",\"datePublished\":\"2025-06-02T02:17:24+00:00\",\"dateModified\":\"2025-06-02T02:17:26+00:00\",\"author\":{\"@id\":\"https:\\\/\\\/lepatriotebenin.com\\\/#\\\/schema\\\/person\\\/4a9b67216c97d04045e01405c534c91f\"},\"breadcrumb\":{\"@id\":\"https:\\\/\\\/lepatriotebenin.com\\\/index.php\\\/2025\\\/06\\\/02\\\/cep-2025-au-benin-voici-le-calendrier-de-deroulement-des-epreuves-ecrites-orales-et-sportives\\\/#breadcrumb\"},\"inLanguage\":\"fr-FR\",\"potentialAction\":[{\"@type\":\"ReadAction\",\"target\":[\"https:\\\/\\\/lepatriotebenin.com\\\/index.php\\\/2025\\\/06\\\/02\\\/cep-2025-au-benin-voici-le-calendrier-de-deroulement-des-epreuves-ecrites-orales-et-sportives\\\/\"]}]},{\"@type\":\"ImageObject\",\"inLanguage\":\"fr-FR\",\"@id\":\"https:\\\/\\\/lepatriotebenin.com\\\/index.php\\\/2025\\\/06\\\/02\\\/cep-2025-au-benin-voici-le-calendrier-de-deroulement-des-epreuves-ecrites-orales-et-sportives\\\/#primaryimage\",\"url\":\"https:\\\/\\\/lepatriotebenin.com\\\/wp-content\\\/uploads\\\/2025\\\/06\\\/cep-photos.jpg\",\"contentUrl\":\"https:\\\/\\\/lepatriotebenin.com\\\/wp-content\\\/uploads\\\/2025\\\/06\\\/cep-photos.jpg\",\"width\":780,\"height\":560},{\"@type\":\"BreadcrumbList\",\"@id\":\"https:\\\/\\\/lepatriotebenin.com\\\/index.php\\\/2025\\\/06\\\/02\\\/cep-2025-au-benin-voici-le-calendrier-de-deroulement-des-epreuves-ecrites-orales-et-sportives\\\/#breadcrumb\",\"itemListElement\":[{\"@type\":\"ListItem\",\"position\":1,\"name\":\"Accueil\",\"item\":\"https:\\\/\\\/lepatriotebenin.com\\\/\"},{\"@type\":\"ListItem\",\"position\":2,\"name\":\"CEP 2025 au B\u00e9nin\u00a0: Voici le calendrier de d\u00e9roulement des \u00e9preuves \u00e9crites, orales et sportives\"}]},{\"@type\":\"WebSite\",\"@id\":\"https:\\\/\\\/lepatriotebenin.com\\\/#website\",\"url\":\"https:\\\/\\\/lepatriotebenin.com\\\/\",\"name\":\"Le Patriote\",\"description\":\"Le Patriote B\u00e9nin\",\"potentialAction\":[{\"@type\":\"SearchAction\",\"target\":{\"@type\":\"EntryPoint\",\"urlTemplate\":\"https:\\\/\\\/lepatriotebenin.com\\\/?s={search_term_string}\"},\"query-input\":{\"@type\":\"PropertyValueSpecification\",\"valueRequired\":true,\"valueName\":\"search_term_string\"}}],\"inLanguage\":\"fr-FR\"},{\"@type\":\"Person\",\"@id\":\"https:\\\/\\\/lepatriotebenin.com\\\/#\\\/schema\\\/person\\\/4a9b67216c97d04045e01405c534c91f\",\"name\":\"Roland AFFANOU\",\"image\":{\"@type\":\"ImageObject\",\"inLanguage\":\"fr-FR\",\"@id\":\"https:\\\/\\\/secure.gravatar.com\\\/avatar\\\/7209d3f6d2d47ea4d0c67e14d3effb61feb10ae540a4381280c66265de5bd643?s=96&d=mm&r=g\",\"url\":\"https:\\\/\\\/secure.gravatar.com\\\/avatar\\\/7209d3f6d2d47ea4d0c67e14d3effb61feb10ae540a4381280c66265de5bd643?s=96&d=mm&r=g\",\"contentUrl\":\"https:\\\/\\\/secure.gravatar.com\\\/avatar\\\/7209d3f6d2d47ea4d0c67e14d3effb61feb10ae540a4381280c66265de5bd643?s=96&d=mm&r=g\",\"caption\":\"Roland AFFANOU\"},\"url\":\"https:\\\/\\\/lepatriotebenin.com\"}]}<\/script>\n<!-- \/ Yoast SEO plugin. -->","yoast_head_json":{"title":"CEP 2025 au B\u00e9nin\u00a0: Voici le calendrier de d\u00e9roulement des \u00e9preuves \u00e9crites, orales et sportives - Le Patriote","robots":{"index":"index","follow":"follow","max-snippet":"max-snippet:-1","max-image-preview":"max-image-preview:large","max-video-preview":"max-video-preview:-1"},"canonical":"https:\/\/lepatriotebenin.com\/index.php\/2025\/06\/02\/cep-2025-au-benin-voici-le-calendrier-de-deroulement-des-epreuves-ecrites-orales-et-sportives\/","og_locale":"fr_FR","og_type":"article","og_title":"CEP 2025 au B\u00e9nin\u00a0: Voici le calendrier de d\u00e9roulement des \u00e9preuves \u00e9crites, orales et sportives - Le Patriote","og_description":"&nbsp;Du lundi 02 au mercredi 04 juin 2025, 271.890 candidats dont 131.660 filles et 140.230 gar\u00e7ons composeront, dans 805 centres r\u00e9partis sur toute l\u2019\u00e9tendue du territoire national, pour l\u2019examen du&hellip;","og_url":"https:\/\/lepatriotebenin.com\/index.php\/2025\/06\/02\/cep-2025-au-benin-voici-le-calendrier-de-deroulement-des-epreuves-ecrites-orales-et-sportives\/","og_site_name":"Le Patriote","article_published_time":"2025-06-02T02:17:24+00:00","article_modified_time":"2025-06-02T02:17:26+00:00","og_image":[{"width":780,"height":560,"url":"https:\/\/lepatriotebenin.com\/wp-content\/uploads\/2025\/06\/cep-photos.jpg","type":"image\/jpeg"}],"author":"Roland AFFANOU","twitter_card":"summary_large_image","twitter_misc":{"\u00c9crit par":"Roland AFFANOU","Dur\u00e9e de lecture estim\u00e9e":"1 minute"},"schema":{"@context":"https:\/\/schema.org","@graph":[{"@type":"Article","@id":"https:\/\/lepatriotebenin.com\/index.php\/2025\/06\/02\/cep-2025-au-benin-voici-le-calendrier-de-deroulement-des-epreuves-ecrites-orales-et-sportives\/#article","isPartOf":{"@id":"https:\/\/lepatriotebenin.com\/index.php\/2025\/06\/02\/cep-2025-au-benin-voici-le-calendrier-de-deroulement-des-epreuves-ecrites-orales-et-sportives\/"},"author":{"name":"Roland AFFANOU","@id":"https:\/\/lepatriotebenin.com\/#\/schema\/person\/4a9b67216c97d04045e01405c534c91f"},"headline":"CEP 2025 au B\u00e9nin\u00a0: Voici le calendrier de d\u00e9roulement des \u00e9preuves \u00e9crites, orales et sportives","datePublished":"2025-06-02T02:17:24+00:00","dateModified":"2025-06-02T02:17:26+00:00","mainEntityOfPage":{"@id":"https:\/\/lepatriotebenin.com\/index.php\/2025\/06\/02\/cep-2025-au-benin-voici-le-calendrier-de-deroulement-des-epreuves-ecrites-orales-et-sportives\/"},"wordCount":118,"commentCount":0,"image":{"@id":"https:\/\/lepatriotebenin.com\/index.php\/2025\/06\/02\/cep-2025-au-benin-voici-le-calendrier-de-deroulement-des-epreuves-ecrites-orales-et-sportives\/#primaryimage"},"thumbnailUrl":"https:\/\/lepatriotebenin.com\/wp-content\/uploads\/2025\/06\/cep-photos.jpg","articleSection":["Soci\u00e9t\u00e9"],"inLanguage":"fr-FR","potentialAction":[{"@type":"CommentAction","name":"Comment","target":["https:\/\/lepatriotebenin.com\/index.php\/2025\/06\/02\/cep-2025-au-benin-voici-le-calendrier-de-deroulement-des-epreuves-ecrites-orales-et-sportives\/#respond"]}]},{"@type":"WebPage","@id":"https:\/\/lepatriotebenin.com\/index.php\/2025\/06\/02\/cep-2025-au-benin-voici-le-calendrier-de-deroulement-des-epreuves-ecrites-orales-et-sportives\/","url":"https:\/\/lepatriotebenin.com\/index.php\/2025\/06\/02\/cep-2025-au-benin-voici-le-calendrier-de-deroulement-des-epreuves-ecrites-orales-et-sportives\/","name":"CEP 2025 au B\u00e9nin\u00a0: Voici le calendrier de d\u00e9roulement des \u00e9preuves \u00e9crites, orales et sportives - Le Patriote","isPartOf":{"@id":"https:\/\/lepatriotebenin.com\/#website"},"primaryImageOfPage":{"@id":"https:\/\/lepatriotebenin.com\/index.php\/2025\/06\/02\/cep-2025-au-benin-voici-le-calendrier-de-deroulement-des-epreuves-ecrites-orales-et-sportives\/#primaryimage"},"image":{"@id":"https:\/\/lepatriotebenin.com\/index.php\/2025\/06\/02\/cep-2025-au-benin-voici-le-calendrier-de-deroulement-des-epreuves-ecrites-orales-et-sportives\/#primaryimage"},"thumbnailUrl":"https:\/\/lepatriotebenin.com\/wp-content\/uploads\/2025\/06\/cep-photos.jpg","datePublished":"2025-06-02T02:17:24+00:00","dateModified":"2025-06-02T02:17:26+00:00","author":{"@id":"https:\/\/lepatriotebenin.com\/#\/schema\/person\/4a9b67216c97d04045e01405c534c91f"},"breadcrumb":{"@id":"https:\/\/lepatriotebenin.com\/index.php\/2025\/06\/02\/cep-2025-au-benin-voici-le-calendrier-de-deroulement-des-epreuves-ecrites-orales-et-sportives\/#breadcrumb"},"inLanguage":"fr-FR","potentialAction":[{"@type":"ReadAction","target":["https:\/\/lepatriotebenin.com\/index.php\/2025\/06\/02\/cep-2025-au-benin-voici-le-calendrier-de-deroulement-des-epreuves-ecrites-orales-et-sportives\/"]}]},{"@type":"ImageObject","inLanguage":"fr-FR","@id":"https:\/\/lepatriotebenin.com\/index.php\/2025\/06\/02\/cep-2025-au-benin-voici-le-calendrier-de-deroulement-des-epreuves-ecrites-orales-et-sportives\/#primaryimage","url":"https:\/\/lepatriotebenin.com\/wp-content\/uploads\/2025\/06\/cep-photos.jpg","contentUrl":"https:\/\/lepatriotebenin.com\/wp-content\/uploads\/2025\/06\/cep-photos.jpg","width":780,"height":560},{"@type":"BreadcrumbList","@id":"https:\/\/lepatriotebenin.com\/index.php\/2025\/06\/02\/cep-2025-au-benin-voici-le-calendrier-de-deroulement-des-epreuves-ecrites-orales-et-sportives\/#breadcrumb","itemListElement":[{"@type":"ListItem","position":1,"name":"Accueil","item":"https:\/\/lepatriotebenin.com\/"},{"@type":"ListItem","position":2,"name":"CEP 2025 au B\u00e9nin\u00a0: Voici le calendrier de d\u00e9roulement des \u00e9preuves \u00e9crites, orales et sportives"}]},{"@type":"WebSite","@id":"https:\/\/lepatriotebenin.com\/#website","url":"https:\/\/lepatriotebenin.com\/","name":"Le Patriote","description":"Le Patriote B\u00e9nin","potentialAction":[{"@type":"SearchAction","target":{"@type":"EntryPoint","urlTemplate":"https:\/\/lepatriotebenin.com\/?s={search_term_string}"},"query-input":{"@type":"PropertyValueSpecification","valueRequired":true,"valueName":"search_term_string"}}],"inLanguage":"fr-FR"},{"@type":"Person","@id":"https:\/\/lepatriotebenin.com\/#\/schema\/person\/4a9b67216c97d04045e01405c534c91f","name":"Roland AFFANOU","image":{"@type":"ImageObject","inLanguage":"fr-FR","@id":"https:\/\/secure.gravatar.com\/avatar\/7209d3f6d2d47ea4d0c67e14d3effb61feb10ae540a4381280c66265de5bd643?s=96&d=mm&r=g","url":"https:\/\/secure.gravatar.com\/avatar\/7209d3f6d2d47ea4d0c67e14d3effb61feb10ae540a4381280c66265de5bd643?s=96&d=mm&r=g","contentUrl":"https:\/\/secure.gravatar.com\/avatar\/7209d3f6d2d47ea4d0c67e14d3effb61feb10ae540a4381280c66265de5bd643?s=96&d=mm&r=g","caption":"Roland AFFANOU"},"url":"https:\/\/lepatriotebenin.com"}]}},"_links":{"self":[{"href":"https:\/\/lepatriotebenin.com\/index.php\/wp-json\/wp\/v2\/posts\/10762","targetHints":{"allow":["GET"]}}],"collection":[{"href":"https:\/\/lepatriotebenin.com\/index.php\/wp-json\/wp\/v2\/posts"}],"about":[{"href":"https:\/\/lepatriotebenin.com\/index.php\/wp-json\/wp\/v2\/types\/post"}],"author":[{"embeddable":true,"href":"https:\/\/lepatriotebenin.com\/index.php\/wp-json\/wp\/v2\/users\/6"}],"replies":[{"embeddable":true,"href":"https:\/\/lepatriotebenin.com\/index.php\/wp-json\/wp\/v2\/comments?post=10762"}],"version-history":[{"count":1,"href":"https:\/\/lepatriotebenin.com\/index.php\/wp-json\/wp\/v2\/posts\/10762\/revisions"}],"predecessor-version":[{"id":10765,"href":"https:\/\/lepatriotebenin.com\/index.php\/wp-json\/wp\/v2\/posts\/10762\/revisions\/10765"}],"wp:featuredmedia":[{"embeddable":true,"href":"https:\/\/lepatriotebenin.com\/index.php\/wp-json\/wp\/v2\/media\/10763"}],"wp:attachment":[{"href":"https:\/\/lepatriotebenin.com\/index.php\/wp-json\/wp\/v2\/media?parent=10762"}],"wp:term":[{"taxonomy":"category","embeddable":true,"href":"https:\/\/lepatriotebenin.com\/index.php\/wp-json\/wp\/v2\/categories?post=10762"},{"taxonomy":"post_tag","embeddable":true,"href":"https:\/\/lepatriotebenin.com\/index.php\/wp-json\/wp\/v2\/tags?post=10762"}],"curies":[{"name":"wp","href":"https:\/\/api.w.org\/{rel}","templated":true}]}}