{"id":10757,"date":"2025-06-02T03:29:25","date_gmt":"2025-06-02T01:29:25","guid":{"rendered":"https:\/\/lepatriotebenin.com\/?p=10757"},"modified":"2025-06-02T03:31:36","modified_gmt":"2025-06-02T01:31:36","slug":"rappele-de-niamey-pour-consultation-lambassadeur-gildas-agonkan-limoge","status":"publish","type":"post","link":"https:\/\/lepatriotebenin.com\/index.php\/2025\/06\/02\/rappele-de-niamey-pour-consultation-lambassadeur-gildas-agonkan-limoge\/","title":{"rendered":"Rappel\u00e9 de Niamey pour consultation\u00a0: L\u2019ambassadeur Gildas Agonkan limog\u00e9"},"content":{"rendered":"\n<p>Au cours de son entretien accord\u00e9 \u00e0 la t\u00e9l\u00e9vision nationale nig\u00e9rienne, le G\u00e9n\u00e9ral <strong>Abdourahamane Tiani<\/strong> a \u00e9voqu\u00e9 une disparition des radars de l&rsquo;ambassadeur b\u00e9ninois, <strong>Gildas Agonkan<\/strong> apr\u00e8s sa demande d&rsquo;excuse formul\u00e9e au peuple nig\u00e9rien \u00e0 <strong>Gaya<\/strong>, au Nord du Niger. Sur le sujet, le minist\u00e8re b\u00e9ninois des affaires \u00e9trang\u00e8res, <strong>Olushegun Bakari<\/strong>, re\u00e7u dans l\u2019\u00e9mission \u00ab<strong>&nbsp;L\u2019entretien Grand format&nbsp;\u00bb <\/strong>de Bip Radio, ce <strong>dimanche 1<sup>er<\/sup> juin 2025,<\/strong>&nbsp; a fait certaines r\u00e9v\u00e9lations et annonce.<\/p>\n\n\n\n<p>Rappel\u00e9 de Niamey pour consultations suite aux excuses pr\u00e9sent\u00e9es au nom du B\u00e9nin dans la crise entre son pays et le Niger, l\u2019ambassadeur Gildas Agonkan est limog\u00e9. Le ministre des Affaires \u00e9trang\u00e8res a \u00e9t\u00e9 on ne peut plus clair\u00a0: \u00ab Monsieur Gildas Agonkan a \u00e9t\u00e9 rappel\u00e9. Dans les jours qui viennent, nous allons proc\u00e9der \u00e0 la nomination d\u2019un nouvel ambassadeur \u00bb<strong><em>.<\/em><\/strong><\/p>\n\n\n\n<p>Pour rappel, Gildas Agonkan\u00a0 avait \u00e9t\u00e9 rappel\u00e9 pour des propos qu\u2019il a tenus le <strong>1er f\u00e9vrier 2025<\/strong> lors d\u2019une c\u00e9r\u00e9monie de remise de dipl\u00f4me \u00e0 Gaya, dans le sud du Niger. <em>\u00ab Au nom de tous les B\u00e9ninois, au nom des autorit\u00e9s du B\u00e9nin, je voudrais demander pardon au peuple nig\u00e9rien parce que nous sommes des fr\u00e8res. Des choses graves se sont pass\u00e9es qui ont engendr\u00e9 des probl\u00e8mes ici au Niger, ici \u00e0 Gaya \u00bb,<\/em> a-t-il d\u00e9clar\u00e9. Ces propos ont \u00e9t\u00e9 mal per\u00e7us par les autorit\u00e9s b\u00e9ninoises car totalement\u00a0 en d\u00e9phasage \u00a0avec la ligne officielle du B\u00e9nin depuis le d\u00e9marrage de la crise. \u00a0Pr\u00e9cisons\u00a0 que \u00a0le \u00a0minist\u00e8re b\u00e9ninois des affaires \u00e9trang\u00e8res a annonc\u00e9 la nomination prochaine d&rsquo;un nouvel ambassadeur pr\u00e8s le Niger.\u00a0\u00a0<\/p>\n","protected":false},"excerpt":{"rendered":"<p>Au cours de son entretien accord\u00e9 \u00e0 la t\u00e9l\u00e9vision nationale nig\u00e9rienne, le G\u00e9n\u00e9ral Abdourahamane Tiani a \u00e9voqu\u00e9 une disparition des radars de l&rsquo;ambassadeur b\u00e9ninois, Gildas Agonkan apr\u00e8s sa demande d&rsquo;excuse&hellip;<\/p>\n","protected":false},"author":6,"featured_media":10758,"comment_status":"open","ping_status":"open","sticky":false,"template":"","format":"standard","meta":{"content-type":"","om_disable_all_campaigns":false,"_monsterinsights_skip_tracking":false,"_monsterinsights_sitenote_active":false,"_monsterinsights_sitenote_note":"","_monsterinsights_sitenote_category":0,"_uf_show_specific_survey":0,"_uf_disable_surveys":false,"footnotes":""},"categories":[26],"tags":[],"class_list":["post-10757","post","type-post","status-publish","format-standard","has-post-thumbnail","hentry","category-politique"],"aioseo_notices":[],"yoast_head":"<!-- This site is optimized with the Yoast SEO plugin v27.5 - https:\/\/yoast.com\/product\/yoast-seo-wordpress\/ -->\n<title>Rappel\u00e9 de Niamey pour consultation\u00a0: L\u2019ambassadeur Gildas Agonkan limog\u00e9 - Le Patriote<\/title>\n<meta name=\"robots\" content=\"index, follow, max-snippet:-1, max-image-preview:large, max-video-preview:-1\" \/>\n<link rel=\"canonical\" href=\"https:\/\/lepatriotebenin.com\/index.php\/2025\/06\/02\/rappele-de-niamey-pour-consultation-lambassadeur-gildas-agonkan-limoge\/\" \/>\n<meta property=\"og:locale\" content=\"fr_FR\" \/>\n<meta property=\"og:type\" content=\"article\" \/>\n<meta property=\"og:title\" content=\"Rappel\u00e9 de Niamey pour consultation\u00a0: L\u2019ambassadeur Gildas Agonkan limog\u00e9 - Le Patriote\" \/>\n<meta property=\"og:description\" content=\"Au cours de son entretien accord\u00e9 \u00e0 la t\u00e9l\u00e9vision nationale nig\u00e9rienne, le G\u00e9n\u00e9ral Abdourahamane Tiani a \u00e9voqu\u00e9 une disparition des radars de l&rsquo;ambassadeur b\u00e9ninois, Gildas Agonkan apr\u00e8s sa demande d&rsquo;excuse&hellip;\" \/>\n<meta property=\"og:url\" content=\"https:\/\/lepatriotebenin.com\/index.php\/2025\/06\/02\/rappele-de-niamey-pour-consultation-lambassadeur-gildas-agonkan-limoge\/\" \/>\n<meta property=\"og:site_name\" content=\"Le Patriote\" \/>\n<meta property=\"article:published_time\" content=\"2025-06-02T01:29:25+00:00\" \/>\n<meta property=\"article:modified_time\" content=\"2025-06-02T01:31:36+00:00\" \/>\n<meta property=\"og:image\" content=\"https:\/\/lepatriotebenin.com\/wp-content\/uploads\/2025\/06\/agonkan-djoklosku.jpg\" \/>\n\t<meta property=\"og:image:width\" content=\"720\" \/>\n\t<meta property=\"og:image:height\" content=\"720\" \/>\n\t<meta property=\"og:image:type\" content=\"image\/jpeg\" \/>\n<meta name=\"author\" content=\"Roland AFFANOU\" \/>\n<meta name=\"twitter:card\" content=\"summary_large_image\" \/>\n<meta name=\"twitter:label1\" content=\"\u00c9crit par\" \/>\n\t<meta name=\"twitter:data1\" content=\"Roland AFFANOU\" \/>\n\t<meta name=\"twitter:label2\" content=\"Dur\u00e9e de lecture estim\u00e9e\" \/>\n\t<meta name=\"twitter:data2\" content=\"2 minutes\" \/>\n<script type=\"application\/ld+json\" class=\"yoast-schema-graph\">{\"@context\":\"https:\\\/\\\/schema.org\",\"@graph\":[{\"@type\":\"Article\",\"@id\":\"https:\\\/\\\/lepatriotebenin.com\\\/index.php\\\/2025\\\/06\\\/02\\\/rappele-de-niamey-pour-consultation-lambassadeur-gildas-agonkan-limoge\\\/#article\",\"isPartOf\":{\"@id\":\"https:\\\/\\\/lepatriotebenin.com\\\/index.php\\\/2025\\\/06\\\/02\\\/rappele-de-niamey-pour-consultation-lambassadeur-gildas-agonkan-limoge\\\/\"},\"author\":{\"name\":\"Roland AFFANOU\",\"@id\":\"https:\\\/\\\/lepatriotebenin.com\\\/#\\\/schema\\\/person\\\/4a9b67216c97d04045e01405c534c91f\"},\"headline\":\"Rappel\u00e9 de Niamey pour consultation\u00a0: L\u2019ambassadeur Gildas Agonkan limog\u00e9\",\"datePublished\":\"2025-06-02T01:29:25+00:00\",\"dateModified\":\"2025-06-02T01:31:36+00:00\",\"mainEntityOfPage\":{\"@id\":\"https:\\\/\\\/lepatriotebenin.com\\\/index.php\\\/2025\\\/06\\\/02\\\/rappele-de-niamey-pour-consultation-lambassadeur-gildas-agonkan-limoge\\\/\"},\"wordCount\":308,\"commentCount\":0,\"image\":{\"@id\":\"https:\\\/\\\/lepatriotebenin.com\\\/index.php\\\/2025\\\/06\\\/02\\\/rappele-de-niamey-pour-consultation-lambassadeur-gildas-agonkan-limoge\\\/#primaryimage\"},\"thumbnailUrl\":\"https:\\\/\\\/lepatriotebenin.com\\\/wp-content\\\/uploads\\\/2025\\\/06\\\/agonkan-djoklosku.jpg\",\"articleSection\":[\"Politique\"],\"inLanguage\":\"fr-FR\",\"potentialAction\":[{\"@type\":\"CommentAction\",\"name\":\"Comment\",\"target\":[\"https:\\\/\\\/lepatriotebenin.com\\\/index.php\\\/2025\\\/06\\\/02\\\/rappele-de-niamey-pour-consultation-lambassadeur-gildas-agonkan-limoge\\\/#respond\"]}]},{\"@type\":\"WebPage\",\"@id\":\"https:\\\/\\\/lepatriotebenin.com\\\/index.php\\\/2025\\\/06\\\/02\\\/rappele-de-niamey-pour-consultation-lambassadeur-gildas-agonkan-limoge\\\/\",\"url\":\"https:\\\/\\\/lepatriotebenin.com\\\/index.php\\\/2025\\\/06\\\/02\\\/rappele-de-niamey-pour-consultation-lambassadeur-gildas-agonkan-limoge\\\/\",\"name\":\"Rappel\u00e9 de Niamey pour consultation\u00a0: L\u2019ambassadeur Gildas Agonkan limog\u00e9 - Le Patriote\",\"isPartOf\":{\"@id\":\"https:\\\/\\\/lepatriotebenin.com\\\/#website\"},\"primaryImageOfPage\":{\"@id\":\"https:\\\/\\\/lepatriotebenin.com\\\/index.php\\\/2025\\\/06\\\/02\\\/rappele-de-niamey-pour-consultation-lambassadeur-gildas-agonkan-limoge\\\/#primaryimage\"},\"image\":{\"@id\":\"https:\\\/\\\/lepatriotebenin.com\\\/index.php\\\/2025\\\/06\\\/02\\\/rappele-de-niamey-pour-consultation-lambassadeur-gildas-agonkan-limoge\\\/#primaryimage\"},\"thumbnailUrl\":\"https:\\\/\\\/lepatriotebenin.com\\\/wp-content\\\/uploads\\\/2025\\\/06\\\/agonkan-djoklosku.jpg\",\"datePublished\":\"2025-06-02T01:29:25+00:00\",\"dateModified\":\"2025-06-02T01:31:36+00:00\",\"author\":{\"@id\":\"https:\\\/\\\/lepatriotebenin.com\\\/#\\\/schema\\\/person\\\/4a9b67216c97d04045e01405c534c91f\"},\"breadcrumb\":{\"@id\":\"https:\\\/\\\/lepatriotebenin.com\\\/index.php\\\/2025\\\/06\\\/02\\\/rappele-de-niamey-pour-consultation-lambassadeur-gildas-agonkan-limoge\\\/#breadcrumb\"},\"inLanguage\":\"fr-FR\",\"potentialAction\":[{\"@type\":\"ReadAction\",\"target\":[\"https:\\\/\\\/lepatriotebenin.com\\\/index.php\\\/2025\\\/06\\\/02\\\/rappele-de-niamey-pour-consultation-lambassadeur-gildas-agonkan-limoge\\\/\"]}]},{\"@type\":\"ImageObject\",\"inLanguage\":\"fr-FR\",\"@id\":\"https:\\\/\\\/lepatriotebenin.com\\\/index.php\\\/2025\\\/06\\\/02\\\/rappele-de-niamey-pour-consultation-lambassadeur-gildas-agonkan-limoge\\\/#primaryimage\",\"url\":\"https:\\\/\\\/lepatriotebenin.com\\\/wp-content\\\/uploads\\\/2025\\\/06\\\/agonkan-djoklosku.jpg\",\"contentUrl\":\"https:\\\/\\\/lepatriotebenin.com\\\/wp-content\\\/uploads\\\/2025\\\/06\\\/agonkan-djoklosku.jpg\",\"width\":720,\"height\":720},{\"@type\":\"BreadcrumbList\",\"@id\":\"https:\\\/\\\/lepatriotebenin.com\\\/index.php\\\/2025\\\/06\\\/02\\\/rappele-de-niamey-pour-consultation-lambassadeur-gildas-agonkan-limoge\\\/#breadcrumb\",\"itemListElement\":[{\"@type\":\"ListItem\",\"position\":1,\"name\":\"Accueil\",\"item\":\"https:\\\/\\\/lepatriotebenin.com\\\/\"},{\"@type\":\"ListItem\",\"position\":2,\"name\":\"Rappel\u00e9 de Niamey pour consultation\u00a0: L\u2019ambassadeur Gildas Agonkan limog\u00e9\"}]},{\"@type\":\"WebSite\",\"@id\":\"https:\\\/\\\/lepatriotebenin.com\\\/#website\",\"url\":\"https:\\\/\\\/lepatriotebenin.com\\\/\",\"name\":\"Le Patriote\",\"description\":\"Le Patriote B\u00e9nin\",\"potentialAction\":[{\"@type\":\"SearchAction\",\"target\":{\"@type\":\"EntryPoint\",\"urlTemplate\":\"https:\\\/\\\/lepatriotebenin.com\\\/?s={search_term_string}\"},\"query-input\":{\"@type\":\"PropertyValueSpecification\",\"valueRequired\":true,\"valueName\":\"search_term_string\"}}],\"inLanguage\":\"fr-FR\"},{\"@type\":\"Person\",\"@id\":\"https:\\\/\\\/lepatriotebenin.com\\\/#\\\/schema\\\/person\\\/4a9b67216c97d04045e01405c534c91f\",\"name\":\"Roland AFFANOU\",\"image\":{\"@type\":\"ImageObject\",\"inLanguage\":\"fr-FR\",\"@id\":\"https:\\\/\\\/secure.gravatar.com\\\/avatar\\\/7209d3f6d2d47ea4d0c67e14d3effb61feb10ae540a4381280c66265de5bd643?s=96&d=mm&r=g\",\"url\":\"https:\\\/\\\/secure.gravatar.com\\\/avatar\\\/7209d3f6d2d47ea4d0c67e14d3effb61feb10ae540a4381280c66265de5bd643?s=96&d=mm&r=g\",\"contentUrl\":\"https:\\\/\\\/secure.gravatar.com\\\/avatar\\\/7209d3f6d2d47ea4d0c67e14d3effb61feb10ae540a4381280c66265de5bd643?s=96&d=mm&r=g\",\"caption\":\"Roland AFFANOU\"},\"url\":\"https:\\\/\\\/lepatriotebenin.com\"}]}<\/script>\n<!-- \/ Yoast SEO plugin. -->","yoast_head_json":{"title":"Rappel\u00e9 de Niamey pour consultation\u00a0: L\u2019ambassadeur Gildas Agonkan limog\u00e9 - Le Patriote","robots":{"index":"index","follow":"follow","max-snippet":"max-snippet:-1","max-image-preview":"max-image-preview:large","max-video-preview":"max-video-preview:-1"},"canonical":"https:\/\/lepatriotebenin.com\/index.php\/2025\/06\/02\/rappele-de-niamey-pour-consultation-lambassadeur-gildas-agonkan-limoge\/","og_locale":"fr_FR","og_type":"article","og_title":"Rappel\u00e9 de Niamey pour consultation\u00a0: L\u2019ambassadeur Gildas Agonkan limog\u00e9 - Le Patriote","og_description":"Au cours de son entretien accord\u00e9 \u00e0 la t\u00e9l\u00e9vision nationale nig\u00e9rienne, le G\u00e9n\u00e9ral Abdourahamane Tiani a \u00e9voqu\u00e9 une disparition des radars de l&rsquo;ambassadeur b\u00e9ninois, Gildas Agonkan apr\u00e8s sa demande d&rsquo;excuse&hellip;","og_url":"https:\/\/lepatriotebenin.com\/index.php\/2025\/06\/02\/rappele-de-niamey-pour-consultation-lambassadeur-gildas-agonkan-limoge\/","og_site_name":"Le Patriote","article_published_time":"2025-06-02T01:29:25+00:00","article_modified_time":"2025-06-02T01:31:36+00:00","og_image":[{"width":720,"height":720,"url":"https:\/\/lepatriotebenin.com\/wp-content\/uploads\/2025\/06\/agonkan-djoklosku.jpg","type":"image\/jpeg"}],"author":"Roland AFFANOU","twitter_card":"summary_large_image","twitter_misc":{"\u00c9crit par":"Roland AFFANOU","Dur\u00e9e de lecture estim\u00e9e":"2 minutes"},"schema":{"@context":"https:\/\/schema.org","@graph":[{"@type":"Article","@id":"https:\/\/lepatriotebenin.com\/index.php\/2025\/06\/02\/rappele-de-niamey-pour-consultation-lambassadeur-gildas-agonkan-limoge\/#article","isPartOf":{"@id":"https:\/\/lepatriotebenin.com\/index.php\/2025\/06\/02\/rappele-de-niamey-pour-consultation-lambassadeur-gildas-agonkan-limoge\/"},"author":{"name":"Roland AFFANOU","@id":"https:\/\/lepatriotebenin.com\/#\/schema\/person\/4a9b67216c97d04045e01405c534c91f"},"headline":"Rappel\u00e9 de Niamey pour consultation\u00a0: L\u2019ambassadeur Gildas Agonkan limog\u00e9","datePublished":"2025-06-02T01:29:25+00:00","dateModified":"2025-06-02T01:31:36+00:00","mainEntityOfPage":{"@id":"https:\/\/lepatriotebenin.com\/index.php\/2025\/06\/02\/rappele-de-niamey-pour-consultation-lambassadeur-gildas-agonkan-limoge\/"},"wordCount":308,"commentCount":0,"image":{"@id":"https:\/\/lepatriotebenin.com\/index.php\/2025\/06\/02\/rappele-de-niamey-pour-consultation-lambassadeur-gildas-agonkan-limoge\/#primaryimage"},"thumbnailUrl":"https:\/\/lepatriotebenin.com\/wp-content\/uploads\/2025\/06\/agonkan-djoklosku.jpg","articleSection":["Politique"],"inLanguage":"fr-FR","potentialAction":[{"@type":"CommentAction","name":"Comment","target":["https:\/\/lepatriotebenin.com\/index.php\/2025\/06\/02\/rappele-de-niamey-pour-consultation-lambassadeur-gildas-agonkan-limoge\/#respond"]}]},{"@type":"WebPage","@id":"https:\/\/lepatriotebenin.com\/index.php\/2025\/06\/02\/rappele-de-niamey-pour-consultation-lambassadeur-gildas-agonkan-limoge\/","url":"https:\/\/lepatriotebenin.com\/index.php\/2025\/06\/02\/rappele-de-niamey-pour-consultation-lambassadeur-gildas-agonkan-limoge\/","name":"Rappel\u00e9 de Niamey pour consultation\u00a0: L\u2019ambassadeur Gildas Agonkan limog\u00e9 - Le Patriote","isPartOf":{"@id":"https:\/\/lepatriotebenin.com\/#website"},"primaryImageOfPage":{"@id":"https:\/\/lepatriotebenin.com\/index.php\/2025\/06\/02\/rappele-de-niamey-pour-consultation-lambassadeur-gildas-agonkan-limoge\/#primaryimage"},"image":{"@id":"https:\/\/lepatriotebenin.com\/index.php\/2025\/06\/02\/rappele-de-niamey-pour-consultation-lambassadeur-gildas-agonkan-limoge\/#primaryimage"},"thumbnailUrl":"https:\/\/lepatriotebenin.com\/wp-content\/uploads\/2025\/06\/agonkan-djoklosku.jpg","datePublished":"2025-06-02T01:29:25+00:00","dateModified":"2025-06-02T01:31:36+00:00","author":{"@id":"https:\/\/lepatriotebenin.com\/#\/schema\/person\/4a9b67216c97d04045e01405c534c91f"},"breadcrumb":{"@id":"https:\/\/lepatriotebenin.com\/index.php\/2025\/06\/02\/rappele-de-niamey-pour-consultation-lambassadeur-gildas-agonkan-limoge\/#breadcrumb"},"inLanguage":"fr-FR","potentialAction":[{"@type":"ReadAction","target":["https:\/\/lepatriotebenin.com\/index.php\/2025\/06\/02\/rappele-de-niamey-pour-consultation-lambassadeur-gildas-agonkan-limoge\/"]}]},{"@type":"ImageObject","inLanguage":"fr-FR","@id":"https:\/\/lepatriotebenin.com\/index.php\/2025\/06\/02\/rappele-de-niamey-pour-consultation-lambassadeur-gildas-agonkan-limoge\/#primaryimage","url":"https:\/\/lepatriotebenin.com\/wp-content\/uploads\/2025\/06\/agonkan-djoklosku.jpg","contentUrl":"https:\/\/lepatriotebenin.com\/wp-content\/uploads\/2025\/06\/agonkan-djoklosku.jpg","width":720,"height":720},{"@type":"BreadcrumbList","@id":"https:\/\/lepatriotebenin.com\/index.php\/2025\/06\/02\/rappele-de-niamey-pour-consultation-lambassadeur-gildas-agonkan-limoge\/#breadcrumb","itemListElement":[{"@type":"ListItem","position":1,"name":"Accueil","item":"https:\/\/lepatriotebenin.com\/"},{"@type":"ListItem","position":2,"name":"Rappel\u00e9 de Niamey pour consultation\u00a0: L\u2019ambassadeur Gildas Agonkan limog\u00e9"}]},{"@type":"WebSite","@id":"https:\/\/lepatriotebenin.com\/#website","url":"https:\/\/lepatriotebenin.com\/","name":"Le Patriote","description":"Le Patriote B\u00e9nin","potentialAction":[{"@type":"SearchAction","target":{"@type":"EntryPoint","urlTemplate":"https:\/\/lepatriotebenin.com\/?s={search_term_string}"},"query-input":{"@type":"PropertyValueSpecification","valueRequired":true,"valueName":"search_term_string"}}],"inLanguage":"fr-FR"},{"@type":"Person","@id":"https:\/\/lepatriotebenin.com\/#\/schema\/person\/4a9b67216c97d04045e01405c534c91f","name":"Roland AFFANOU","image":{"@type":"ImageObject","inLanguage":"fr-FR","@id":"https:\/\/secure.gravatar.com\/avatar\/7209d3f6d2d47ea4d0c67e14d3effb61feb10ae540a4381280c66265de5bd643?s=96&d=mm&r=g","url":"https:\/\/secure.gravatar.com\/avatar\/7209d3f6d2d47ea4d0c67e14d3effb61feb10ae540a4381280c66265de5bd643?s=96&d=mm&r=g","contentUrl":"https:\/\/secure.gravatar.com\/avatar\/7209d3f6d2d47ea4d0c67e14d3effb61feb10ae540a4381280c66265de5bd643?s=96&d=mm&r=g","caption":"Roland AFFANOU"},"url":"https:\/\/lepatriotebenin.com"}]}},"_links":{"self":[{"href":"https:\/\/lepatriotebenin.com\/index.php\/wp-json\/wp\/v2\/posts\/10757","targetHints":{"allow":["GET"]}}],"collection":[{"href":"https:\/\/lepatriotebenin.com\/index.php\/wp-json\/wp\/v2\/posts"}],"about":[{"href":"https:\/\/lepatriotebenin.com\/index.php\/wp-json\/wp\/v2\/types\/post"}],"author":[{"embeddable":true,"href":"https:\/\/lepatriotebenin.com\/index.php\/wp-json\/wp\/v2\/users\/6"}],"replies":[{"embeddable":true,"href":"https:\/\/lepatriotebenin.com\/index.php\/wp-json\/wp\/v2\/comments?post=10757"}],"version-history":[{"count":2,"href":"https:\/\/lepatriotebenin.com\/index.php\/wp-json\/wp\/v2\/posts\/10757\/revisions"}],"predecessor-version":[{"id":10761,"href":"https:\/\/lepatriotebenin.com\/index.php\/wp-json\/wp\/v2\/posts\/10757\/revisions\/10761"}],"wp:featuredmedia":[{"embeddable":true,"href":"https:\/\/lepatriotebenin.com\/index.php\/wp-json\/wp\/v2\/media\/10758"}],"wp:attachment":[{"href":"https:\/\/lepatriotebenin.com\/index.php\/wp-json\/wp\/v2\/media?parent=10757"}],"wp:term":[{"taxonomy":"category","embeddable":true,"href":"https:\/\/lepatriotebenin.com\/index.php\/wp-json\/wp\/v2\/categories?post=10757"},{"taxonomy":"post_tag","embeddable":true,"href":"https:\/\/lepatriotebenin.com\/index.php\/wp-json\/wp\/v2\/tags?post=10757"}],"curies":[{"name":"wp","href":"https:\/\/api.w.org\/{rel}","templated":true}]}}