{"id":10330,"date":"2025-01-13T02:29:56","date_gmt":"2025-01-13T01:29:56","guid":{"rendered":"https:\/\/lepatriotebenin.com\/?p=10330"},"modified":"2025-01-13T02:29:57","modified_gmt":"2025-01-13T01:29:57","slug":"10eme-anniversaire-de-creation-de-la-paroisse-st-joseph-de-doume-les-democrates-honorent-levenement","status":"publish","type":"post","link":"https:\/\/lepatriotebenin.com\/index.php\/2025\/01\/13\/10eme-anniversaire-de-creation-de-la-paroisse-st-joseph-de-doume-les-democrates-honorent-levenement\/","title":{"rendered":"10\u00e8me anniversaire de cr\u00e9ation de la paroisse St Joseph de Doum\u00e9 : Les d\u00e9mocrates honorent l\u2019\u00e9v\u00e9nement"},"content":{"rendered":"\n<p><strong>(Monseigneur Fran\u00e7ois Gnonhossou d\u00e9nonce le mutisme des autorit\u00e9s face aux attaques terroristes)<\/strong><\/p>\n\n\n\n<p>La <strong>paroisse St Joseph<\/strong> de <strong>Doum\u00e9 <\/strong>f\u00eate ses 10 ans d\u2019existence ce <strong>dimanche 12 Janvier 2025.<\/strong> A l\u2019occasion, une forte d\u00e9l\u00e9gation du parti Les D\u00e9mocrates \u00e9tait aux c\u00f4t\u00e9s des fid\u00e8les catholiques de ladite paroisse pour c\u00e9l\u00e9brer cette m\u00e9morable journ\u00e9e. La messe initi\u00e9e \u00e0 cet effet a \u00e9t\u00e9 dite par l\u2019\u00e9v\u00eaque de <strong>Dassa-Zoum\u00e9<\/strong>, Monseigneur <strong>Fran\u00e7ois<\/strong> <strong>Gnonhossou.<\/strong> Conduite par le pr\u00e9sident <strong>Nour\u00e9nou Atchad\u00e9 <\/strong>et ses coll\u00e8gues, honorables <strong>L\u00e9on F. Degny et \u00c9lise A\u00efh\u00e8<\/strong> de la 9\u00e8me circonscription \u00e9lectorale, la d\u00e9l\u00e9gation a assist\u00e9 de bout en bout au culte au cours duquel l\u2019\u00e9v\u00eaque c\u00e9l\u00e9brant a salu\u00e9 la m\u00e9moire des victimes de l\u2019attaque terroriste du <strong>mercredi 08 Janvier 2025.<\/strong> C\u2019est un jour de joie. Mais cette joie est teint\u00e9e de tristesse car beaucoup de b\u00e9ninois en mission pour la R\u00e9publique ont perdu la vie suite \u00e0 une \u00e9ni\u00e8me attaque terroriste, se d\u00e9sole l\u2019\u00e9v\u00eaque.<\/p>\n\n\n\n<p>&nbsp;Dans une col\u00e8re noire \u00e0 peine voil\u00e9e, ce dernier exige la v\u00e9rit\u00e9 sur les nombreuses trag\u00e9dies qui frappent le B\u00e9nin depuis quelques mois, sinon depuis quelques jours. Dans son hom\u00e9lie emprunte d\u2019amour et d\u2019exhortation, l\u2019\u00e9v\u00eaque Fran\u00e7ois Gnonhossou d\u00e9plore le mutisme qui est entretenu autour de la trag\u00e9die qui frappe le pays depuis le Nord B\u00e9nin jusqu\u2019au Sud avec \u00e0 la cl\u00e9 des morts.&nbsp; <em>\u00abAilleurs quand le drame nous surprend on suspend tout.. Nous devons apprendre \u00e0 donner de la valeur \u00e0 la dignit\u00e9 humaine, \u00e0 l\u2019homme, o\u00f9 qu\u2019il soit qui qu\u2019il soit..\u00bb,<\/em> a dit l\u2019\u00e9v\u00eaque avant d\u2019appeler les b\u00e9ninois \u00e0 promouvoir l\u2019amour surtout ceux qui d\u00e9tiennent ne serait-ce qu\u2019une petite portion de pouvoir. Car, mart\u00e8le-t-il, aucun pouvoir ne peut durer \u00e9ternellement et aucun dirigeant ne peut opprimer son peuple \u00e9ternellement. <em>\u00ab Notre pays traverse des moments tr\u00e8s difficiles.\u00bb,<\/em> soutient le pr\u00e9sident Nour\u00e9nou Atchad\u00e9 <em>\u00abNous avons mal commenc\u00e9 l\u2019ann\u00e9e 2025.\u00bb,<\/em> ajoute-t-il . Ce dernier comme le pr\u00e9sident du parti Les D\u00e9mocrates, le docteur <strong>Boni Yayi<\/strong>, demande aux b\u00e9ninois de je\u00fbner et de prier afin que le Tout Puissant sauve le B\u00e9nin. Le Vice-Pr\u00e9sident Nourenou Atchad\u00e9 a pri\u00e9 pour l\u2019\u00c9glise catholique qui ne cesse de s\u2019investir pour la paix et la d\u00e9mocratie r\u00e8gne au B\u00e9nin. A l\u2019\u00c9glise catholique St Joseph de Doum\u00e9 ce dimanche, l\u2019honorable L\u00e9on Degny a implor\u00e9 la cl\u00e9mence divine afin que le B\u00e9nin et son peuple soient lib\u00e9r\u00e9s de l\u2019esclavagisme.<em> \u00abSi le peuple n\u2019a pas la paix, le pr\u00e9sident ne le sera non plus \u00bb, <\/em>fait-il savoir avant d\u2019appeler \u00e0 la mobilisation, \u00e0&nbsp; l\u2019union et \u00e0 la pri\u00e8re pour le bien de ce pays. L\u2019honorable Elise A\u00efh\u00e8 quant \u00e0 elle a, du haut de la tribune, fait pleuvoir \u00e0 travers les pri\u00e8res, de la b\u00e9n\u00e9diction sur les femmes de Doum\u00e9 \u00e0 qui elle demande courage et abn\u00e9gation. A la fin du culte, une collette de fonds a \u00e9t\u00e9 organis\u00e9e pour la construction de l\u2019\u00c9glise avec une grande contribution de la d\u00e9l\u00e9gation du parti de la flamme.<\/p>\n\n\n\n<p>Avant d\u2019aller \u00e0 l\u2019\u00c9glise, cette d\u00e9l\u00e9gation a d\u2019ailleurs \u00e9t\u00e9 faite \u00a0ses civilit\u00e9s \u00e0 sa majest\u00e9 <strong>Oy\u00e9 Bal\u00e9,<\/strong> roi de Doum\u00e9. \u00a0Aux c\u00f4t\u00e9s des honorables L\u00e9on Degny et \u00c9lise A\u00efh\u00e8 ainsi que du pr\u00e9sident Nour\u00e9nou Atchad\u00e9 et le DG <strong>Awo Salifou<\/strong>, tous parrains de la c\u00e9l\u00e9bration du 10\u00e8me anniversaire de la paroisse. On peut reconna\u00eetre le DG <strong>Idrissou Djiman,<\/strong> le professeur <strong>C\u00e9lestin Gbaguidi<\/strong>, le DG <strong>Mohamed Atch\u00e9houn, <\/strong>madam<strong>e Rafatou Kokoko<\/strong>, le tr\u00e9sorier g\u00e9n\u00e9ral de la coordination LD de la 9\u00e8me <strong>Barth\u00e9l\u00e9my Tam\u00e8gnon, Marcelin Abiola N\u2019Tch\u00e8<\/strong> membre de la coordination LD de la 9\u00e8me, <strong>Franck Kassingn<\/strong>in troisi\u00e8me titulaire LD dans la 9\u00e8me aux derni\u00e8re l\u00e9gislatives, Monsieur <strong>Augustin Cakpo<\/strong> Chi-Chi, le coordonnateur communal LD de Savalou, le coordonnateur d\u2019arrondissement de Bant\u00e8 <strong>Hospice Laourou<\/strong>,\u00a0 sans oublier des coordonnateurs d\u2019arrondissements de Savalou.<\/p>\n\n\n\n<figure class=\"wp-block-image size-full\"><img fetchpriority=\"high\" decoding=\"async\" width=\"988\" height=\"456\" src=\"https:\/\/lepatriotebenin.com\/wp-content\/uploads\/2025\/01\/bante-1.jpg\" alt=\"\" class=\"wp-image-10332\" srcset=\"https:\/\/lepatriotebenin.com\/wp-content\/uploads\/2025\/01\/bante-1.jpg 988w, https:\/\/lepatriotebenin.com\/wp-content\/uploads\/2025\/01\/bante-1-300x138.jpg 300w, https:\/\/lepatriotebenin.com\/wp-content\/uploads\/2025\/01\/bante-1-768x354.jpg 768w, https:\/\/lepatriotebenin.com\/wp-content\/uploads\/2025\/01\/bante-1-585x270.jpg 585w\" sizes=\"(max-width: 988px) 100vw, 988px\" \/><\/figure>\n\n\n\n<figure class=\"wp-block-image size-full\"><img decoding=\"async\" width=\"988\" height=\"456\" src=\"https:\/\/lepatriotebenin.com\/wp-content\/uploads\/2025\/01\/bante-1-1.jpg\" alt=\"\" class=\"wp-image-10333\" srcset=\"https:\/\/lepatriotebenin.com\/wp-content\/uploads\/2025\/01\/bante-1-1.jpg 988w, https:\/\/lepatriotebenin.com\/wp-content\/uploads\/2025\/01\/bante-1-1-300x138.jpg 300w, https:\/\/lepatriotebenin.com\/wp-content\/uploads\/2025\/01\/bante-1-1-768x354.jpg 768w, https:\/\/lepatriotebenin.com\/wp-content\/uploads\/2025\/01\/bante-1-1-585x270.jpg 585w\" sizes=\"(max-width: 988px) 100vw, 988px\" \/><\/figure>\n","protected":false},"excerpt":{"rendered":"<p>(Monseigneur Fran\u00e7ois Gnonhossou d\u00e9nonce le mutisme des autorit\u00e9s face aux attaques terroristes) La paroisse St Joseph de Doum\u00e9 f\u00eate ses 10 ans d\u2019existence ce dimanche 12 Janvier 2025. A l\u2019occasion,&hellip;<\/p>\n","protected":false},"author":12,"featured_media":10331,"comment_status":"open","ping_status":"open","sticky":false,"template":"","format":"standard","meta":{"content-type":"","om_disable_all_campaigns":false,"_monsterinsights_skip_tracking":false,"_monsterinsights_sitenote_active":false,"_monsterinsights_sitenote_note":"","_monsterinsights_sitenote_category":0,"_uf_show_specific_survey":0,"_uf_disable_surveys":false,"footnotes":""},"categories":[26],"tags":[],"class_list":["post-10330","post","type-post","status-publish","format-standard","has-post-thumbnail","hentry","category-politique"],"aioseo_notices":[],"yoast_head":"<!-- This site is optimized with the Yoast SEO plugin v27.5 - https:\/\/yoast.com\/product\/yoast-seo-wordpress\/ -->\n<title>10\u00e8me anniversaire de cr\u00e9ation de la paroisse St Joseph de Doum\u00e9 : Les d\u00e9mocrates honorent l\u2019\u00e9v\u00e9nement - Le Patriote<\/title>\n<meta name=\"robots\" content=\"index, follow, max-snippet:-1, max-image-preview:large, max-video-preview:-1\" \/>\n<link rel=\"canonical\" href=\"https:\/\/lepatriotebenin.com\/index.php\/2025\/01\/13\/10eme-anniversaire-de-creation-de-la-paroisse-st-joseph-de-doume-les-democrates-honorent-levenement\/\" \/>\n<meta property=\"og:locale\" content=\"fr_FR\" \/>\n<meta property=\"og:type\" content=\"article\" \/>\n<meta property=\"og:title\" content=\"10\u00e8me anniversaire de cr\u00e9ation de la paroisse St Joseph de Doum\u00e9 : Les d\u00e9mocrates honorent l\u2019\u00e9v\u00e9nement - Le Patriote\" \/>\n<meta property=\"og:description\" content=\"(Monseigneur Fran\u00e7ois Gnonhossou d\u00e9nonce le mutisme des autorit\u00e9s face aux attaques terroristes) La paroisse St Joseph de Doum\u00e9 f\u00eate ses 10 ans d\u2019existence ce dimanche 12 Janvier 2025. A l\u2019occasion,&hellip;\" \/>\n<meta property=\"og:url\" content=\"https:\/\/lepatriotebenin.com\/index.php\/2025\/01\/13\/10eme-anniversaire-de-creation-de-la-paroisse-st-joseph-de-doume-les-democrates-honorent-levenement\/\" \/>\n<meta property=\"og:site_name\" content=\"Le Patriote\" \/>\n<meta property=\"article:published_time\" content=\"2025-01-13T01:29:56+00:00\" \/>\n<meta property=\"article:modified_time\" content=\"2025-01-13T01:29:57+00:00\" \/>\n<meta property=\"og:image\" content=\"https:\/\/lepatriotebenin.com\/wp-content\/uploads\/2025\/01\/bante.jpg\" \/>\n\t<meta property=\"og:image:width\" content=\"988\" \/>\n\t<meta property=\"og:image:height\" content=\"456\" \/>\n\t<meta property=\"og:image:type\" content=\"image\/jpeg\" \/>\n<meta name=\"author\" content=\"Comlan Paul ODAH\" \/>\n<meta name=\"twitter:card\" content=\"summary_large_image\" \/>\n<meta name=\"twitter:label1\" content=\"\u00c9crit par\" \/>\n\t<meta name=\"twitter:data1\" content=\"Comlan Paul ODAH\" \/>\n\t<meta name=\"twitter:label2\" content=\"Dur\u00e9e de lecture estim\u00e9e\" \/>\n\t<meta name=\"twitter:data2\" content=\"4 minutes\" \/>\n<script type=\"application\/ld+json\" class=\"yoast-schema-graph\">{\"@context\":\"https:\\\/\\\/schema.org\",\"@graph\":[{\"@type\":\"Article\",\"@id\":\"https:\\\/\\\/lepatriotebenin.com\\\/index.php\\\/2025\\\/01\\\/13\\\/10eme-anniversaire-de-creation-de-la-paroisse-st-joseph-de-doume-les-democrates-honorent-levenement\\\/#article\",\"isPartOf\":{\"@id\":\"https:\\\/\\\/lepatriotebenin.com\\\/index.php\\\/2025\\\/01\\\/13\\\/10eme-anniversaire-de-creation-de-la-paroisse-st-joseph-de-doume-les-democrates-honorent-levenement\\\/\"},\"author\":{\"name\":\"Comlan Paul ODAH\",\"@id\":\"https:\\\/\\\/lepatriotebenin.com\\\/#\\\/schema\\\/person\\\/6486fa44ec286eee49816deb241bcbbf\"},\"headline\":\"10\u00e8me anniversaire de cr\u00e9ation de la paroisse St Joseph de Doum\u00e9 : Les d\u00e9mocrates honorent l\u2019\u00e9v\u00e9nement\",\"datePublished\":\"2025-01-13T01:29:56+00:00\",\"dateModified\":\"2025-01-13T01:29:57+00:00\",\"mainEntityOfPage\":{\"@id\":\"https:\\\/\\\/lepatriotebenin.com\\\/index.php\\\/2025\\\/01\\\/13\\\/10eme-anniversaire-de-creation-de-la-paroisse-st-joseph-de-doume-les-democrates-honorent-levenement\\\/\"},\"wordCount\":737,\"commentCount\":0,\"image\":{\"@id\":\"https:\\\/\\\/lepatriotebenin.com\\\/index.php\\\/2025\\\/01\\\/13\\\/10eme-anniversaire-de-creation-de-la-paroisse-st-joseph-de-doume-les-democrates-honorent-levenement\\\/#primaryimage\"},\"thumbnailUrl\":\"https:\\\/\\\/lepatriotebenin.com\\\/wp-content\\\/uploads\\\/2025\\\/01\\\/bante.jpg\",\"articleSection\":[\"Politique\"],\"inLanguage\":\"fr-FR\",\"potentialAction\":[{\"@type\":\"CommentAction\",\"name\":\"Comment\",\"target\":[\"https:\\\/\\\/lepatriotebenin.com\\\/index.php\\\/2025\\\/01\\\/13\\\/10eme-anniversaire-de-creation-de-la-paroisse-st-joseph-de-doume-les-democrates-honorent-levenement\\\/#respond\"]}]},{\"@type\":\"WebPage\",\"@id\":\"https:\\\/\\\/lepatriotebenin.com\\\/index.php\\\/2025\\\/01\\\/13\\\/10eme-anniversaire-de-creation-de-la-paroisse-st-joseph-de-doume-les-democrates-honorent-levenement\\\/\",\"url\":\"https:\\\/\\\/lepatriotebenin.com\\\/index.php\\\/2025\\\/01\\\/13\\\/10eme-anniversaire-de-creation-de-la-paroisse-st-joseph-de-doume-les-democrates-honorent-levenement\\\/\",\"name\":\"10\u00e8me anniversaire de cr\u00e9ation de la paroisse St Joseph de Doum\u00e9 : Les d\u00e9mocrates honorent l\u2019\u00e9v\u00e9nement - Le Patriote\",\"isPartOf\":{\"@id\":\"https:\\\/\\\/lepatriotebenin.com\\\/#website\"},\"primaryImageOfPage\":{\"@id\":\"https:\\\/\\\/lepatriotebenin.com\\\/index.php\\\/2025\\\/01\\\/13\\\/10eme-anniversaire-de-creation-de-la-paroisse-st-joseph-de-doume-les-democrates-honorent-levenement\\\/#primaryimage\"},\"image\":{\"@id\":\"https:\\\/\\\/lepatriotebenin.com\\\/index.php\\\/2025\\\/01\\\/13\\\/10eme-anniversaire-de-creation-de-la-paroisse-st-joseph-de-doume-les-democrates-honorent-levenement\\\/#primaryimage\"},\"thumbnailUrl\":\"https:\\\/\\\/lepatriotebenin.com\\\/wp-content\\\/uploads\\\/2025\\\/01\\\/bante.jpg\",\"datePublished\":\"2025-01-13T01:29:56+00:00\",\"dateModified\":\"2025-01-13T01:29:57+00:00\",\"author\":{\"@id\":\"https:\\\/\\\/lepatriotebenin.com\\\/#\\\/schema\\\/person\\\/6486fa44ec286eee49816deb241bcbbf\"},\"breadcrumb\":{\"@id\":\"https:\\\/\\\/lepatriotebenin.com\\\/index.php\\\/2025\\\/01\\\/13\\\/10eme-anniversaire-de-creation-de-la-paroisse-st-joseph-de-doume-les-democrates-honorent-levenement\\\/#breadcrumb\"},\"inLanguage\":\"fr-FR\",\"potentialAction\":[{\"@type\":\"ReadAction\",\"target\":[\"https:\\\/\\\/lepatriotebenin.com\\\/index.php\\\/2025\\\/01\\\/13\\\/10eme-anniversaire-de-creation-de-la-paroisse-st-joseph-de-doume-les-democrates-honorent-levenement\\\/\"]}]},{\"@type\":\"ImageObject\",\"inLanguage\":\"fr-FR\",\"@id\":\"https:\\\/\\\/lepatriotebenin.com\\\/index.php\\\/2025\\\/01\\\/13\\\/10eme-anniversaire-de-creation-de-la-paroisse-st-joseph-de-doume-les-democrates-honorent-levenement\\\/#primaryimage\",\"url\":\"https:\\\/\\\/lepatriotebenin.com\\\/wp-content\\\/uploads\\\/2025\\\/01\\\/bante.jpg\",\"contentUrl\":\"https:\\\/\\\/lepatriotebenin.com\\\/wp-content\\\/uploads\\\/2025\\\/01\\\/bante.jpg\",\"width\":988,\"height\":456},{\"@type\":\"BreadcrumbList\",\"@id\":\"https:\\\/\\\/lepatriotebenin.com\\\/index.php\\\/2025\\\/01\\\/13\\\/10eme-anniversaire-de-creation-de-la-paroisse-st-joseph-de-doume-les-democrates-honorent-levenement\\\/#breadcrumb\",\"itemListElement\":[{\"@type\":\"ListItem\",\"position\":1,\"name\":\"Accueil\",\"item\":\"https:\\\/\\\/lepatriotebenin.com\\\/\"},{\"@type\":\"ListItem\",\"position\":2,\"name\":\"10\u00e8me anniversaire de cr\u00e9ation de la paroisse St Joseph de Doum\u00e9 : Les d\u00e9mocrates honorent l\u2019\u00e9v\u00e9nement\"}]},{\"@type\":\"WebSite\",\"@id\":\"https:\\\/\\\/lepatriotebenin.com\\\/#website\",\"url\":\"https:\\\/\\\/lepatriotebenin.com\\\/\",\"name\":\"Le Patriote\",\"description\":\"Le Patriote B\u00e9nin\",\"potentialAction\":[{\"@type\":\"SearchAction\",\"target\":{\"@type\":\"EntryPoint\",\"urlTemplate\":\"https:\\\/\\\/lepatriotebenin.com\\\/?s={search_term_string}\"},\"query-input\":{\"@type\":\"PropertyValueSpecification\",\"valueRequired\":true,\"valueName\":\"search_term_string\"}}],\"inLanguage\":\"fr-FR\"},{\"@type\":\"Person\",\"@id\":\"https:\\\/\\\/lepatriotebenin.com\\\/#\\\/schema\\\/person\\\/6486fa44ec286eee49816deb241bcbbf\",\"name\":\"Comlan Paul ODAH\",\"image\":{\"@type\":\"ImageObject\",\"inLanguage\":\"fr-FR\",\"@id\":\"https:\\\/\\\/secure.gravatar.com\\\/avatar\\\/c45cf8a86d3cde8c562d63858f4ea8947664bd10708ad75990c2938897d9dbe1?s=96&d=mm&r=g\",\"url\":\"https:\\\/\\\/secure.gravatar.com\\\/avatar\\\/c45cf8a86d3cde8c562d63858f4ea8947664bd10708ad75990c2938897d9dbe1?s=96&d=mm&r=g\",\"contentUrl\":\"https:\\\/\\\/secure.gravatar.com\\\/avatar\\\/c45cf8a86d3cde8c562d63858f4ea8947664bd10708ad75990c2938897d9dbe1?s=96&d=mm&r=g\",\"caption\":\"Comlan Paul ODAH\"},\"url\":\"https:\\\/\\\/lepatriotebenin.com\"}]}<\/script>\n<!-- \/ Yoast SEO plugin. -->","yoast_head_json":{"title":"10\u00e8me anniversaire de cr\u00e9ation de la paroisse St Joseph de Doum\u00e9 : Les d\u00e9mocrates honorent l\u2019\u00e9v\u00e9nement - Le Patriote","robots":{"index":"index","follow":"follow","max-snippet":"max-snippet:-1","max-image-preview":"max-image-preview:large","max-video-preview":"max-video-preview:-1"},"canonical":"https:\/\/lepatriotebenin.com\/index.php\/2025\/01\/13\/10eme-anniversaire-de-creation-de-la-paroisse-st-joseph-de-doume-les-democrates-honorent-levenement\/","og_locale":"fr_FR","og_type":"article","og_title":"10\u00e8me anniversaire de cr\u00e9ation de la paroisse St Joseph de Doum\u00e9 : Les d\u00e9mocrates honorent l\u2019\u00e9v\u00e9nement - Le Patriote","og_description":"(Monseigneur Fran\u00e7ois Gnonhossou d\u00e9nonce le mutisme des autorit\u00e9s face aux attaques terroristes) La paroisse St Joseph de Doum\u00e9 f\u00eate ses 10 ans d\u2019existence ce dimanche 12 Janvier 2025. A l\u2019occasion,&hellip;","og_url":"https:\/\/lepatriotebenin.com\/index.php\/2025\/01\/13\/10eme-anniversaire-de-creation-de-la-paroisse-st-joseph-de-doume-les-democrates-honorent-levenement\/","og_site_name":"Le Patriote","article_published_time":"2025-01-13T01:29:56+00:00","article_modified_time":"2025-01-13T01:29:57+00:00","og_image":[{"width":988,"height":456,"url":"https:\/\/lepatriotebenin.com\/wp-content\/uploads\/2025\/01\/bante.jpg","type":"image\/jpeg"}],"author":"Comlan Paul ODAH","twitter_card":"summary_large_image","twitter_misc":{"\u00c9crit par":"Comlan Paul ODAH","Dur\u00e9e de lecture estim\u00e9e":"4 minutes"},"schema":{"@context":"https:\/\/schema.org","@graph":[{"@type":"Article","@id":"https:\/\/lepatriotebenin.com\/index.php\/2025\/01\/13\/10eme-anniversaire-de-creation-de-la-paroisse-st-joseph-de-doume-les-democrates-honorent-levenement\/#article","isPartOf":{"@id":"https:\/\/lepatriotebenin.com\/index.php\/2025\/01\/13\/10eme-anniversaire-de-creation-de-la-paroisse-st-joseph-de-doume-les-democrates-honorent-levenement\/"},"author":{"name":"Comlan Paul ODAH","@id":"https:\/\/lepatriotebenin.com\/#\/schema\/person\/6486fa44ec286eee49816deb241bcbbf"},"headline":"10\u00e8me anniversaire de cr\u00e9ation de la paroisse St Joseph de Doum\u00e9 : Les d\u00e9mocrates honorent l\u2019\u00e9v\u00e9nement","datePublished":"2025-01-13T01:29:56+00:00","dateModified":"2025-01-13T01:29:57+00:00","mainEntityOfPage":{"@id":"https:\/\/lepatriotebenin.com\/index.php\/2025\/01\/13\/10eme-anniversaire-de-creation-de-la-paroisse-st-joseph-de-doume-les-democrates-honorent-levenement\/"},"wordCount":737,"commentCount":0,"image":{"@id":"https:\/\/lepatriotebenin.com\/index.php\/2025\/01\/13\/10eme-anniversaire-de-creation-de-la-paroisse-st-joseph-de-doume-les-democrates-honorent-levenement\/#primaryimage"},"thumbnailUrl":"https:\/\/lepatriotebenin.com\/wp-content\/uploads\/2025\/01\/bante.jpg","articleSection":["Politique"],"inLanguage":"fr-FR","potentialAction":[{"@type":"CommentAction","name":"Comment","target":["https:\/\/lepatriotebenin.com\/index.php\/2025\/01\/13\/10eme-anniversaire-de-creation-de-la-paroisse-st-joseph-de-doume-les-democrates-honorent-levenement\/#respond"]}]},{"@type":"WebPage","@id":"https:\/\/lepatriotebenin.com\/index.php\/2025\/01\/13\/10eme-anniversaire-de-creation-de-la-paroisse-st-joseph-de-doume-les-democrates-honorent-levenement\/","url":"https:\/\/lepatriotebenin.com\/index.php\/2025\/01\/13\/10eme-anniversaire-de-creation-de-la-paroisse-st-joseph-de-doume-les-democrates-honorent-levenement\/","name":"10\u00e8me anniversaire de cr\u00e9ation de la paroisse St Joseph de Doum\u00e9 : Les d\u00e9mocrates honorent l\u2019\u00e9v\u00e9nement - Le Patriote","isPartOf":{"@id":"https:\/\/lepatriotebenin.com\/#website"},"primaryImageOfPage":{"@id":"https:\/\/lepatriotebenin.com\/index.php\/2025\/01\/13\/10eme-anniversaire-de-creation-de-la-paroisse-st-joseph-de-doume-les-democrates-honorent-levenement\/#primaryimage"},"image":{"@id":"https:\/\/lepatriotebenin.com\/index.php\/2025\/01\/13\/10eme-anniversaire-de-creation-de-la-paroisse-st-joseph-de-doume-les-democrates-honorent-levenement\/#primaryimage"},"thumbnailUrl":"https:\/\/lepatriotebenin.com\/wp-content\/uploads\/2025\/01\/bante.jpg","datePublished":"2025-01-13T01:29:56+00:00","dateModified":"2025-01-13T01:29:57+00:00","author":{"@id":"https:\/\/lepatriotebenin.com\/#\/schema\/person\/6486fa44ec286eee49816deb241bcbbf"},"breadcrumb":{"@id":"https:\/\/lepatriotebenin.com\/index.php\/2025\/01\/13\/10eme-anniversaire-de-creation-de-la-paroisse-st-joseph-de-doume-les-democrates-honorent-levenement\/#breadcrumb"},"inLanguage":"fr-FR","potentialAction":[{"@type":"ReadAction","target":["https:\/\/lepatriotebenin.com\/index.php\/2025\/01\/13\/10eme-anniversaire-de-creation-de-la-paroisse-st-joseph-de-doume-les-democrates-honorent-levenement\/"]}]},{"@type":"ImageObject","inLanguage":"fr-FR","@id":"https:\/\/lepatriotebenin.com\/index.php\/2025\/01\/13\/10eme-anniversaire-de-creation-de-la-paroisse-st-joseph-de-doume-les-democrates-honorent-levenement\/#primaryimage","url":"https:\/\/lepatriotebenin.com\/wp-content\/uploads\/2025\/01\/bante.jpg","contentUrl":"https:\/\/lepatriotebenin.com\/wp-content\/uploads\/2025\/01\/bante.jpg","width":988,"height":456},{"@type":"BreadcrumbList","@id":"https:\/\/lepatriotebenin.com\/index.php\/2025\/01\/13\/10eme-anniversaire-de-creation-de-la-paroisse-st-joseph-de-doume-les-democrates-honorent-levenement\/#breadcrumb","itemListElement":[{"@type":"ListItem","position":1,"name":"Accueil","item":"https:\/\/lepatriotebenin.com\/"},{"@type":"ListItem","position":2,"name":"10\u00e8me anniversaire de cr\u00e9ation de la paroisse St Joseph de Doum\u00e9 : Les d\u00e9mocrates honorent l\u2019\u00e9v\u00e9nement"}]},{"@type":"WebSite","@id":"https:\/\/lepatriotebenin.com\/#website","url":"https:\/\/lepatriotebenin.com\/","name":"Le Patriote","description":"Le Patriote B\u00e9nin","potentialAction":[{"@type":"SearchAction","target":{"@type":"EntryPoint","urlTemplate":"https:\/\/lepatriotebenin.com\/?s={search_term_string}"},"query-input":{"@type":"PropertyValueSpecification","valueRequired":true,"valueName":"search_term_string"}}],"inLanguage":"fr-FR"},{"@type":"Person","@id":"https:\/\/lepatriotebenin.com\/#\/schema\/person\/6486fa44ec286eee49816deb241bcbbf","name":"Comlan Paul ODAH","image":{"@type":"ImageObject","inLanguage":"fr-FR","@id":"https:\/\/secure.gravatar.com\/avatar\/c45cf8a86d3cde8c562d63858f4ea8947664bd10708ad75990c2938897d9dbe1?s=96&d=mm&r=g","url":"https:\/\/secure.gravatar.com\/avatar\/c45cf8a86d3cde8c562d63858f4ea8947664bd10708ad75990c2938897d9dbe1?s=96&d=mm&r=g","contentUrl":"https:\/\/secure.gravatar.com\/avatar\/c45cf8a86d3cde8c562d63858f4ea8947664bd10708ad75990c2938897d9dbe1?s=96&d=mm&r=g","caption":"Comlan Paul ODAH"},"url":"https:\/\/lepatriotebenin.com"}]}},"_links":{"self":[{"href":"https:\/\/lepatriotebenin.com\/index.php\/wp-json\/wp\/v2\/posts\/10330","targetHints":{"allow":["GET"]}}],"collection":[{"href":"https:\/\/lepatriotebenin.com\/index.php\/wp-json\/wp\/v2\/posts"}],"about":[{"href":"https:\/\/lepatriotebenin.com\/index.php\/wp-json\/wp\/v2\/types\/post"}],"author":[{"embeddable":true,"href":"https:\/\/lepatriotebenin.com\/index.php\/wp-json\/wp\/v2\/users\/12"}],"replies":[{"embeddable":true,"href":"https:\/\/lepatriotebenin.com\/index.php\/wp-json\/wp\/v2\/comments?post=10330"}],"version-history":[{"count":1,"href":"https:\/\/lepatriotebenin.com\/index.php\/wp-json\/wp\/v2\/posts\/10330\/revisions"}],"predecessor-version":[{"id":10334,"href":"https:\/\/lepatriotebenin.com\/index.php\/wp-json\/wp\/v2\/posts\/10330\/revisions\/10334"}],"wp:featuredmedia":[{"embeddable":true,"href":"https:\/\/lepatriotebenin.com\/index.php\/wp-json\/wp\/v2\/media\/10331"}],"wp:attachment":[{"href":"https:\/\/lepatriotebenin.com\/index.php\/wp-json\/wp\/v2\/media?parent=10330"}],"wp:term":[{"taxonomy":"category","embeddable":true,"href":"https:\/\/lepatriotebenin.com\/index.php\/wp-json\/wp\/v2\/categories?post=10330"},{"taxonomy":"post_tag","embeddable":true,"href":"https:\/\/lepatriotebenin.com\/index.php\/wp-json\/wp\/v2\/tags?post=10330"}],"curies":[{"name":"wp","href":"https:\/\/api.w.org\/{rel}","templated":true}]}}