{"id":10327,"date":"2025-01-13T02:27:13","date_gmt":"2025-01-13T01:27:13","guid":{"rendered":"https:\/\/lepatriotebenin.com\/?p=10327"},"modified":"2025-01-13T02:27:14","modified_gmt":"2025-01-13T01:27:14","slug":"9eme-circonscription-electorale-darius-maffon-et-benoit-attolou-de-br-rejoignent-les-ld","status":"publish","type":"post","link":"https:\/\/lepatriotebenin.com\/index.php\/2025\/01\/13\/9eme-circonscription-electorale-darius-maffon-et-benoit-attolou-de-br-rejoignent-les-ld\/","title":{"rendered":"9\u00e8me circonscription \u00e9lectorale : Darius Maffon et Beno\u00eet Attolou de Br rejoignent les LD"},"content":{"rendered":"\n<p>Le cercle de la famille LD s\u2019\u00e9largit. Sous la houlette du professeur <strong>C\u00e9lestin Gbaguidi,<\/strong> <strong>ce dimanche 12 Janvier 2025<\/strong>, une s\u00e9ance de travail entre les d\u00e9put\u00e9s <strong>L\u00e9on Degny, \u00c9lise A\u00efh\u00e8<\/strong>, le pr\u00e9sident Nour\u00e9nou Atchad\u00e9 avec les militants LD de l\u2019arrondissement d\u2019<strong>Aga<\/strong> dans la commune de <strong>Savalou<\/strong> a permis d\u2019accueillir au sein de la famille Les D\u00e9mocrates messieurs <strong>Maffon Darius et&nbsp; Beno\u00eet Attolou<\/strong>, tous membres du parti Bloc R\u00e9publicain (BR). Darius Maffon op\u00e9rateur \u00e9conomique, membre du bureau politique national de BR et coordonnateur communal de ce parti \u00e0 Savalou jusqu\u2019en septembre 2024, rejoint les LD pour apporter sa contribution aux efforts de lib\u00e9ration du B\u00e9nin et pour la restauration de la d\u00e9mocratie. Apr\u00e8s un t\u00e9moignage \u00e0 faire couler les larmes, le tout nouveau membre du parti de la flamme a promis apporter du sien pour la victoire des LD en 2026. Par la faute du r\u00e9gime de la rupture, l\u2019homme d\u2019affaires malgr\u00e9 son appartenance \u00e0 la mouvance pr\u00e9sidentielle a vu ses affaires compl\u00e9tement noy\u00e9es avec en arri\u00e8re plan des centaines d\u2019emplois sacrifi\u00e9s. Quant \u00e0 Beno\u00eet Attolou, tr\u00e9sorier g\u00e9n\u00e9ral des Zemidjans de Savalou membre de BR il y a quelques semaines encore dans la commune, la seule r\u00e9compense qu\u2019il a eu gr\u00e2ce \u00e0 ce parti a \u00e9t\u00e9 la prison. A partir de ce dimanche, il marchera avec les d\u00e9mocrates pour la victoire de 2026. A ses mots,&nbsp; le prochain pr\u00e9sident sera d\u00e9mocrate et Savalou, dont particuli\u00e8rement lui, fera le plein pour atteindre cet objectif. Par ces deux d\u00e9parts de BR les deux gros poissons vont renforcer les d\u00e9mocrates dans la 9\u00e8me circonscription \u00e9lectorale et plus pr\u00e9cis\u00e9ment \u00e0 Savalou.<\/p>\n","protected":false},"excerpt":{"rendered":"<p>Le cercle de la famille LD s\u2019\u00e9largit. Sous la houlette du professeur C\u00e9lestin Gbaguidi, ce dimanche 12 Janvier 2025, une s\u00e9ance de travail entre les d\u00e9put\u00e9s L\u00e9on Degny, \u00c9lise A\u00efh\u00e8,&hellip;<\/p>\n","protected":false},"author":12,"featured_media":10328,"comment_status":"open","ping_status":"open","sticky":false,"template":"","format":"standard","meta":{"content-type":"","om_disable_all_campaigns":false,"_monsterinsights_skip_tracking":false,"_monsterinsights_sitenote_active":false,"_monsterinsights_sitenote_note":"","_monsterinsights_sitenote_category":0,"_uf_show_specific_survey":0,"_uf_disable_surveys":false,"footnotes":""},"categories":[26],"tags":[],"class_list":["post-10327","post","type-post","status-publish","format-standard","has-post-thumbnail","hentry","category-politique"],"aioseo_notices":[],"yoast_head":"<!-- This site is optimized with the Yoast SEO plugin v27.5 - https:\/\/yoast.com\/product\/yoast-seo-wordpress\/ -->\n<title>9\u00e8me circonscription \u00e9lectorale : Darius Maffon et Beno\u00eet Attolou de Br rejoignent les LD - Le Patriote<\/title>\n<meta name=\"robots\" content=\"index, follow, max-snippet:-1, max-image-preview:large, max-video-preview:-1\" \/>\n<link rel=\"canonical\" href=\"https:\/\/lepatriotebenin.com\/index.php\/2025\/01\/13\/9eme-circonscription-electorale-darius-maffon-et-benoit-attolou-de-br-rejoignent-les-ld\/\" \/>\n<meta property=\"og:locale\" content=\"fr_FR\" \/>\n<meta property=\"og:type\" content=\"article\" \/>\n<meta property=\"og:title\" content=\"9\u00e8me circonscription \u00e9lectorale : Darius Maffon et Beno\u00eet Attolou de Br rejoignent les LD - Le Patriote\" \/>\n<meta property=\"og:description\" content=\"Le cercle de la famille LD s\u2019\u00e9largit. Sous la houlette du professeur C\u00e9lestin Gbaguidi, ce dimanche 12 Janvier 2025, une s\u00e9ance de travail entre les d\u00e9put\u00e9s L\u00e9on Degny, \u00c9lise A\u00efh\u00e8,&hellip;\" \/>\n<meta property=\"og:url\" content=\"https:\/\/lepatriotebenin.com\/index.php\/2025\/01\/13\/9eme-circonscription-electorale-darius-maffon-et-benoit-attolou-de-br-rejoignent-les-ld\/\" \/>\n<meta property=\"og:site_name\" content=\"Le Patriote\" \/>\n<meta property=\"article:published_time\" content=\"2025-01-13T01:27:13+00:00\" \/>\n<meta property=\"article:modified_time\" content=\"2025-01-13T01:27:14+00:00\" \/>\n<meta property=\"og:image\" content=\"https:\/\/lepatriotebenin.com\/wp-content\/uploads\/2025\/01\/2e.jpg\" \/>\n\t<meta property=\"og:image:width\" content=\"422\" \/>\n\t<meta property=\"og:image:height\" content=\"280\" \/>\n\t<meta property=\"og:image:type\" content=\"image\/jpeg\" \/>\n<meta name=\"author\" content=\"Comlan Paul ODAH\" \/>\n<meta name=\"twitter:card\" content=\"summary_large_image\" \/>\n<meta name=\"twitter:label1\" content=\"\u00c9crit par\" \/>\n\t<meta name=\"twitter:data1\" content=\"Comlan Paul ODAH\" \/>\n\t<meta name=\"twitter:label2\" content=\"Dur\u00e9e de lecture estim\u00e9e\" \/>\n\t<meta name=\"twitter:data2\" content=\"2 minutes\" \/>\n<script type=\"application\/ld+json\" class=\"yoast-schema-graph\">{\"@context\":\"https:\\\/\\\/schema.org\",\"@graph\":[{\"@type\":\"Article\",\"@id\":\"https:\\\/\\\/lepatriotebenin.com\\\/index.php\\\/2025\\\/01\\\/13\\\/9eme-circonscription-electorale-darius-maffon-et-benoit-attolou-de-br-rejoignent-les-ld\\\/#article\",\"isPartOf\":{\"@id\":\"https:\\\/\\\/lepatriotebenin.com\\\/index.php\\\/2025\\\/01\\\/13\\\/9eme-circonscription-electorale-darius-maffon-et-benoit-attolou-de-br-rejoignent-les-ld\\\/\"},\"author\":{\"name\":\"Comlan Paul ODAH\",\"@id\":\"https:\\\/\\\/lepatriotebenin.com\\\/#\\\/schema\\\/person\\\/6486fa44ec286eee49816deb241bcbbf\"},\"headline\":\"9\u00e8me circonscription \u00e9lectorale : Darius Maffon et Beno\u00eet Attolou de Br rejoignent les LD\",\"datePublished\":\"2025-01-13T01:27:13+00:00\",\"dateModified\":\"2025-01-13T01:27:14+00:00\",\"mainEntityOfPage\":{\"@id\":\"https:\\\/\\\/lepatriotebenin.com\\\/index.php\\\/2025\\\/01\\\/13\\\/9eme-circonscription-electorale-darius-maffon-et-benoit-attolou-de-br-rejoignent-les-ld\\\/\"},\"wordCount\":317,\"commentCount\":0,\"image\":{\"@id\":\"https:\\\/\\\/lepatriotebenin.com\\\/index.php\\\/2025\\\/01\\\/13\\\/9eme-circonscription-electorale-darius-maffon-et-benoit-attolou-de-br-rejoignent-les-ld\\\/#primaryimage\"},\"thumbnailUrl\":\"https:\\\/\\\/lepatriotebenin.com\\\/wp-content\\\/uploads\\\/2025\\\/01\\\/2e.jpg\",\"articleSection\":[\"Politique\"],\"inLanguage\":\"fr-FR\",\"potentialAction\":[{\"@type\":\"CommentAction\",\"name\":\"Comment\",\"target\":[\"https:\\\/\\\/lepatriotebenin.com\\\/index.php\\\/2025\\\/01\\\/13\\\/9eme-circonscription-electorale-darius-maffon-et-benoit-attolou-de-br-rejoignent-les-ld\\\/#respond\"]}]},{\"@type\":\"WebPage\",\"@id\":\"https:\\\/\\\/lepatriotebenin.com\\\/index.php\\\/2025\\\/01\\\/13\\\/9eme-circonscription-electorale-darius-maffon-et-benoit-attolou-de-br-rejoignent-les-ld\\\/\",\"url\":\"https:\\\/\\\/lepatriotebenin.com\\\/index.php\\\/2025\\\/01\\\/13\\\/9eme-circonscription-electorale-darius-maffon-et-benoit-attolou-de-br-rejoignent-les-ld\\\/\",\"name\":\"9\u00e8me circonscription \u00e9lectorale : Darius Maffon et Beno\u00eet Attolou de Br rejoignent les LD - Le Patriote\",\"isPartOf\":{\"@id\":\"https:\\\/\\\/lepatriotebenin.com\\\/#website\"},\"primaryImageOfPage\":{\"@id\":\"https:\\\/\\\/lepatriotebenin.com\\\/index.php\\\/2025\\\/01\\\/13\\\/9eme-circonscription-electorale-darius-maffon-et-benoit-attolou-de-br-rejoignent-les-ld\\\/#primaryimage\"},\"image\":{\"@id\":\"https:\\\/\\\/lepatriotebenin.com\\\/index.php\\\/2025\\\/01\\\/13\\\/9eme-circonscription-electorale-darius-maffon-et-benoit-attolou-de-br-rejoignent-les-ld\\\/#primaryimage\"},\"thumbnailUrl\":\"https:\\\/\\\/lepatriotebenin.com\\\/wp-content\\\/uploads\\\/2025\\\/01\\\/2e.jpg\",\"datePublished\":\"2025-01-13T01:27:13+00:00\",\"dateModified\":\"2025-01-13T01:27:14+00:00\",\"author\":{\"@id\":\"https:\\\/\\\/lepatriotebenin.com\\\/#\\\/schema\\\/person\\\/6486fa44ec286eee49816deb241bcbbf\"},\"breadcrumb\":{\"@id\":\"https:\\\/\\\/lepatriotebenin.com\\\/index.php\\\/2025\\\/01\\\/13\\\/9eme-circonscription-electorale-darius-maffon-et-benoit-attolou-de-br-rejoignent-les-ld\\\/#breadcrumb\"},\"inLanguage\":\"fr-FR\",\"potentialAction\":[{\"@type\":\"ReadAction\",\"target\":[\"https:\\\/\\\/lepatriotebenin.com\\\/index.php\\\/2025\\\/01\\\/13\\\/9eme-circonscription-electorale-darius-maffon-et-benoit-attolou-de-br-rejoignent-les-ld\\\/\"]}]},{\"@type\":\"ImageObject\",\"inLanguage\":\"fr-FR\",\"@id\":\"https:\\\/\\\/lepatriotebenin.com\\\/index.php\\\/2025\\\/01\\\/13\\\/9eme-circonscription-electorale-darius-maffon-et-benoit-attolou-de-br-rejoignent-les-ld\\\/#primaryimage\",\"url\":\"https:\\\/\\\/lepatriotebenin.com\\\/wp-content\\\/uploads\\\/2025\\\/01\\\/2e.jpg\",\"contentUrl\":\"https:\\\/\\\/lepatriotebenin.com\\\/wp-content\\\/uploads\\\/2025\\\/01\\\/2e.jpg\",\"width\":422,\"height\":280},{\"@type\":\"BreadcrumbList\",\"@id\":\"https:\\\/\\\/lepatriotebenin.com\\\/index.php\\\/2025\\\/01\\\/13\\\/9eme-circonscription-electorale-darius-maffon-et-benoit-attolou-de-br-rejoignent-les-ld\\\/#breadcrumb\",\"itemListElement\":[{\"@type\":\"ListItem\",\"position\":1,\"name\":\"Accueil\",\"item\":\"https:\\\/\\\/lepatriotebenin.com\\\/\"},{\"@type\":\"ListItem\",\"position\":2,\"name\":\"9\u00e8me circonscription \u00e9lectorale : Darius Maffon et Beno\u00eet Attolou de Br rejoignent les LD\"}]},{\"@type\":\"WebSite\",\"@id\":\"https:\\\/\\\/lepatriotebenin.com\\\/#website\",\"url\":\"https:\\\/\\\/lepatriotebenin.com\\\/\",\"name\":\"Le Patriote\",\"description\":\"Le Patriote B\u00e9nin\",\"potentialAction\":[{\"@type\":\"SearchAction\",\"target\":{\"@type\":\"EntryPoint\",\"urlTemplate\":\"https:\\\/\\\/lepatriotebenin.com\\\/?s={search_term_string}\"},\"query-input\":{\"@type\":\"PropertyValueSpecification\",\"valueRequired\":true,\"valueName\":\"search_term_string\"}}],\"inLanguage\":\"fr-FR\"},{\"@type\":\"Person\",\"@id\":\"https:\\\/\\\/lepatriotebenin.com\\\/#\\\/schema\\\/person\\\/6486fa44ec286eee49816deb241bcbbf\",\"name\":\"Comlan Paul ODAH\",\"image\":{\"@type\":\"ImageObject\",\"inLanguage\":\"fr-FR\",\"@id\":\"https:\\\/\\\/secure.gravatar.com\\\/avatar\\\/c45cf8a86d3cde8c562d63858f4ea8947664bd10708ad75990c2938897d9dbe1?s=96&d=mm&r=g\",\"url\":\"https:\\\/\\\/secure.gravatar.com\\\/avatar\\\/c45cf8a86d3cde8c562d63858f4ea8947664bd10708ad75990c2938897d9dbe1?s=96&d=mm&r=g\",\"contentUrl\":\"https:\\\/\\\/secure.gravatar.com\\\/avatar\\\/c45cf8a86d3cde8c562d63858f4ea8947664bd10708ad75990c2938897d9dbe1?s=96&d=mm&r=g\",\"caption\":\"Comlan Paul ODAH\"},\"url\":\"https:\\\/\\\/lepatriotebenin.com\"}]}<\/script>\n<!-- \/ Yoast SEO plugin. -->","yoast_head_json":{"title":"9\u00e8me circonscription \u00e9lectorale : Darius Maffon et Beno\u00eet Attolou de Br rejoignent les LD - Le Patriote","robots":{"index":"index","follow":"follow","max-snippet":"max-snippet:-1","max-image-preview":"max-image-preview:large","max-video-preview":"max-video-preview:-1"},"canonical":"https:\/\/lepatriotebenin.com\/index.php\/2025\/01\/13\/9eme-circonscription-electorale-darius-maffon-et-benoit-attolou-de-br-rejoignent-les-ld\/","og_locale":"fr_FR","og_type":"article","og_title":"9\u00e8me circonscription \u00e9lectorale : Darius Maffon et Beno\u00eet Attolou de Br rejoignent les LD - Le Patriote","og_description":"Le cercle de la famille LD s\u2019\u00e9largit. Sous la houlette du professeur C\u00e9lestin Gbaguidi, ce dimanche 12 Janvier 2025, une s\u00e9ance de travail entre les d\u00e9put\u00e9s L\u00e9on Degny, \u00c9lise A\u00efh\u00e8,&hellip;","og_url":"https:\/\/lepatriotebenin.com\/index.php\/2025\/01\/13\/9eme-circonscription-electorale-darius-maffon-et-benoit-attolou-de-br-rejoignent-les-ld\/","og_site_name":"Le Patriote","article_published_time":"2025-01-13T01:27:13+00:00","article_modified_time":"2025-01-13T01:27:14+00:00","og_image":[{"width":422,"height":280,"url":"https:\/\/lepatriotebenin.com\/wp-content\/uploads\/2025\/01\/2e.jpg","type":"image\/jpeg"}],"author":"Comlan Paul ODAH","twitter_card":"summary_large_image","twitter_misc":{"\u00c9crit par":"Comlan Paul ODAH","Dur\u00e9e de lecture estim\u00e9e":"2 minutes"},"schema":{"@context":"https:\/\/schema.org","@graph":[{"@type":"Article","@id":"https:\/\/lepatriotebenin.com\/index.php\/2025\/01\/13\/9eme-circonscription-electorale-darius-maffon-et-benoit-attolou-de-br-rejoignent-les-ld\/#article","isPartOf":{"@id":"https:\/\/lepatriotebenin.com\/index.php\/2025\/01\/13\/9eme-circonscription-electorale-darius-maffon-et-benoit-attolou-de-br-rejoignent-les-ld\/"},"author":{"name":"Comlan Paul ODAH","@id":"https:\/\/lepatriotebenin.com\/#\/schema\/person\/6486fa44ec286eee49816deb241bcbbf"},"headline":"9\u00e8me circonscription \u00e9lectorale : Darius Maffon et Beno\u00eet Attolou de Br rejoignent les LD","datePublished":"2025-01-13T01:27:13+00:00","dateModified":"2025-01-13T01:27:14+00:00","mainEntityOfPage":{"@id":"https:\/\/lepatriotebenin.com\/index.php\/2025\/01\/13\/9eme-circonscription-electorale-darius-maffon-et-benoit-attolou-de-br-rejoignent-les-ld\/"},"wordCount":317,"commentCount":0,"image":{"@id":"https:\/\/lepatriotebenin.com\/index.php\/2025\/01\/13\/9eme-circonscription-electorale-darius-maffon-et-benoit-attolou-de-br-rejoignent-les-ld\/#primaryimage"},"thumbnailUrl":"https:\/\/lepatriotebenin.com\/wp-content\/uploads\/2025\/01\/2e.jpg","articleSection":["Politique"],"inLanguage":"fr-FR","potentialAction":[{"@type":"CommentAction","name":"Comment","target":["https:\/\/lepatriotebenin.com\/index.php\/2025\/01\/13\/9eme-circonscription-electorale-darius-maffon-et-benoit-attolou-de-br-rejoignent-les-ld\/#respond"]}]},{"@type":"WebPage","@id":"https:\/\/lepatriotebenin.com\/index.php\/2025\/01\/13\/9eme-circonscription-electorale-darius-maffon-et-benoit-attolou-de-br-rejoignent-les-ld\/","url":"https:\/\/lepatriotebenin.com\/index.php\/2025\/01\/13\/9eme-circonscription-electorale-darius-maffon-et-benoit-attolou-de-br-rejoignent-les-ld\/","name":"9\u00e8me circonscription \u00e9lectorale : Darius Maffon et Beno\u00eet Attolou de Br rejoignent les LD - Le Patriote","isPartOf":{"@id":"https:\/\/lepatriotebenin.com\/#website"},"primaryImageOfPage":{"@id":"https:\/\/lepatriotebenin.com\/index.php\/2025\/01\/13\/9eme-circonscription-electorale-darius-maffon-et-benoit-attolou-de-br-rejoignent-les-ld\/#primaryimage"},"image":{"@id":"https:\/\/lepatriotebenin.com\/index.php\/2025\/01\/13\/9eme-circonscription-electorale-darius-maffon-et-benoit-attolou-de-br-rejoignent-les-ld\/#primaryimage"},"thumbnailUrl":"https:\/\/lepatriotebenin.com\/wp-content\/uploads\/2025\/01\/2e.jpg","datePublished":"2025-01-13T01:27:13+00:00","dateModified":"2025-01-13T01:27:14+00:00","author":{"@id":"https:\/\/lepatriotebenin.com\/#\/schema\/person\/6486fa44ec286eee49816deb241bcbbf"},"breadcrumb":{"@id":"https:\/\/lepatriotebenin.com\/index.php\/2025\/01\/13\/9eme-circonscription-electorale-darius-maffon-et-benoit-attolou-de-br-rejoignent-les-ld\/#breadcrumb"},"inLanguage":"fr-FR","potentialAction":[{"@type":"ReadAction","target":["https:\/\/lepatriotebenin.com\/index.php\/2025\/01\/13\/9eme-circonscription-electorale-darius-maffon-et-benoit-attolou-de-br-rejoignent-les-ld\/"]}]},{"@type":"ImageObject","inLanguage":"fr-FR","@id":"https:\/\/lepatriotebenin.com\/index.php\/2025\/01\/13\/9eme-circonscription-electorale-darius-maffon-et-benoit-attolou-de-br-rejoignent-les-ld\/#primaryimage","url":"https:\/\/lepatriotebenin.com\/wp-content\/uploads\/2025\/01\/2e.jpg","contentUrl":"https:\/\/lepatriotebenin.com\/wp-content\/uploads\/2025\/01\/2e.jpg","width":422,"height":280},{"@type":"BreadcrumbList","@id":"https:\/\/lepatriotebenin.com\/index.php\/2025\/01\/13\/9eme-circonscription-electorale-darius-maffon-et-benoit-attolou-de-br-rejoignent-les-ld\/#breadcrumb","itemListElement":[{"@type":"ListItem","position":1,"name":"Accueil","item":"https:\/\/lepatriotebenin.com\/"},{"@type":"ListItem","position":2,"name":"9\u00e8me circonscription \u00e9lectorale : Darius Maffon et Beno\u00eet Attolou de Br rejoignent les LD"}]},{"@type":"WebSite","@id":"https:\/\/lepatriotebenin.com\/#website","url":"https:\/\/lepatriotebenin.com\/","name":"Le Patriote","description":"Le Patriote B\u00e9nin","potentialAction":[{"@type":"SearchAction","target":{"@type":"EntryPoint","urlTemplate":"https:\/\/lepatriotebenin.com\/?s={search_term_string}"},"query-input":{"@type":"PropertyValueSpecification","valueRequired":true,"valueName":"search_term_string"}}],"inLanguage":"fr-FR"},{"@type":"Person","@id":"https:\/\/lepatriotebenin.com\/#\/schema\/person\/6486fa44ec286eee49816deb241bcbbf","name":"Comlan Paul ODAH","image":{"@type":"ImageObject","inLanguage":"fr-FR","@id":"https:\/\/secure.gravatar.com\/avatar\/c45cf8a86d3cde8c562d63858f4ea8947664bd10708ad75990c2938897d9dbe1?s=96&d=mm&r=g","url":"https:\/\/secure.gravatar.com\/avatar\/c45cf8a86d3cde8c562d63858f4ea8947664bd10708ad75990c2938897d9dbe1?s=96&d=mm&r=g","contentUrl":"https:\/\/secure.gravatar.com\/avatar\/c45cf8a86d3cde8c562d63858f4ea8947664bd10708ad75990c2938897d9dbe1?s=96&d=mm&r=g","caption":"Comlan Paul ODAH"},"url":"https:\/\/lepatriotebenin.com"}]}},"_links":{"self":[{"href":"https:\/\/lepatriotebenin.com\/index.php\/wp-json\/wp\/v2\/posts\/10327","targetHints":{"allow":["GET"]}}],"collection":[{"href":"https:\/\/lepatriotebenin.com\/index.php\/wp-json\/wp\/v2\/posts"}],"about":[{"href":"https:\/\/lepatriotebenin.com\/index.php\/wp-json\/wp\/v2\/types\/post"}],"author":[{"embeddable":true,"href":"https:\/\/lepatriotebenin.com\/index.php\/wp-json\/wp\/v2\/users\/12"}],"replies":[{"embeddable":true,"href":"https:\/\/lepatriotebenin.com\/index.php\/wp-json\/wp\/v2\/comments?post=10327"}],"version-history":[{"count":1,"href":"https:\/\/lepatriotebenin.com\/index.php\/wp-json\/wp\/v2\/posts\/10327\/revisions"}],"predecessor-version":[{"id":10329,"href":"https:\/\/lepatriotebenin.com\/index.php\/wp-json\/wp\/v2\/posts\/10327\/revisions\/10329"}],"wp:featuredmedia":[{"embeddable":true,"href":"https:\/\/lepatriotebenin.com\/index.php\/wp-json\/wp\/v2\/media\/10328"}],"wp:attachment":[{"href":"https:\/\/lepatriotebenin.com\/index.php\/wp-json\/wp\/v2\/media?parent=10327"}],"wp:term":[{"taxonomy":"category","embeddable":true,"href":"https:\/\/lepatriotebenin.com\/index.php\/wp-json\/wp\/v2\/categories?post=10327"},{"taxonomy":"post_tag","embeddable":true,"href":"https:\/\/lepatriotebenin.com\/index.php\/wp-json\/wp\/v2\/tags?post=10327"}],"curies":[{"name":"wp","href":"https:\/\/api.w.org\/{rel}","templated":true}]}}