{"id":10324,"date":"2025-01-13T02:11:01","date_gmt":"2025-01-13T01:11:01","guid":{"rendered":"https:\/\/lepatriotebenin.com\/?p=10324"},"modified":"2025-01-13T02:11:02","modified_gmt":"2025-01-13T01:11:02","slug":"sante-le-gouvernement-forme-3-000-aides-soignants-pour-le-chomage","status":"publish","type":"post","link":"https:\/\/lepatriotebenin.com\/index.php\/2025\/01\/13\/sante-le-gouvernement-forme-3-000-aides-soignants-pour-le-chomage\/","title":{"rendered":"Sant\u00e9\u00a0: Le gouvernement forme 3.000 aides-soignants pour le ch\u00f4mage"},"content":{"rendered":"\n<p><strong><em>De 2009 \u00e0 2021, l\u2019Etat b\u00e9ninois s\u2019est investi \u00e0 former des aides-soignants qui, au finish, n\u2019ont jamais \u00e9t\u00e9 employ\u00e9s malgr\u00e9 le besoin dans les centres de sant\u00e9. Un paradoxe puisque ces centres de sant\u00e9 manquent cruellement de personnel qui souffrent de personnel qualifi\u00e9. Tout comme les mat\u00e9riels de travail, le personnel soignant fait d\u00e9faut dans la grande majorit\u00e9 des h\u00f4pitaux publics mais environ 3.000 b\u00e9ninois bien form\u00e9s sont au ch\u00f4mage.<\/em><\/strong><br>Selon le Syndicat des aides-soignants dipl\u00f4m\u00e9s d\u2019Etat (SASDE), L\u2019Etat b\u00e9ninois n\u2019a jamais organis\u00e9 un concours de recrutement au profit de cette cat\u00e9gorie d\u2019agents de sant\u00e9. Pourtant, ils sont issus de 11 promotions tous form\u00e9s entre 2009 et 2021 par l\u2019Etat b\u00e9ninois, dans la seule \u00e9cole notamment L\u2019\u00c9cole de Formation M\u00e9dico-Sociale de Parakou ( EFMS\/Parakou). Bient\u00f4t 15 ans donc que&nbsp; ces aides-soignants sont form\u00e9s aux frais du contribuable pour sauver le syst\u00e8me sanitaire b\u00e9ninois dont le besoin en personnel qualifi\u00e9 criard.<br>De niveau BEPC +3, les aides-soignants concern\u00e9s ont \u00e9t\u00e9 donc form\u00e9s pendant 3 ans et chacun a d\u00e9bours\u00e9 chaque ann\u00e9e 150.000 FCFA pour les externes et 360.000 FCFA pour les internes. Des investissements qui, avec bien \u00e9videmment les appuis de l\u2019\u00c9tat, n\u2019ont rapport\u00e9 que le ch\u00f4mage aux agents pourtant destin\u00e9s \u00e0 servir le pays dans les h\u00f4pitaux. Selon le Secr\u00e9taire g\u00e9n\u00e9ral du Syndicat des aides-Soignants et Dipl\u00f4m\u00e9s d\u2019\u00c9tat, Eug\u00e8ne Assogba, les 3.000 aides-soignants auraient, \u00e0&nbsp; en croire le gouvernement, un niveau sup\u00e9rieur \u00e0&nbsp; celui que devrait avoir un aide-soignant. Cons\u00e9quence, l\u2019Etat ne saurait pas dans quelle cat\u00e9gorie&nbsp; d\u2019agents les classer pour un \u00e9ventuel recrutement. Un argument que le secr\u00e9taire g\u00e9n\u00e9ral du syndicat prend plut\u00f4t comme une \u00e9chappatoire \u00e0 laquelle le gouvernement du pr\u00e9sident Patrice Talon s\u2019est accroch\u00e9 depuis des ann\u00e9es pour ne pas employer les aides-soignants form\u00e9s.<br>D\u2019ailleurs, ces aides-soignants admis dans cette \u00e9cole de formation dans le cadre du recrutement de jeunes professionnels sur le financement du projet d\u00e9nomm\u00e9 \u00ab combler les \u00e9carts \u00bb, ont d\u00e9cel\u00e9 le gros pi\u00e8ge dans le cahier de charges du poste d\u2019aide-soignant, et d\u00e9nonce depuis lors l\u2019arnaque au sommet de l\u2019Etat. Mais malheureusement, personne n\u2019a d\u2019oreille pour les \u00e9couter. Ils crient au secours et rappellent aux autorit\u00e9s la mis\u00e8re des 3.000 ch\u00f4meurs.&nbsp; Leurs conditions de vie deviennent de plus en plus ex\u00e9crables. Plusieurs parmi&nbsp; eux ont quitt\u00e9 le pays pour se chercher ailleurs. D\u2019autres sont tr\u00e8s malades. Il y en a qui sont morts par d\u00e9sespoir et sous le coup de la gal\u00e8re.&nbsp; Bon nombre d\u2019entre eux ne pourront plus postuler \u00e0 un concours d\u2019entr\u00e9e \u00e0 la fonction publique pour raison d\u2019\u00e2ge.&nbsp; \u00ab La sant\u00e9 est une priorit\u00e9 pour le peuple. Nous sommes un pilier de la cha\u00eene sanitaire au B\u00e9nin\u00bb, clame le Secr\u00e9taire g\u00e9n\u00e9ral du Syndicat des aides-soignants et dipl\u00f4m\u00e9s d\u2019\u00c9tat, Eug\u00e8ne Assogba qui appelle le gouvernement au secours de ses camarades plong\u00e9s dans une situation qu\u2019ils n\u2019ont jamais imagin\u00e9 en consacrant&nbsp;trois ann\u00e9es de leur vie aux \u00e9tudes pour devenir aides-soignants.<br>L\u2019\u00c9tat n\u2019aurait-il pas les moyens financiers pour employer ces agents ou les h\u00f4pitaux b\u00e9ninois n\u2019ont pas besoin de leurs services ? Le manque de personnel soignant a-t-il d\u00e9j\u00e0 \u00e9t\u00e9 r\u00e9solu dans les centres de sant\u00e9 b\u00e9ninois ?&nbsp; Pourquoi avoir form\u00e9 autant d\u2019agents pendant des ann\u00e9es sans aucune politique devant garantir leur employabilit\u00e9 ?<br>Une chose est certaine, ces milliers d\u2019aides-soignants broient le noir et n\u2019attendent que le secours de l\u2019\u00c9tat b\u00e9ninois pour retrouver l\u2019espoir perdu depuis des ann\u00e9es.<br><\/p>\n","protected":false},"excerpt":{"rendered":"<p>De 2009 \u00e0 2021, l\u2019Etat b\u00e9ninois s\u2019est investi \u00e0 former des aides-soignants qui, au finish, n\u2019ont jamais \u00e9t\u00e9 employ\u00e9s malgr\u00e9 le besoin dans les centres de sant\u00e9. Un paradoxe puisque&hellip;<\/p>\n","protected":false},"author":12,"featured_media":10325,"comment_status":"open","ping_status":"open","sticky":false,"template":"","format":"standard","meta":{"content-type":"","om_disable_all_campaigns":false,"_monsterinsights_skip_tracking":false,"_monsterinsights_sitenote_active":false,"_monsterinsights_sitenote_note":"","_monsterinsights_sitenote_category":0,"_uf_show_specific_survey":0,"_uf_disable_surveys":false,"footnotes":""},"categories":[19],"tags":[],"class_list":["post-10324","post","type-post","status-publish","format-standard","has-post-thumbnail","hentry","category-sante"],"aioseo_notices":[],"yoast_head":"<!-- This site is optimized with the Yoast SEO plugin v27.5 - https:\/\/yoast.com\/product\/yoast-seo-wordpress\/ -->\n<title>Sant\u00e9\u00a0: Le gouvernement forme 3.000 aides-soignants pour le ch\u00f4mage - Le Patriote<\/title>\n<meta name=\"robots\" content=\"index, follow, max-snippet:-1, max-image-preview:large, max-video-preview:-1\" \/>\n<link rel=\"canonical\" href=\"https:\/\/lepatriotebenin.com\/index.php\/2025\/01\/13\/sante-le-gouvernement-forme-3-000-aides-soignants-pour-le-chomage\/\" \/>\n<meta property=\"og:locale\" content=\"fr_FR\" \/>\n<meta property=\"og:type\" content=\"article\" \/>\n<meta property=\"og:title\" content=\"Sant\u00e9\u00a0: Le gouvernement forme 3.000 aides-soignants pour le ch\u00f4mage - Le Patriote\" \/>\n<meta property=\"og:description\" content=\"De 2009 \u00e0 2021, l\u2019Etat b\u00e9ninois s\u2019est investi \u00e0 former des aides-soignants qui, au finish, n\u2019ont jamais \u00e9t\u00e9 employ\u00e9s malgr\u00e9 le besoin dans les centres de sant\u00e9. Un paradoxe puisque&hellip;\" \/>\n<meta property=\"og:url\" content=\"https:\/\/lepatriotebenin.com\/index.php\/2025\/01\/13\/sante-le-gouvernement-forme-3-000-aides-soignants-pour-le-chomage\/\" \/>\n<meta property=\"og:site_name\" content=\"Le Patriote\" \/>\n<meta property=\"article:published_time\" content=\"2025-01-13T01:11:01+00:00\" \/>\n<meta property=\"article:modified_time\" content=\"2025-01-13T01:11:02+00:00\" \/>\n<meta property=\"og:image\" content=\"https:\/\/lepatriotebenin.com\/wp-content\/uploads\/2025\/01\/pr-benjamin-hounkpatin-3.webp\" \/>\n\t<meta property=\"og:image:width\" content=\"1275\" \/>\n\t<meta property=\"og:image:height\" content=\"713\" \/>\n\t<meta property=\"og:image:type\" content=\"image\/webp\" \/>\n<meta name=\"author\" content=\"Comlan Paul ODAH\" \/>\n<meta name=\"twitter:card\" content=\"summary_large_image\" \/>\n<meta name=\"twitter:label1\" content=\"\u00c9crit par\" \/>\n\t<meta name=\"twitter:data1\" content=\"Comlan Paul ODAH\" \/>\n\t<meta name=\"twitter:label2\" content=\"Dur\u00e9e de lecture estim\u00e9e\" \/>\n\t<meta name=\"twitter:data2\" content=\"3 minutes\" \/>\n<script type=\"application\/ld+json\" class=\"yoast-schema-graph\">{\"@context\":\"https:\\\/\\\/schema.org\",\"@graph\":[{\"@type\":\"Article\",\"@id\":\"https:\\\/\\\/lepatriotebenin.com\\\/index.php\\\/2025\\\/01\\\/13\\\/sante-le-gouvernement-forme-3-000-aides-soignants-pour-le-chomage\\\/#article\",\"isPartOf\":{\"@id\":\"https:\\\/\\\/lepatriotebenin.com\\\/index.php\\\/2025\\\/01\\\/13\\\/sante-le-gouvernement-forme-3-000-aides-soignants-pour-le-chomage\\\/\"},\"author\":{\"name\":\"Comlan Paul ODAH\",\"@id\":\"https:\\\/\\\/lepatriotebenin.com\\\/#\\\/schema\\\/person\\\/6486fa44ec286eee49816deb241bcbbf\"},\"headline\":\"Sant\u00e9\u00a0: Le gouvernement forme 3.000 aides-soignants pour le ch\u00f4mage\",\"datePublished\":\"2025-01-13T01:11:01+00:00\",\"dateModified\":\"2025-01-13T01:11:02+00:00\",\"mainEntityOfPage\":{\"@id\":\"https:\\\/\\\/lepatriotebenin.com\\\/index.php\\\/2025\\\/01\\\/13\\\/sante-le-gouvernement-forme-3-000-aides-soignants-pour-le-chomage\\\/\"},\"wordCount\":657,\"commentCount\":5,\"image\":{\"@id\":\"https:\\\/\\\/lepatriotebenin.com\\\/index.php\\\/2025\\\/01\\\/13\\\/sante-le-gouvernement-forme-3-000-aides-soignants-pour-le-chomage\\\/#primaryimage\"},\"thumbnailUrl\":\"https:\\\/\\\/lepatriotebenin.com\\\/wp-content\\\/uploads\\\/2025\\\/01\\\/pr-benjamin-hounkpatin-3.webp\",\"articleSection\":[\"Sant\u00e9\"],\"inLanguage\":\"fr-FR\",\"potentialAction\":[{\"@type\":\"CommentAction\",\"name\":\"Comment\",\"target\":[\"https:\\\/\\\/lepatriotebenin.com\\\/index.php\\\/2025\\\/01\\\/13\\\/sante-le-gouvernement-forme-3-000-aides-soignants-pour-le-chomage\\\/#respond\"]}]},{\"@type\":\"WebPage\",\"@id\":\"https:\\\/\\\/lepatriotebenin.com\\\/index.php\\\/2025\\\/01\\\/13\\\/sante-le-gouvernement-forme-3-000-aides-soignants-pour-le-chomage\\\/\",\"url\":\"https:\\\/\\\/lepatriotebenin.com\\\/index.php\\\/2025\\\/01\\\/13\\\/sante-le-gouvernement-forme-3-000-aides-soignants-pour-le-chomage\\\/\",\"name\":\"Sant\u00e9\u00a0: Le gouvernement forme 3.000 aides-soignants pour le ch\u00f4mage - Le Patriote\",\"isPartOf\":{\"@id\":\"https:\\\/\\\/lepatriotebenin.com\\\/#website\"},\"primaryImageOfPage\":{\"@id\":\"https:\\\/\\\/lepatriotebenin.com\\\/index.php\\\/2025\\\/01\\\/13\\\/sante-le-gouvernement-forme-3-000-aides-soignants-pour-le-chomage\\\/#primaryimage\"},\"image\":{\"@id\":\"https:\\\/\\\/lepatriotebenin.com\\\/index.php\\\/2025\\\/01\\\/13\\\/sante-le-gouvernement-forme-3-000-aides-soignants-pour-le-chomage\\\/#primaryimage\"},\"thumbnailUrl\":\"https:\\\/\\\/lepatriotebenin.com\\\/wp-content\\\/uploads\\\/2025\\\/01\\\/pr-benjamin-hounkpatin-3.webp\",\"datePublished\":\"2025-01-13T01:11:01+00:00\",\"dateModified\":\"2025-01-13T01:11:02+00:00\",\"author\":{\"@id\":\"https:\\\/\\\/lepatriotebenin.com\\\/#\\\/schema\\\/person\\\/6486fa44ec286eee49816deb241bcbbf\"},\"breadcrumb\":{\"@id\":\"https:\\\/\\\/lepatriotebenin.com\\\/index.php\\\/2025\\\/01\\\/13\\\/sante-le-gouvernement-forme-3-000-aides-soignants-pour-le-chomage\\\/#breadcrumb\"},\"inLanguage\":\"fr-FR\",\"potentialAction\":[{\"@type\":\"ReadAction\",\"target\":[\"https:\\\/\\\/lepatriotebenin.com\\\/index.php\\\/2025\\\/01\\\/13\\\/sante-le-gouvernement-forme-3-000-aides-soignants-pour-le-chomage\\\/\"]}]},{\"@type\":\"ImageObject\",\"inLanguage\":\"fr-FR\",\"@id\":\"https:\\\/\\\/lepatriotebenin.com\\\/index.php\\\/2025\\\/01\\\/13\\\/sante-le-gouvernement-forme-3-000-aides-soignants-pour-le-chomage\\\/#primaryimage\",\"url\":\"https:\\\/\\\/lepatriotebenin.com\\\/wp-content\\\/uploads\\\/2025\\\/01\\\/pr-benjamin-hounkpatin-3.webp\",\"contentUrl\":\"https:\\\/\\\/lepatriotebenin.com\\\/wp-content\\\/uploads\\\/2025\\\/01\\\/pr-benjamin-hounkpatin-3.webp\",\"width\":1275,\"height\":713},{\"@type\":\"BreadcrumbList\",\"@id\":\"https:\\\/\\\/lepatriotebenin.com\\\/index.php\\\/2025\\\/01\\\/13\\\/sante-le-gouvernement-forme-3-000-aides-soignants-pour-le-chomage\\\/#breadcrumb\",\"itemListElement\":[{\"@type\":\"ListItem\",\"position\":1,\"name\":\"Accueil\",\"item\":\"https:\\\/\\\/lepatriotebenin.com\\\/\"},{\"@type\":\"ListItem\",\"position\":2,\"name\":\"Sant\u00e9\u00a0: Le gouvernement forme 3.000 aides-soignants pour le ch\u00f4mage\"}]},{\"@type\":\"WebSite\",\"@id\":\"https:\\\/\\\/lepatriotebenin.com\\\/#website\",\"url\":\"https:\\\/\\\/lepatriotebenin.com\\\/\",\"name\":\"Le Patriote\",\"description\":\"Le Patriote B\u00e9nin\",\"potentialAction\":[{\"@type\":\"SearchAction\",\"target\":{\"@type\":\"EntryPoint\",\"urlTemplate\":\"https:\\\/\\\/lepatriotebenin.com\\\/?s={search_term_string}\"},\"query-input\":{\"@type\":\"PropertyValueSpecification\",\"valueRequired\":true,\"valueName\":\"search_term_string\"}}],\"inLanguage\":\"fr-FR\"},{\"@type\":\"Person\",\"@id\":\"https:\\\/\\\/lepatriotebenin.com\\\/#\\\/schema\\\/person\\\/6486fa44ec286eee49816deb241bcbbf\",\"name\":\"Comlan Paul ODAH\",\"image\":{\"@type\":\"ImageObject\",\"inLanguage\":\"fr-FR\",\"@id\":\"https:\\\/\\\/secure.gravatar.com\\\/avatar\\\/c45cf8a86d3cde8c562d63858f4ea8947664bd10708ad75990c2938897d9dbe1?s=96&d=mm&r=g\",\"url\":\"https:\\\/\\\/secure.gravatar.com\\\/avatar\\\/c45cf8a86d3cde8c562d63858f4ea8947664bd10708ad75990c2938897d9dbe1?s=96&d=mm&r=g\",\"contentUrl\":\"https:\\\/\\\/secure.gravatar.com\\\/avatar\\\/c45cf8a86d3cde8c562d63858f4ea8947664bd10708ad75990c2938897d9dbe1?s=96&d=mm&r=g\",\"caption\":\"Comlan Paul ODAH\"},\"url\":\"https:\\\/\\\/lepatriotebenin.com\"}]}<\/script>\n<!-- \/ Yoast SEO plugin. -->","yoast_head_json":{"title":"Sant\u00e9\u00a0: Le gouvernement forme 3.000 aides-soignants pour le ch\u00f4mage - Le Patriote","robots":{"index":"index","follow":"follow","max-snippet":"max-snippet:-1","max-image-preview":"max-image-preview:large","max-video-preview":"max-video-preview:-1"},"canonical":"https:\/\/lepatriotebenin.com\/index.php\/2025\/01\/13\/sante-le-gouvernement-forme-3-000-aides-soignants-pour-le-chomage\/","og_locale":"fr_FR","og_type":"article","og_title":"Sant\u00e9\u00a0: Le gouvernement forme 3.000 aides-soignants pour le ch\u00f4mage - Le Patriote","og_description":"De 2009 \u00e0 2021, l\u2019Etat b\u00e9ninois s\u2019est investi \u00e0 former des aides-soignants qui, au finish, n\u2019ont jamais \u00e9t\u00e9 employ\u00e9s malgr\u00e9 le besoin dans les centres de sant\u00e9. Un paradoxe puisque&hellip;","og_url":"https:\/\/lepatriotebenin.com\/index.php\/2025\/01\/13\/sante-le-gouvernement-forme-3-000-aides-soignants-pour-le-chomage\/","og_site_name":"Le Patriote","article_published_time":"2025-01-13T01:11:01+00:00","article_modified_time":"2025-01-13T01:11:02+00:00","og_image":[{"width":1275,"height":713,"url":"https:\/\/lepatriotebenin.com\/wp-content\/uploads\/2025\/01\/pr-benjamin-hounkpatin-3.webp","type":"image\/webp"}],"author":"Comlan Paul ODAH","twitter_card":"summary_large_image","twitter_misc":{"\u00c9crit par":"Comlan Paul ODAH","Dur\u00e9e de lecture estim\u00e9e":"3 minutes"},"schema":{"@context":"https:\/\/schema.org","@graph":[{"@type":"Article","@id":"https:\/\/lepatriotebenin.com\/index.php\/2025\/01\/13\/sante-le-gouvernement-forme-3-000-aides-soignants-pour-le-chomage\/#article","isPartOf":{"@id":"https:\/\/lepatriotebenin.com\/index.php\/2025\/01\/13\/sante-le-gouvernement-forme-3-000-aides-soignants-pour-le-chomage\/"},"author":{"name":"Comlan Paul ODAH","@id":"https:\/\/lepatriotebenin.com\/#\/schema\/person\/6486fa44ec286eee49816deb241bcbbf"},"headline":"Sant\u00e9\u00a0: Le gouvernement forme 3.000 aides-soignants pour le ch\u00f4mage","datePublished":"2025-01-13T01:11:01+00:00","dateModified":"2025-01-13T01:11:02+00:00","mainEntityOfPage":{"@id":"https:\/\/lepatriotebenin.com\/index.php\/2025\/01\/13\/sante-le-gouvernement-forme-3-000-aides-soignants-pour-le-chomage\/"},"wordCount":657,"commentCount":5,"image":{"@id":"https:\/\/lepatriotebenin.com\/index.php\/2025\/01\/13\/sante-le-gouvernement-forme-3-000-aides-soignants-pour-le-chomage\/#primaryimage"},"thumbnailUrl":"https:\/\/lepatriotebenin.com\/wp-content\/uploads\/2025\/01\/pr-benjamin-hounkpatin-3.webp","articleSection":["Sant\u00e9"],"inLanguage":"fr-FR","potentialAction":[{"@type":"CommentAction","name":"Comment","target":["https:\/\/lepatriotebenin.com\/index.php\/2025\/01\/13\/sante-le-gouvernement-forme-3-000-aides-soignants-pour-le-chomage\/#respond"]}]},{"@type":"WebPage","@id":"https:\/\/lepatriotebenin.com\/index.php\/2025\/01\/13\/sante-le-gouvernement-forme-3-000-aides-soignants-pour-le-chomage\/","url":"https:\/\/lepatriotebenin.com\/index.php\/2025\/01\/13\/sante-le-gouvernement-forme-3-000-aides-soignants-pour-le-chomage\/","name":"Sant\u00e9\u00a0: Le gouvernement forme 3.000 aides-soignants pour le ch\u00f4mage - Le Patriote","isPartOf":{"@id":"https:\/\/lepatriotebenin.com\/#website"},"primaryImageOfPage":{"@id":"https:\/\/lepatriotebenin.com\/index.php\/2025\/01\/13\/sante-le-gouvernement-forme-3-000-aides-soignants-pour-le-chomage\/#primaryimage"},"image":{"@id":"https:\/\/lepatriotebenin.com\/index.php\/2025\/01\/13\/sante-le-gouvernement-forme-3-000-aides-soignants-pour-le-chomage\/#primaryimage"},"thumbnailUrl":"https:\/\/lepatriotebenin.com\/wp-content\/uploads\/2025\/01\/pr-benjamin-hounkpatin-3.webp","datePublished":"2025-01-13T01:11:01+00:00","dateModified":"2025-01-13T01:11:02+00:00","author":{"@id":"https:\/\/lepatriotebenin.com\/#\/schema\/person\/6486fa44ec286eee49816deb241bcbbf"},"breadcrumb":{"@id":"https:\/\/lepatriotebenin.com\/index.php\/2025\/01\/13\/sante-le-gouvernement-forme-3-000-aides-soignants-pour-le-chomage\/#breadcrumb"},"inLanguage":"fr-FR","potentialAction":[{"@type":"ReadAction","target":["https:\/\/lepatriotebenin.com\/index.php\/2025\/01\/13\/sante-le-gouvernement-forme-3-000-aides-soignants-pour-le-chomage\/"]}]},{"@type":"ImageObject","inLanguage":"fr-FR","@id":"https:\/\/lepatriotebenin.com\/index.php\/2025\/01\/13\/sante-le-gouvernement-forme-3-000-aides-soignants-pour-le-chomage\/#primaryimage","url":"https:\/\/lepatriotebenin.com\/wp-content\/uploads\/2025\/01\/pr-benjamin-hounkpatin-3.webp","contentUrl":"https:\/\/lepatriotebenin.com\/wp-content\/uploads\/2025\/01\/pr-benjamin-hounkpatin-3.webp","width":1275,"height":713},{"@type":"BreadcrumbList","@id":"https:\/\/lepatriotebenin.com\/index.php\/2025\/01\/13\/sante-le-gouvernement-forme-3-000-aides-soignants-pour-le-chomage\/#breadcrumb","itemListElement":[{"@type":"ListItem","position":1,"name":"Accueil","item":"https:\/\/lepatriotebenin.com\/"},{"@type":"ListItem","position":2,"name":"Sant\u00e9\u00a0: Le gouvernement forme 3.000 aides-soignants pour le ch\u00f4mage"}]},{"@type":"WebSite","@id":"https:\/\/lepatriotebenin.com\/#website","url":"https:\/\/lepatriotebenin.com\/","name":"Le Patriote","description":"Le Patriote B\u00e9nin","potentialAction":[{"@type":"SearchAction","target":{"@type":"EntryPoint","urlTemplate":"https:\/\/lepatriotebenin.com\/?s={search_term_string}"},"query-input":{"@type":"PropertyValueSpecification","valueRequired":true,"valueName":"search_term_string"}}],"inLanguage":"fr-FR"},{"@type":"Person","@id":"https:\/\/lepatriotebenin.com\/#\/schema\/person\/6486fa44ec286eee49816deb241bcbbf","name":"Comlan Paul ODAH","image":{"@type":"ImageObject","inLanguage":"fr-FR","@id":"https:\/\/secure.gravatar.com\/avatar\/c45cf8a86d3cde8c562d63858f4ea8947664bd10708ad75990c2938897d9dbe1?s=96&d=mm&r=g","url":"https:\/\/secure.gravatar.com\/avatar\/c45cf8a86d3cde8c562d63858f4ea8947664bd10708ad75990c2938897d9dbe1?s=96&d=mm&r=g","contentUrl":"https:\/\/secure.gravatar.com\/avatar\/c45cf8a86d3cde8c562d63858f4ea8947664bd10708ad75990c2938897d9dbe1?s=96&d=mm&r=g","caption":"Comlan Paul ODAH"},"url":"https:\/\/lepatriotebenin.com"}]}},"_links":{"self":[{"href":"https:\/\/lepatriotebenin.com\/index.php\/wp-json\/wp\/v2\/posts\/10324","targetHints":{"allow":["GET"]}}],"collection":[{"href":"https:\/\/lepatriotebenin.com\/index.php\/wp-json\/wp\/v2\/posts"}],"about":[{"href":"https:\/\/lepatriotebenin.com\/index.php\/wp-json\/wp\/v2\/types\/post"}],"author":[{"embeddable":true,"href":"https:\/\/lepatriotebenin.com\/index.php\/wp-json\/wp\/v2\/users\/12"}],"replies":[{"embeddable":true,"href":"https:\/\/lepatriotebenin.com\/index.php\/wp-json\/wp\/v2\/comments?post=10324"}],"version-history":[{"count":1,"href":"https:\/\/lepatriotebenin.com\/index.php\/wp-json\/wp\/v2\/posts\/10324\/revisions"}],"predecessor-version":[{"id":10326,"href":"https:\/\/lepatriotebenin.com\/index.php\/wp-json\/wp\/v2\/posts\/10324\/revisions\/10326"}],"wp:featuredmedia":[{"embeddable":true,"href":"https:\/\/lepatriotebenin.com\/index.php\/wp-json\/wp\/v2\/media\/10325"}],"wp:attachment":[{"href":"https:\/\/lepatriotebenin.com\/index.php\/wp-json\/wp\/v2\/media?parent=10324"}],"wp:term":[{"taxonomy":"category","embeddable":true,"href":"https:\/\/lepatriotebenin.com\/index.php\/wp-json\/wp\/v2\/categories?post=10324"},{"taxonomy":"post_tag","embeddable":true,"href":"https:\/\/lepatriotebenin.com\/index.php\/wp-json\/wp\/v2\/tags?post=10324"}],"curies":[{"name":"wp","href":"https:\/\/api.w.org\/{rel}","templated":true}]}}