{"id":10155,"date":"2025-01-06T11:55:58","date_gmt":"2025-01-06T10:55:58","guid":{"rendered":"https:\/\/lepatriotebenin.com\/?p=10155"},"modified":"2025-01-06T11:55:59","modified_gmt":"2025-01-06T10:55:59","slug":"seme-podji-les-filles-et-fils-du-village-agonsagbo-celebrent-leur-fete-identitaire-2024-avec-faste","status":"publish","type":"post","link":"https:\/\/lepatriotebenin.com\/index.php\/2025\/01\/06\/seme-podji-les-filles-et-fils-du-village-agonsagbo-celebrent-leur-fete-identitaire-2024-avec-faste\/","title":{"rendered":"S\u00e8m\u00e8- Podji :\u00a0 Les filles et fils du village Agonsagbo c\u00e9l\u00e8brent leur f\u00eate identitaire 2024 avec faste"},"content":{"rendered":"\n<p>L\u2019\u00e9cole primaire publique d\u2019Agonsagbo dans l\u2019arrondissement d\u2019Aholouy\u00e8m\u00e8, commune de S\u00e8m\u00e8-Podji, a servi de cadre le <strong>dimanche 29 d\u00e9cembre 2024<\/strong><strong>,<\/strong> \u00e0 la c\u00e9l\u00e9bration de la 2<sup>\u00e8me <\/sup>\u00e9dition de Agonsagbo XW\u00c9, apr\u00e8s l\u2019assembl\u00e9e g\u00e9n\u00e9rale annuelle ordinaire et statutaire de l\u2019Association pour le d\u00e9veloppement du village Agonsagbo (ADV Agonsagbo Gb\u00e9nonkpo).&nbsp; C\u2019est l\u2019occasion choisie, dans son pr\u00eache par le porte-parole des c\u00e9l\u00e9brants de la messe, d\u2019inviter les filles et fils d\u2019Agonsagbo, \u00e0 une union sacr\u00e9e, une union d\u00e9pouill\u00e9e d\u2019hypocrisie et remplie d\u2019amour, soutenue par l\u2019esprit de sacrifice et du don de soi. Il a demand\u00e9 d\u2019une part aux membres du bureau ex\u00e9cutif de l\u2019Association pour le d\u00e9veloppement du village Agonsagbo, de faire preuve d\u2019esprit de patience, du courage, de sollicitude pour mener la mission que la population leur a confi\u00e9e. D\u2019 autre part le pasteur a exhort\u00e9 les membres de ce bureau&nbsp; \u00e0, continuer de se battre pour la&nbsp; cause&nbsp; juste&nbsp; de leur&nbsp; village Agonsagbo, pour l\u2019am\u00e9lioration&nbsp; des conditions de vie&nbsp; de la population, et&nbsp; cultiver le vivre ensemble, le pardon , la tol\u00e9rance, la paix&nbsp; et surtout&nbsp; la crainte de&nbsp; Dieu.\u201c Ch\u00e8re population soyez unie derri\u00e8re ce bureau et donnez-leur les moyens pour atteindre les objectifs fix\u00e9s\u201d a-t-il l\u00e2ch\u00e9 avant de convier les jeunes de ce village, \u00e0 respecter les ain\u00e9s, \u00e0 travailler dur pour gagner leur vie et \u00e0 laisser les jeunes filles \u00e9voluer \u00e0 l\u2019\u00e9cole et dans leurs lieux d\u2019apprentissage.<\/p>\n\n\n\n<p><strong>Pour Martin Bakary,<\/strong> enseignant \u00e0 la retraite et 2<sup>\u00e8me<\/sup> vice pr\u00e9sident de&nbsp;&nbsp; l\u2019Association, bien que la morosit\u00e9 \u00e9conomique soit ambiante dans le pays, les filles et fils du village se sont efforc\u00e9s pour remplir leurs obligations vis-\u00e0-vis du comit\u00e9 d\u2019organisation de cette f\u00eate. Concernant la voie menant de Yagb\u00e9 \u00e0 \u00e0 Agonsagbo, le 2<sup>\u00e8me<\/sup> vice pr\u00e9sident de cette association a pris l\u2019engagement que cette route sera faite, car, dit-il, c\u2019est dans ce combat que les membres du bureau de ce creuset sont tous. \u201c<em> Il y a des projets de bitumages des routes par ici. Nous implorons la cl\u00e9mence du gouvernement pour que les gens puissent penser v\u00e9ritablement \u00e0 notre voie pour desservir les autres localit\u00e9s \u201c<\/em> a -t-il pr\u00e9cis\u00e9.<\/p>\n\n\n\n<p>Quant au Pr\u00e9sident de ADV Agonsagbo , <strong>Jean- Marie Hou\u00e8gbonou<\/strong>, il a&nbsp; signifi\u00e9 que \u201ccette&nbsp; ann\u00e9e 2024 a \u00e9t\u00e9 une ann\u00e9e difficile pour l\u2019association du fait de certains dysfonctionnements et des probl\u00e8mes \u00e9conomiques dans la sous r\u00e9gion&nbsp; avec ses effets&nbsp; sur la capacit\u00e9&nbsp; financi\u00e8re\u201d de leurs fr\u00e8res et s\u0153urs . Il a, par la suite, affirm\u00e9 qu\u2019il compte sur le soutien de toutes et tous pour mener \u00e0 bien la mission qui a \u00e9t\u00e9 confi\u00e9e \u00e0 lui et les membres de son bureau.&nbsp; Il est tr\u00e8s d\u00e9termin\u00e9 avec son \u00e9quipe \u00e0 r\u00e9ussir cette mission notamment le d\u00e9veloppement de cette localit\u00e9 qui tient \u00e0 c\u0153ur \u00e0 tous les filles et fils.. Faut-il le pr\u00e9ciser, un appel de fonds a \u00e9t\u00e9 fait pour achever le module de classes inachev\u00e9 dans l\u2019\u00e9cole primaire publique d\u2019Agonsagbo.<\/p>\n\n\n\n<p>Faut-il le rappeler, cette f\u00eate a connu en dehors de la pr\u00e9sence des filles et fils du villages, celle de diverses autorit\u00e9s dont des d\u00e9put\u00e9s, des maires le repr\u00e9sentant du pr\u00e9fet de l\u2019Ou\u00e9m\u00e9, des directeurs d\u00e9partementaux des services publiques de l\u2019Etat, des \u00e9lus locaux et des responsables des associations de de d\u00e9veloppement des villages environnants.\u00a0\u00a0\u00a0<\/p>\n\n\n\n<figure class=\"wp-block-image size-large is-resized\"><img fetchpriority=\"high\" decoding=\"async\" width=\"1080\" height=\"810\" src=\"https:\/\/lepatriotebenin.com\/wp-content\/uploads\/2024\/12\/8-1024x768.jpg\" alt=\"\" class=\"wp-image-10076\" style=\"aspect-ratio:1.3333333333333333;width:780px;height:auto\" srcset=\"https:\/\/lepatriotebenin.com\/wp-content\/uploads\/2024\/12\/8-1024x768.jpg 1024w, https:\/\/lepatriotebenin.com\/wp-content\/uploads\/2024\/12\/8-300x225.jpg 300w, https:\/\/lepatriotebenin.com\/wp-content\/uploads\/2024\/12\/8-768x576.jpg 768w, https:\/\/lepatriotebenin.com\/wp-content\/uploads\/2024\/12\/8-585x439.jpg 585w, https:\/\/lepatriotebenin.com\/wp-content\/uploads\/2024\/12\/8.jpg 1080w\" sizes=\"(max-width: 1080px) 100vw, 1080px\" \/><\/figure>\n\n\n\n<figure class=\"wp-block-image size-large\"><img decoding=\"async\" width=\"1024\" height=\"768\" src=\"https:\/\/lepatriotebenin.com\/wp-content\/uploads\/2024\/12\/7-1024x768.jpg\" alt=\"\" class=\"wp-image-10075\" srcset=\"https:\/\/lepatriotebenin.com\/wp-content\/uploads\/2024\/12\/7-1024x768.jpg 1024w, https:\/\/lepatriotebenin.com\/wp-content\/uploads\/2024\/12\/7-300x225.jpg 300w, https:\/\/lepatriotebenin.com\/wp-content\/uploads\/2024\/12\/7-768x576.jpg 768w, https:\/\/lepatriotebenin.com\/wp-content\/uploads\/2024\/12\/7-585x439.jpg 585w, https:\/\/lepatriotebenin.com\/wp-content\/uploads\/2024\/12\/7.jpg 1080w\" sizes=\"(max-width: 1024px) 100vw, 1024px\" \/><\/figure>\n\n\n\n<figure class=\"wp-block-image size-large\"><img decoding=\"async\" width=\"1024\" height=\"768\" src=\"https:\/\/lepatriotebenin.com\/wp-content\/uploads\/2024\/12\/4-1-1024x768.jpg\" alt=\"\" class=\"wp-image-10074\" srcset=\"https:\/\/lepatriotebenin.com\/wp-content\/uploads\/2024\/12\/4-1-1024x768.jpg 1024w, https:\/\/lepatriotebenin.com\/wp-content\/uploads\/2024\/12\/4-1-300x225.jpg 300w, https:\/\/lepatriotebenin.com\/wp-content\/uploads\/2024\/12\/4-1-768x576.jpg 768w, https:\/\/lepatriotebenin.com\/wp-content\/uploads\/2024\/12\/4-1-585x439.jpg 585w, https:\/\/lepatriotebenin.com\/wp-content\/uploads\/2024\/12\/4-1.jpg 1080w\" sizes=\"(max-width: 1024px) 100vw, 1024px\" \/><\/figure>\n\n\n\n<figure class=\"wp-block-image size-large\"><img loading=\"lazy\" decoding=\"async\" width=\"1024\" height=\"768\" src=\"https:\/\/lepatriotebenin.com\/wp-content\/uploads\/2024\/12\/sem7-kpodji-fils-et-filles-1024x768.jpg\" alt=\"\" class=\"wp-image-10073\" srcset=\"https:\/\/lepatriotebenin.com\/wp-content\/uploads\/2024\/12\/sem7-kpodji-fils-et-filles-1024x768.jpg 1024w, https:\/\/lepatriotebenin.com\/wp-content\/uploads\/2024\/12\/sem7-kpodji-fils-et-filles-300x225.jpg 300w, https:\/\/lepatriotebenin.com\/wp-content\/uploads\/2024\/12\/sem7-kpodji-fils-et-filles-768x576.jpg 768w, https:\/\/lepatriotebenin.com\/wp-content\/uploads\/2024\/12\/sem7-kpodji-fils-et-filles-585x439.jpg 585w, https:\/\/lepatriotebenin.com\/wp-content\/uploads\/2024\/12\/sem7-kpodji-fils-et-filles.jpg 1080w\" sizes=\"(max-width: 1024px) 100vw, 1024px\" \/><\/figure>\n\n\n\n<figure class=\"wp-block-image size-large\"><img loading=\"lazy\" decoding=\"async\" width=\"1024\" height=\"768\" src=\"https:\/\/lepatriotebenin.com\/wp-content\/uploads\/2025\/01\/whatsapp-image-2025-01-06-a-11-15-48-3af934ad-1024x768.jpg\" alt=\"\" class=\"wp-image-10156\" srcset=\"https:\/\/lepatriotebenin.com\/wp-content\/uploads\/2025\/01\/whatsapp-image-2025-01-06-a-11-15-48-3af934ad-1024x768.jpg 1024w, https:\/\/lepatriotebenin.com\/wp-content\/uploads\/2025\/01\/whatsapp-image-2025-01-06-a-11-15-48-3af934ad-300x225.jpg 300w, https:\/\/lepatriotebenin.com\/wp-content\/uploads\/2025\/01\/whatsapp-image-2025-01-06-a-11-15-48-3af934ad-768x576.jpg 768w, https:\/\/lepatriotebenin.com\/wp-content\/uploads\/2025\/01\/whatsapp-image-2025-01-06-a-11-15-48-3af934ad-585x439.jpg 585w, https:\/\/lepatriotebenin.com\/wp-content\/uploads\/2025\/01\/whatsapp-image-2025-01-06-a-11-15-48-3af934ad.jpg 1080w\" sizes=\"(max-width: 1024px) 100vw, 1024px\" \/><\/figure>\n","protected":false},"excerpt":{"rendered":"<p>L\u2019\u00e9cole primaire publique d\u2019Agonsagbo dans l\u2019arrondissement d\u2019Aholouy\u00e8m\u00e8, commune de S\u00e8m\u00e8-Podji, a servi de cadre le dimanche 29 d\u00e9cembre 2024, \u00e0 la c\u00e9l\u00e9bration de la 2\u00e8me \u00e9dition de Agonsagbo XW\u00c9, apr\u00e8s&hellip;<\/p>\n","protected":false},"author":6,"featured_media":10077,"comment_status":"open","ping_status":"open","sticky":false,"template":"","format":"standard","meta":{"content-type":"","om_disable_all_campaigns":false,"_monsterinsights_skip_tracking":false,"_monsterinsights_sitenote_active":false,"_monsterinsights_sitenote_note":"","_monsterinsights_sitenote_category":0,"_uf_show_specific_survey":0,"_uf_disable_surveys":false,"footnotes":""},"categories":[29],"tags":[],"class_list":["post-10155","post","type-post","status-publish","format-standard","has-post-thumbnail","hentry","category-culture"],"aioseo_notices":[],"yoast_head":"<!-- This site is optimized with the Yoast SEO plugin v27.5 - https:\/\/yoast.com\/product\/yoast-seo-wordpress\/ -->\n<title>S\u00e8m\u00e8- Podji :\u00a0 Les filles et fils du village Agonsagbo c\u00e9l\u00e8brent leur f\u00eate identitaire 2024 avec faste - Le Patriote<\/title>\n<meta name=\"robots\" content=\"index, follow, max-snippet:-1, max-image-preview:large, max-video-preview:-1\" \/>\n<link rel=\"canonical\" href=\"https:\/\/lepatriotebenin.com\/index.php\/2025\/01\/06\/seme-podji-les-filles-et-fils-du-village-agonsagbo-celebrent-leur-fete-identitaire-2024-avec-faste\/\" \/>\n<meta property=\"og:locale\" content=\"fr_FR\" \/>\n<meta property=\"og:type\" content=\"article\" \/>\n<meta property=\"og:title\" content=\"S\u00e8m\u00e8- Podji :\u00a0 Les filles et fils du village Agonsagbo c\u00e9l\u00e8brent leur f\u00eate identitaire 2024 avec faste - Le Patriote\" \/>\n<meta property=\"og:description\" content=\"L\u2019\u00e9cole primaire publique d\u2019Agonsagbo dans l\u2019arrondissement d\u2019Aholouy\u00e8m\u00e8, commune de S\u00e8m\u00e8-Podji, a servi de cadre le dimanche 29 d\u00e9cembre 2024, \u00e0 la c\u00e9l\u00e9bration de la 2\u00e8me \u00e9dition de Agonsagbo XW\u00c9, apr\u00e8s&hellip;\" \/>\n<meta property=\"og:url\" content=\"https:\/\/lepatriotebenin.com\/index.php\/2025\/01\/06\/seme-podji-les-filles-et-fils-du-village-agonsagbo-celebrent-leur-fete-identitaire-2024-avec-faste\/\" \/>\n<meta property=\"og:site_name\" content=\"Le Patriote\" \/>\n<meta property=\"article:published_time\" content=\"2025-01-06T10:55:58+00:00\" \/>\n<meta property=\"article:modified_time\" content=\"2025-01-06T10:55:59+00:00\" \/>\n<meta property=\"og:image\" content=\"https:\/\/lepatriotebenin.com\/wp-content\/uploads\/2024\/12\/5.jpg\" \/>\n\t<meta property=\"og:image:width\" content=\"1080\" \/>\n\t<meta property=\"og:image:height\" content=\"810\" \/>\n\t<meta property=\"og:image:type\" content=\"image\/jpeg\" \/>\n<meta name=\"author\" content=\"Roland AFFANOU\" \/>\n<meta name=\"twitter:card\" content=\"summary_large_image\" \/>\n<meta name=\"twitter:label1\" content=\"\u00c9crit par\" \/>\n\t<meta name=\"twitter:data1\" content=\"Roland AFFANOU\" \/>\n\t<meta name=\"twitter:label2\" content=\"Dur\u00e9e de lecture estim\u00e9e\" \/>\n\t<meta name=\"twitter:data2\" content=\"4 minutes\" \/>\n<script type=\"application\/ld+json\" class=\"yoast-schema-graph\">{\"@context\":\"https:\\\/\\\/schema.org\",\"@graph\":[{\"@type\":\"Article\",\"@id\":\"https:\\\/\\\/lepatriotebenin.com\\\/index.php\\\/2025\\\/01\\\/06\\\/seme-podji-les-filles-et-fils-du-village-agonsagbo-celebrent-leur-fete-identitaire-2024-avec-faste\\\/#article\",\"isPartOf\":{\"@id\":\"https:\\\/\\\/lepatriotebenin.com\\\/index.php\\\/2025\\\/01\\\/06\\\/seme-podji-les-filles-et-fils-du-village-agonsagbo-celebrent-leur-fete-identitaire-2024-avec-faste\\\/\"},\"author\":{\"name\":\"Roland AFFANOU\",\"@id\":\"https:\\\/\\\/lepatriotebenin.com\\\/#\\\/schema\\\/person\\\/4a9b67216c97d04045e01405c534c91f\"},\"headline\":\"S\u00e8m\u00e8- Podji :\u00a0 Les filles et fils du village Agonsagbo c\u00e9l\u00e8brent leur f\u00eate identitaire 2024 avec faste\",\"datePublished\":\"2025-01-06T10:55:58+00:00\",\"dateModified\":\"2025-01-06T10:55:59+00:00\",\"mainEntityOfPage\":{\"@id\":\"https:\\\/\\\/lepatriotebenin.com\\\/index.php\\\/2025\\\/01\\\/06\\\/seme-podji-les-filles-et-fils-du-village-agonsagbo-celebrent-leur-fete-identitaire-2024-avec-faste\\\/\"},\"wordCount\":644,\"commentCount\":0,\"image\":{\"@id\":\"https:\\\/\\\/lepatriotebenin.com\\\/index.php\\\/2025\\\/01\\\/06\\\/seme-podji-les-filles-et-fils-du-village-agonsagbo-celebrent-leur-fete-identitaire-2024-avec-faste\\\/#primaryimage\"},\"thumbnailUrl\":\"https:\\\/\\\/lepatriotebenin.com\\\/wp-content\\\/uploads\\\/2024\\\/12\\\/5.jpg\",\"articleSection\":[\"Culture\"],\"inLanguage\":\"fr-FR\",\"potentialAction\":[{\"@type\":\"CommentAction\",\"name\":\"Comment\",\"target\":[\"https:\\\/\\\/lepatriotebenin.com\\\/index.php\\\/2025\\\/01\\\/06\\\/seme-podji-les-filles-et-fils-du-village-agonsagbo-celebrent-leur-fete-identitaire-2024-avec-faste\\\/#respond\"]}]},{\"@type\":\"WebPage\",\"@id\":\"https:\\\/\\\/lepatriotebenin.com\\\/index.php\\\/2025\\\/01\\\/06\\\/seme-podji-les-filles-et-fils-du-village-agonsagbo-celebrent-leur-fete-identitaire-2024-avec-faste\\\/\",\"url\":\"https:\\\/\\\/lepatriotebenin.com\\\/index.php\\\/2025\\\/01\\\/06\\\/seme-podji-les-filles-et-fils-du-village-agonsagbo-celebrent-leur-fete-identitaire-2024-avec-faste\\\/\",\"name\":\"S\u00e8m\u00e8- Podji :\u00a0 Les filles et fils du village Agonsagbo c\u00e9l\u00e8brent leur f\u00eate identitaire 2024 avec faste - Le Patriote\",\"isPartOf\":{\"@id\":\"https:\\\/\\\/lepatriotebenin.com\\\/#website\"},\"primaryImageOfPage\":{\"@id\":\"https:\\\/\\\/lepatriotebenin.com\\\/index.php\\\/2025\\\/01\\\/06\\\/seme-podji-les-filles-et-fils-du-village-agonsagbo-celebrent-leur-fete-identitaire-2024-avec-faste\\\/#primaryimage\"},\"image\":{\"@id\":\"https:\\\/\\\/lepatriotebenin.com\\\/index.php\\\/2025\\\/01\\\/06\\\/seme-podji-les-filles-et-fils-du-village-agonsagbo-celebrent-leur-fete-identitaire-2024-avec-faste\\\/#primaryimage\"},\"thumbnailUrl\":\"https:\\\/\\\/lepatriotebenin.com\\\/wp-content\\\/uploads\\\/2024\\\/12\\\/5.jpg\",\"datePublished\":\"2025-01-06T10:55:58+00:00\",\"dateModified\":\"2025-01-06T10:55:59+00:00\",\"author\":{\"@id\":\"https:\\\/\\\/lepatriotebenin.com\\\/#\\\/schema\\\/person\\\/4a9b67216c97d04045e01405c534c91f\"},\"breadcrumb\":{\"@id\":\"https:\\\/\\\/lepatriotebenin.com\\\/index.php\\\/2025\\\/01\\\/06\\\/seme-podji-les-filles-et-fils-du-village-agonsagbo-celebrent-leur-fete-identitaire-2024-avec-faste\\\/#breadcrumb\"},\"inLanguage\":\"fr-FR\",\"potentialAction\":[{\"@type\":\"ReadAction\",\"target\":[\"https:\\\/\\\/lepatriotebenin.com\\\/index.php\\\/2025\\\/01\\\/06\\\/seme-podji-les-filles-et-fils-du-village-agonsagbo-celebrent-leur-fete-identitaire-2024-avec-faste\\\/\"]}]},{\"@type\":\"ImageObject\",\"inLanguage\":\"fr-FR\",\"@id\":\"https:\\\/\\\/lepatriotebenin.com\\\/index.php\\\/2025\\\/01\\\/06\\\/seme-podji-les-filles-et-fils-du-village-agonsagbo-celebrent-leur-fete-identitaire-2024-avec-faste\\\/#primaryimage\",\"url\":\"https:\\\/\\\/lepatriotebenin.com\\\/wp-content\\\/uploads\\\/2024\\\/12\\\/5.jpg\",\"contentUrl\":\"https:\\\/\\\/lepatriotebenin.com\\\/wp-content\\\/uploads\\\/2024\\\/12\\\/5.jpg\",\"width\":1080,\"height\":810},{\"@type\":\"BreadcrumbList\",\"@id\":\"https:\\\/\\\/lepatriotebenin.com\\\/index.php\\\/2025\\\/01\\\/06\\\/seme-podji-les-filles-et-fils-du-village-agonsagbo-celebrent-leur-fete-identitaire-2024-avec-faste\\\/#breadcrumb\",\"itemListElement\":[{\"@type\":\"ListItem\",\"position\":1,\"name\":\"Accueil\",\"item\":\"https:\\\/\\\/lepatriotebenin.com\\\/\"},{\"@type\":\"ListItem\",\"position\":2,\"name\":\"S\u00e8m\u00e8- Podji :\u00a0 Les filles et fils du village Agonsagbo c\u00e9l\u00e8brent leur f\u00eate identitaire 2024 avec faste\"}]},{\"@type\":\"WebSite\",\"@id\":\"https:\\\/\\\/lepatriotebenin.com\\\/#website\",\"url\":\"https:\\\/\\\/lepatriotebenin.com\\\/\",\"name\":\"Le Patriote\",\"description\":\"Le Patriote B\u00e9nin\",\"potentialAction\":[{\"@type\":\"SearchAction\",\"target\":{\"@type\":\"EntryPoint\",\"urlTemplate\":\"https:\\\/\\\/lepatriotebenin.com\\\/?s={search_term_string}\"},\"query-input\":{\"@type\":\"PropertyValueSpecification\",\"valueRequired\":true,\"valueName\":\"search_term_string\"}}],\"inLanguage\":\"fr-FR\"},{\"@type\":\"Person\",\"@id\":\"https:\\\/\\\/lepatriotebenin.com\\\/#\\\/schema\\\/person\\\/4a9b67216c97d04045e01405c534c91f\",\"name\":\"Roland AFFANOU\",\"image\":{\"@type\":\"ImageObject\",\"inLanguage\":\"fr-FR\",\"@id\":\"https:\\\/\\\/secure.gravatar.com\\\/avatar\\\/7209d3f6d2d47ea4d0c67e14d3effb61feb10ae540a4381280c66265de5bd643?s=96&d=mm&r=g\",\"url\":\"https:\\\/\\\/secure.gravatar.com\\\/avatar\\\/7209d3f6d2d47ea4d0c67e14d3effb61feb10ae540a4381280c66265de5bd643?s=96&d=mm&r=g\",\"contentUrl\":\"https:\\\/\\\/secure.gravatar.com\\\/avatar\\\/7209d3f6d2d47ea4d0c67e14d3effb61feb10ae540a4381280c66265de5bd643?s=96&d=mm&r=g\",\"caption\":\"Roland AFFANOU\"},\"url\":\"https:\\\/\\\/lepatriotebenin.com\"}]}<\/script>\n<!-- \/ Yoast SEO plugin. -->","yoast_head_json":{"title":"S\u00e8m\u00e8- Podji :\u00a0 Les filles et fils du village Agonsagbo c\u00e9l\u00e8brent leur f\u00eate identitaire 2024 avec faste - Le Patriote","robots":{"index":"index","follow":"follow","max-snippet":"max-snippet:-1","max-image-preview":"max-image-preview:large","max-video-preview":"max-video-preview:-1"},"canonical":"https:\/\/lepatriotebenin.com\/index.php\/2025\/01\/06\/seme-podji-les-filles-et-fils-du-village-agonsagbo-celebrent-leur-fete-identitaire-2024-avec-faste\/","og_locale":"fr_FR","og_type":"article","og_title":"S\u00e8m\u00e8- Podji :\u00a0 Les filles et fils du village Agonsagbo c\u00e9l\u00e8brent leur f\u00eate identitaire 2024 avec faste - Le Patriote","og_description":"L\u2019\u00e9cole primaire publique d\u2019Agonsagbo dans l\u2019arrondissement d\u2019Aholouy\u00e8m\u00e8, commune de S\u00e8m\u00e8-Podji, a servi de cadre le dimanche 29 d\u00e9cembre 2024, \u00e0 la c\u00e9l\u00e9bration de la 2\u00e8me \u00e9dition de Agonsagbo XW\u00c9, apr\u00e8s&hellip;","og_url":"https:\/\/lepatriotebenin.com\/index.php\/2025\/01\/06\/seme-podji-les-filles-et-fils-du-village-agonsagbo-celebrent-leur-fete-identitaire-2024-avec-faste\/","og_site_name":"Le Patriote","article_published_time":"2025-01-06T10:55:58+00:00","article_modified_time":"2025-01-06T10:55:59+00:00","og_image":[{"width":1080,"height":810,"url":"https:\/\/lepatriotebenin.com\/wp-content\/uploads\/2024\/12\/5.jpg","type":"image\/jpeg"}],"author":"Roland AFFANOU","twitter_card":"summary_large_image","twitter_misc":{"\u00c9crit par":"Roland AFFANOU","Dur\u00e9e de lecture estim\u00e9e":"4 minutes"},"schema":{"@context":"https:\/\/schema.org","@graph":[{"@type":"Article","@id":"https:\/\/lepatriotebenin.com\/index.php\/2025\/01\/06\/seme-podji-les-filles-et-fils-du-village-agonsagbo-celebrent-leur-fete-identitaire-2024-avec-faste\/#article","isPartOf":{"@id":"https:\/\/lepatriotebenin.com\/index.php\/2025\/01\/06\/seme-podji-les-filles-et-fils-du-village-agonsagbo-celebrent-leur-fete-identitaire-2024-avec-faste\/"},"author":{"name":"Roland AFFANOU","@id":"https:\/\/lepatriotebenin.com\/#\/schema\/person\/4a9b67216c97d04045e01405c534c91f"},"headline":"S\u00e8m\u00e8- Podji :\u00a0 Les filles et fils du village Agonsagbo c\u00e9l\u00e8brent leur f\u00eate identitaire 2024 avec faste","datePublished":"2025-01-06T10:55:58+00:00","dateModified":"2025-01-06T10:55:59+00:00","mainEntityOfPage":{"@id":"https:\/\/lepatriotebenin.com\/index.php\/2025\/01\/06\/seme-podji-les-filles-et-fils-du-village-agonsagbo-celebrent-leur-fete-identitaire-2024-avec-faste\/"},"wordCount":644,"commentCount":0,"image":{"@id":"https:\/\/lepatriotebenin.com\/index.php\/2025\/01\/06\/seme-podji-les-filles-et-fils-du-village-agonsagbo-celebrent-leur-fete-identitaire-2024-avec-faste\/#primaryimage"},"thumbnailUrl":"https:\/\/lepatriotebenin.com\/wp-content\/uploads\/2024\/12\/5.jpg","articleSection":["Culture"],"inLanguage":"fr-FR","potentialAction":[{"@type":"CommentAction","name":"Comment","target":["https:\/\/lepatriotebenin.com\/index.php\/2025\/01\/06\/seme-podji-les-filles-et-fils-du-village-agonsagbo-celebrent-leur-fete-identitaire-2024-avec-faste\/#respond"]}]},{"@type":"WebPage","@id":"https:\/\/lepatriotebenin.com\/index.php\/2025\/01\/06\/seme-podji-les-filles-et-fils-du-village-agonsagbo-celebrent-leur-fete-identitaire-2024-avec-faste\/","url":"https:\/\/lepatriotebenin.com\/index.php\/2025\/01\/06\/seme-podji-les-filles-et-fils-du-village-agonsagbo-celebrent-leur-fete-identitaire-2024-avec-faste\/","name":"S\u00e8m\u00e8- Podji :\u00a0 Les filles et fils du village Agonsagbo c\u00e9l\u00e8brent leur f\u00eate identitaire 2024 avec faste - Le Patriote","isPartOf":{"@id":"https:\/\/lepatriotebenin.com\/#website"},"primaryImageOfPage":{"@id":"https:\/\/lepatriotebenin.com\/index.php\/2025\/01\/06\/seme-podji-les-filles-et-fils-du-village-agonsagbo-celebrent-leur-fete-identitaire-2024-avec-faste\/#primaryimage"},"image":{"@id":"https:\/\/lepatriotebenin.com\/index.php\/2025\/01\/06\/seme-podji-les-filles-et-fils-du-village-agonsagbo-celebrent-leur-fete-identitaire-2024-avec-faste\/#primaryimage"},"thumbnailUrl":"https:\/\/lepatriotebenin.com\/wp-content\/uploads\/2024\/12\/5.jpg","datePublished":"2025-01-06T10:55:58+00:00","dateModified":"2025-01-06T10:55:59+00:00","author":{"@id":"https:\/\/lepatriotebenin.com\/#\/schema\/person\/4a9b67216c97d04045e01405c534c91f"},"breadcrumb":{"@id":"https:\/\/lepatriotebenin.com\/index.php\/2025\/01\/06\/seme-podji-les-filles-et-fils-du-village-agonsagbo-celebrent-leur-fete-identitaire-2024-avec-faste\/#breadcrumb"},"inLanguage":"fr-FR","potentialAction":[{"@type":"ReadAction","target":["https:\/\/lepatriotebenin.com\/index.php\/2025\/01\/06\/seme-podji-les-filles-et-fils-du-village-agonsagbo-celebrent-leur-fete-identitaire-2024-avec-faste\/"]}]},{"@type":"ImageObject","inLanguage":"fr-FR","@id":"https:\/\/lepatriotebenin.com\/index.php\/2025\/01\/06\/seme-podji-les-filles-et-fils-du-village-agonsagbo-celebrent-leur-fete-identitaire-2024-avec-faste\/#primaryimage","url":"https:\/\/lepatriotebenin.com\/wp-content\/uploads\/2024\/12\/5.jpg","contentUrl":"https:\/\/lepatriotebenin.com\/wp-content\/uploads\/2024\/12\/5.jpg","width":1080,"height":810},{"@type":"BreadcrumbList","@id":"https:\/\/lepatriotebenin.com\/index.php\/2025\/01\/06\/seme-podji-les-filles-et-fils-du-village-agonsagbo-celebrent-leur-fete-identitaire-2024-avec-faste\/#breadcrumb","itemListElement":[{"@type":"ListItem","position":1,"name":"Accueil","item":"https:\/\/lepatriotebenin.com\/"},{"@type":"ListItem","position":2,"name":"S\u00e8m\u00e8- Podji :\u00a0 Les filles et fils du village Agonsagbo c\u00e9l\u00e8brent leur f\u00eate identitaire 2024 avec faste"}]},{"@type":"WebSite","@id":"https:\/\/lepatriotebenin.com\/#website","url":"https:\/\/lepatriotebenin.com\/","name":"Le Patriote","description":"Le Patriote B\u00e9nin","potentialAction":[{"@type":"SearchAction","target":{"@type":"EntryPoint","urlTemplate":"https:\/\/lepatriotebenin.com\/?s={search_term_string}"},"query-input":{"@type":"PropertyValueSpecification","valueRequired":true,"valueName":"search_term_string"}}],"inLanguage":"fr-FR"},{"@type":"Person","@id":"https:\/\/lepatriotebenin.com\/#\/schema\/person\/4a9b67216c97d04045e01405c534c91f","name":"Roland AFFANOU","image":{"@type":"ImageObject","inLanguage":"fr-FR","@id":"https:\/\/secure.gravatar.com\/avatar\/7209d3f6d2d47ea4d0c67e14d3effb61feb10ae540a4381280c66265de5bd643?s=96&d=mm&r=g","url":"https:\/\/secure.gravatar.com\/avatar\/7209d3f6d2d47ea4d0c67e14d3effb61feb10ae540a4381280c66265de5bd643?s=96&d=mm&r=g","contentUrl":"https:\/\/secure.gravatar.com\/avatar\/7209d3f6d2d47ea4d0c67e14d3effb61feb10ae540a4381280c66265de5bd643?s=96&d=mm&r=g","caption":"Roland AFFANOU"},"url":"https:\/\/lepatriotebenin.com"}]}},"_links":{"self":[{"href":"https:\/\/lepatriotebenin.com\/index.php\/wp-json\/wp\/v2\/posts\/10155","targetHints":{"allow":["GET"]}}],"collection":[{"href":"https:\/\/lepatriotebenin.com\/index.php\/wp-json\/wp\/v2\/posts"}],"about":[{"href":"https:\/\/lepatriotebenin.com\/index.php\/wp-json\/wp\/v2\/types\/post"}],"author":[{"embeddable":true,"href":"https:\/\/lepatriotebenin.com\/index.php\/wp-json\/wp\/v2\/users\/6"}],"replies":[{"embeddable":true,"href":"https:\/\/lepatriotebenin.com\/index.php\/wp-json\/wp\/v2\/comments?post=10155"}],"version-history":[{"count":1,"href":"https:\/\/lepatriotebenin.com\/index.php\/wp-json\/wp\/v2\/posts\/10155\/revisions"}],"predecessor-version":[{"id":10157,"href":"https:\/\/lepatriotebenin.com\/index.php\/wp-json\/wp\/v2\/posts\/10155\/revisions\/10157"}],"wp:featuredmedia":[{"embeddable":true,"href":"https:\/\/lepatriotebenin.com\/index.php\/wp-json\/wp\/v2\/media\/10077"}],"wp:attachment":[{"href":"https:\/\/lepatriotebenin.com\/index.php\/wp-json\/wp\/v2\/media?parent=10155"}],"wp:term":[{"taxonomy":"category","embeddable":true,"href":"https:\/\/lepatriotebenin.com\/index.php\/wp-json\/wp\/v2\/categories?post=10155"},{"taxonomy":"post_tag","embeddable":true,"href":"https:\/\/lepatriotebenin.com\/index.php\/wp-json\/wp\/v2\/tags?post=10155"}],"curies":[{"name":"wp","href":"https:\/\/api.w.org\/{rel}","templated":true}]}}