{"id":10152,"date":"2025-01-06T08:43:37","date_gmt":"2025-01-06T07:43:37","guid":{"rendered":"https:\/\/lepatriotebenin.com\/?p=10152"},"modified":"2025-01-06T08:49:39","modified_gmt":"2025-01-06T07:49:39","slug":"tournee-de-remobilisation-des-ld-dans-la-13eme-lhe-tairou-imorou-accueilli-en-heros-a-kolokonde-et-bellefoungou","status":"publish","type":"post","link":"https:\/\/lepatriotebenin.com\/index.php\/2025\/01\/06\/tournee-de-remobilisation-des-ld-dans-la-13eme-lhe-tairou-imorou-accueilli-en-heros-a-kolokonde-et-bellefoungou\/","title":{"rendered":"Tourn\u00e9e de remobilisation des LD dans la 13\u00e8me : L\u2019He Ta\u00efrou Imorou accueilli en h\u00e9ros \u00e0 Kolokond\u00e9 et B\u00e9ll\u00e9foungou"},"content":{"rendered":"\n<p><em>Du <strong>30 au 31 d\u00e9cembre 2024,<\/strong> les populations des arrondissements de <strong>Kolokond\u00e9 et de B\u00e9ll\u00e9foungou <\/strong>ont re\u00e7u la visite de leur \u00e9lu, l\u2019honorable<strong> Ta\u00efrou Imorou<\/strong>. Accompagn\u00e9 d\u2019une forte d\u00e9l\u00e9gation du parti Les D\u00e9mocrates de la 13\u00e8me circonscription \u00e9lectorale, le d\u00e9put\u00e9 est all\u00e9 non seulement remercier ses mandants pour leurs votes massifs au profit du parti Les D\u00e9mocrates le <strong>08 janvier 2023<\/strong> mais aussi et surtout les remobiliser pour les prochaines \u00e9lections. C\u2019\u00e9tait \u00e9galement l\u2019occasion pour l\u2019\u00e9lu de faire le point des actions de son groupe parlementaire et du parti, aux populations.<\/em><br>Compos\u00e9e de <strong>Wahidou Roufa\u00ef Adekambi <\/strong>coordonnateur de la 13\u00e8me circonscription \u00e9lectorale,<strong> Imorou Alaza Djaffor <\/strong>suppliant de l&rsquo;honorable Imorou Ta\u00efrou et secr\u00e9taire administratif de la 13\u00e8me circonscription \u00e9lectorale, <strong>Fousseni Yacoubou <\/strong>coordonnateur communal de Djougou, <strong>Aladji Yao<\/strong> vice coordonnateur communal,<strong> Idrissou Awali<\/strong> dit<strong> Betika<\/strong> charg\u00e9 de la jeunesse des sports et loisirs de la 13 \u00e8me circonscription \u00e9lectorale, la d\u00e9l\u00e9gation conduite par le d\u00e9put\u00e9 a \u00e9t\u00e9 tr\u00e8s bien accueillie par les populations de Kolokond\u00e9 et de B\u00e9ll\u00e9foungou et mieux encore l\u2019\u00e9lu Ta\u00eerou imorou a \u00e9t\u00e9 re\u00e7u en h\u00e9ros pour son engagement, sa fid\u00e9lit\u00e9, sa d\u00e9termination et ses actions pour les populations de Djougou et au sein du parti de la Flamme. De m\u00e9moire des populations de ses localit\u00e9s, c\u2019est la premi\u00e8re fois qu\u2019un d\u00e9put\u00e9 est revenu sur ses pas apr\u00e8s les \u00e9lections pour dire merci \u00e0 ses \u00e9lecteurs sans attendre les moments de campagne d\u2019une autre \u00e9lection. Un acte fort bien appr\u00e9ci\u00e9 par les militants LD de ces arrondissements qui, par la voix de leurs repr\u00e9sentants ont rassur\u00e9 le d\u00e9put\u00e9 sur leur engagement aux c\u00f4t\u00e9s du parti afin qu\u2019en 2026 la victoire soit d\u00e9mocrate aux termes de toutes les \u00e9lections, locales, communales, l\u00e9gislatives et surtout pr\u00e9sidentielle.  <\/p>\n\n\n\n<p>Il faut souligner que des 12 arrondissements de Djougou, Kolokond\u00e9 et B\u00e9ll\u00e9foungou sont les derniers a avoir parcouru par le d\u00e9put\u00e9 apr\u00e8s  son \u00e9lection. Au cours de sa tourn\u00e9e, l\u2019honorable Ta\u00eerou imorou s\u2019est indign\u00e9 de la situation sociopolitique et \u00e9conomique du pays et surtout de la chert\u00e9 de la vie qui frappe de plein fouet les b\u00e9ninois mais contre laquelle le gouvernement ne prend aucune mesure. Il partage la souffrance des paysans qui sont traqu\u00e9s et dont les produits sont saisis, les magasins scell\u00e9s, pour les emp\u00eacher de vendre aux plus offrants. <em>\u00abTenez bons, car le bout du tunnel n\u2019est plus loin \u00bb<\/em>, rassure le d\u00e9put\u00e9 en langue locale. Tous les responsables des structures d\u00e9centralis\u00e9es du parti ont r\u00e9pondu \u00e0 l\u2019appel du d\u00e9put\u00e9 derri\u00e8re et autour de qui ils sont mobilis\u00e9s pour la victoires des d\u00e9mocrates aux \u00e9lections g\u00e9n\u00e9rales de 2026. L&rsquo;honorable Imorou Ta\u00efrou les a d\u2019ailleurs invit\u00e9s \u00e0 beaucoup travailler pour l\u2019enracinement du parti \u00e0 la base. C\u2019est \u00e0 cette seule condition que la victoire pourra \u00eatre encore plus \u00e9crasante aux prochaines \u00e9lections, fait-il savoir.<br>Aussi, fut-il l\u2019occasion pour le d\u00e9put\u00e9 et ses populations de rendre un hommage m\u00e9rit\u00e9 au pr\u00e9sident du parti, le docteur <strong>Boni Yayi,<\/strong> qui ne cesse de s\u2019investir pour la stabilit\u00e9 et le rayonnement de la plus grande formation politique de l\u2019opposition.<br>Tr\u00e8s satisfait de cette activit\u00e9, le repr\u00e9sentant des responsables des structures d\u00e9centralis\u00e9es a remerci\u00e9 l&rsquo;honorable Imorou Ta\u00efrou et sa suite avant de prendre l&rsquo;engagement au nom de ses camarades de jouer dignement leur r\u00f4le pour l&rsquo;enracinement du parti Les D\u00e9mocrates dans la 13\u00e8me circonscription \u00e9lectorale.<\/p>\n","protected":false},"excerpt":{"rendered":"<p>Du 30 au 31 d\u00e9cembre 2024, les populations des arrondissements de Kolokond\u00e9 et de B\u00e9ll\u00e9foungou ont re\u00e7u la visite de leur \u00e9lu, l\u2019honorable Ta\u00efrou Imorou. Accompagn\u00e9 d\u2019une forte d\u00e9l\u00e9gation du&hellip;<\/p>\n","protected":false},"author":12,"featured_media":10153,"comment_status":"open","ping_status":"open","sticky":false,"template":"","format":"standard","meta":{"content-type":"","om_disable_all_campaigns":false,"_monsterinsights_skip_tracking":false,"_monsterinsights_sitenote_active":false,"_monsterinsights_sitenote_note":"","_monsterinsights_sitenote_category":0,"_uf_show_specific_survey":0,"_uf_disable_surveys":false,"footnotes":""},"categories":[26],"tags":[],"class_list":["post-10152","post","type-post","status-publish","format-standard","has-post-thumbnail","hentry","category-politique"],"aioseo_notices":[],"yoast_head":"<!-- This site is optimized with the Yoast SEO plugin v27.5 - https:\/\/yoast.com\/product\/yoast-seo-wordpress\/ -->\n<title>Tourn\u00e9e de remobilisation des LD dans la 13\u00e8me : L\u2019He Ta\u00efrou Imorou accueilli en h\u00e9ros \u00e0 Kolokond\u00e9 et B\u00e9ll\u00e9foungou - Le Patriote<\/title>\n<meta name=\"robots\" content=\"index, follow, max-snippet:-1, max-image-preview:large, max-video-preview:-1\" \/>\n<link rel=\"canonical\" href=\"https:\/\/lepatriotebenin.com\/index.php\/2025\/01\/06\/tournee-de-remobilisation-des-ld-dans-la-13eme-lhe-tairou-imorou-accueilli-en-heros-a-kolokonde-et-bellefoungou\/\" \/>\n<meta property=\"og:locale\" content=\"fr_FR\" \/>\n<meta property=\"og:type\" content=\"article\" \/>\n<meta property=\"og:title\" content=\"Tourn\u00e9e de remobilisation des LD dans la 13\u00e8me : L\u2019He Ta\u00efrou Imorou accueilli en h\u00e9ros \u00e0 Kolokond\u00e9 et B\u00e9ll\u00e9foungou - Le Patriote\" \/>\n<meta property=\"og:description\" content=\"Du 30 au 31 d\u00e9cembre 2024, les populations des arrondissements de Kolokond\u00e9 et de B\u00e9ll\u00e9foungou ont re\u00e7u la visite de leur \u00e9lu, l\u2019honorable Ta\u00efrou Imorou. Accompagn\u00e9 d\u2019une forte d\u00e9l\u00e9gation du&hellip;\" \/>\n<meta property=\"og:url\" content=\"https:\/\/lepatriotebenin.com\/index.php\/2025\/01\/06\/tournee-de-remobilisation-des-ld-dans-la-13eme-lhe-tairou-imorou-accueilli-en-heros-a-kolokonde-et-bellefoungou\/\" \/>\n<meta property=\"og:site_name\" content=\"Le Patriote\" \/>\n<meta property=\"article:published_time\" content=\"2025-01-06T07:43:37+00:00\" \/>\n<meta property=\"article:modified_time\" content=\"2025-01-06T07:49:39+00:00\" \/>\n<meta property=\"og:image\" content=\"https:\/\/lepatriotebenin.com\/wp-content\/uploads\/2025\/01\/whatsapp-image-2025-01-06-a-07-54-51-8d258082.jpg\" \/>\n\t<meta property=\"og:image:width\" content=\"1280\" \/>\n\t<meta property=\"og:image:height\" content=\"960\" \/>\n\t<meta property=\"og:image:type\" content=\"image\/jpeg\" \/>\n<meta name=\"author\" content=\"Comlan Paul ODAH\" \/>\n<meta name=\"twitter:card\" content=\"summary_large_image\" \/>\n<meta name=\"twitter:label1\" content=\"\u00c9crit par\" \/>\n\t<meta name=\"twitter:data1\" content=\"Comlan Paul ODAH\" \/>\n\t<meta name=\"twitter:label2\" content=\"Dur\u00e9e de lecture estim\u00e9e\" \/>\n\t<meta name=\"twitter:data2\" content=\"3 minutes\" \/>\n<script type=\"application\/ld+json\" class=\"yoast-schema-graph\">{\"@context\":\"https:\\\/\\\/schema.org\",\"@graph\":[{\"@type\":\"Article\",\"@id\":\"https:\\\/\\\/lepatriotebenin.com\\\/index.php\\\/2025\\\/01\\\/06\\\/tournee-de-remobilisation-des-ld-dans-la-13eme-lhe-tairou-imorou-accueilli-en-heros-a-kolokonde-et-bellefoungou\\\/#article\",\"isPartOf\":{\"@id\":\"https:\\\/\\\/lepatriotebenin.com\\\/index.php\\\/2025\\\/01\\\/06\\\/tournee-de-remobilisation-des-ld-dans-la-13eme-lhe-tairou-imorou-accueilli-en-heros-a-kolokonde-et-bellefoungou\\\/\"},\"author\":{\"name\":\"Comlan Paul ODAH\",\"@id\":\"https:\\\/\\\/lepatriotebenin.com\\\/#\\\/schema\\\/person\\\/6486fa44ec286eee49816deb241bcbbf\"},\"headline\":\"Tourn\u00e9e de remobilisation des LD dans la 13\u00e8me : L\u2019He Ta\u00efrou Imorou accueilli en h\u00e9ros \u00e0 Kolokond\u00e9 et B\u00e9ll\u00e9foungou\",\"datePublished\":\"2025-01-06T07:43:37+00:00\",\"dateModified\":\"2025-01-06T07:49:39+00:00\",\"mainEntityOfPage\":{\"@id\":\"https:\\\/\\\/lepatriotebenin.com\\\/index.php\\\/2025\\\/01\\\/06\\\/tournee-de-remobilisation-des-ld-dans-la-13eme-lhe-tairou-imorou-accueilli-en-heros-a-kolokonde-et-bellefoungou\\\/\"},\"wordCount\":649,\"commentCount\":0,\"image\":{\"@id\":\"https:\\\/\\\/lepatriotebenin.com\\\/index.php\\\/2025\\\/01\\\/06\\\/tournee-de-remobilisation-des-ld-dans-la-13eme-lhe-tairou-imorou-accueilli-en-heros-a-kolokonde-et-bellefoungou\\\/#primaryimage\"},\"thumbnailUrl\":\"https:\\\/\\\/lepatriotebenin.com\\\/wp-content\\\/uploads\\\/2025\\\/01\\\/whatsapp-image-2025-01-06-a-07-54-51-8d258082.jpg\",\"articleSection\":[\"Politique\"],\"inLanguage\":\"fr-FR\",\"potentialAction\":[{\"@type\":\"CommentAction\",\"name\":\"Comment\",\"target\":[\"https:\\\/\\\/lepatriotebenin.com\\\/index.php\\\/2025\\\/01\\\/06\\\/tournee-de-remobilisation-des-ld-dans-la-13eme-lhe-tairou-imorou-accueilli-en-heros-a-kolokonde-et-bellefoungou\\\/#respond\"]}]},{\"@type\":\"WebPage\",\"@id\":\"https:\\\/\\\/lepatriotebenin.com\\\/index.php\\\/2025\\\/01\\\/06\\\/tournee-de-remobilisation-des-ld-dans-la-13eme-lhe-tairou-imorou-accueilli-en-heros-a-kolokonde-et-bellefoungou\\\/\",\"url\":\"https:\\\/\\\/lepatriotebenin.com\\\/index.php\\\/2025\\\/01\\\/06\\\/tournee-de-remobilisation-des-ld-dans-la-13eme-lhe-tairou-imorou-accueilli-en-heros-a-kolokonde-et-bellefoungou\\\/\",\"name\":\"Tourn\u00e9e de remobilisation des LD dans la 13\u00e8me : L\u2019He Ta\u00efrou Imorou accueilli en h\u00e9ros \u00e0 Kolokond\u00e9 et B\u00e9ll\u00e9foungou - Le Patriote\",\"isPartOf\":{\"@id\":\"https:\\\/\\\/lepatriotebenin.com\\\/#website\"},\"primaryImageOfPage\":{\"@id\":\"https:\\\/\\\/lepatriotebenin.com\\\/index.php\\\/2025\\\/01\\\/06\\\/tournee-de-remobilisation-des-ld-dans-la-13eme-lhe-tairou-imorou-accueilli-en-heros-a-kolokonde-et-bellefoungou\\\/#primaryimage\"},\"image\":{\"@id\":\"https:\\\/\\\/lepatriotebenin.com\\\/index.php\\\/2025\\\/01\\\/06\\\/tournee-de-remobilisation-des-ld-dans-la-13eme-lhe-tairou-imorou-accueilli-en-heros-a-kolokonde-et-bellefoungou\\\/#primaryimage\"},\"thumbnailUrl\":\"https:\\\/\\\/lepatriotebenin.com\\\/wp-content\\\/uploads\\\/2025\\\/01\\\/whatsapp-image-2025-01-06-a-07-54-51-8d258082.jpg\",\"datePublished\":\"2025-01-06T07:43:37+00:00\",\"dateModified\":\"2025-01-06T07:49:39+00:00\",\"author\":{\"@id\":\"https:\\\/\\\/lepatriotebenin.com\\\/#\\\/schema\\\/person\\\/6486fa44ec286eee49816deb241bcbbf\"},\"breadcrumb\":{\"@id\":\"https:\\\/\\\/lepatriotebenin.com\\\/index.php\\\/2025\\\/01\\\/06\\\/tournee-de-remobilisation-des-ld-dans-la-13eme-lhe-tairou-imorou-accueilli-en-heros-a-kolokonde-et-bellefoungou\\\/#breadcrumb\"},\"inLanguage\":\"fr-FR\",\"potentialAction\":[{\"@type\":\"ReadAction\",\"target\":[\"https:\\\/\\\/lepatriotebenin.com\\\/index.php\\\/2025\\\/01\\\/06\\\/tournee-de-remobilisation-des-ld-dans-la-13eme-lhe-tairou-imorou-accueilli-en-heros-a-kolokonde-et-bellefoungou\\\/\"]}]},{\"@type\":\"ImageObject\",\"inLanguage\":\"fr-FR\",\"@id\":\"https:\\\/\\\/lepatriotebenin.com\\\/index.php\\\/2025\\\/01\\\/06\\\/tournee-de-remobilisation-des-ld-dans-la-13eme-lhe-tairou-imorou-accueilli-en-heros-a-kolokonde-et-bellefoungou\\\/#primaryimage\",\"url\":\"https:\\\/\\\/lepatriotebenin.com\\\/wp-content\\\/uploads\\\/2025\\\/01\\\/whatsapp-image-2025-01-06-a-07-54-51-8d258082.jpg\",\"contentUrl\":\"https:\\\/\\\/lepatriotebenin.com\\\/wp-content\\\/uploads\\\/2025\\\/01\\\/whatsapp-image-2025-01-06-a-07-54-51-8d258082.jpg\",\"width\":1280,\"height\":960},{\"@type\":\"BreadcrumbList\",\"@id\":\"https:\\\/\\\/lepatriotebenin.com\\\/index.php\\\/2025\\\/01\\\/06\\\/tournee-de-remobilisation-des-ld-dans-la-13eme-lhe-tairou-imorou-accueilli-en-heros-a-kolokonde-et-bellefoungou\\\/#breadcrumb\",\"itemListElement\":[{\"@type\":\"ListItem\",\"position\":1,\"name\":\"Accueil\",\"item\":\"https:\\\/\\\/lepatriotebenin.com\\\/\"},{\"@type\":\"ListItem\",\"position\":2,\"name\":\"Tourn\u00e9e de remobilisation des LD dans la 13\u00e8me : L\u2019He Ta\u00efrou Imorou accueilli en h\u00e9ros \u00e0 Kolokond\u00e9 et B\u00e9ll\u00e9foungou\"}]},{\"@type\":\"WebSite\",\"@id\":\"https:\\\/\\\/lepatriotebenin.com\\\/#website\",\"url\":\"https:\\\/\\\/lepatriotebenin.com\\\/\",\"name\":\"Le Patriote\",\"description\":\"Le Patriote B\u00e9nin\",\"potentialAction\":[{\"@type\":\"SearchAction\",\"target\":{\"@type\":\"EntryPoint\",\"urlTemplate\":\"https:\\\/\\\/lepatriotebenin.com\\\/?s={search_term_string}\"},\"query-input\":{\"@type\":\"PropertyValueSpecification\",\"valueRequired\":true,\"valueName\":\"search_term_string\"}}],\"inLanguage\":\"fr-FR\"},{\"@type\":\"Person\",\"@id\":\"https:\\\/\\\/lepatriotebenin.com\\\/#\\\/schema\\\/person\\\/6486fa44ec286eee49816deb241bcbbf\",\"name\":\"Comlan Paul ODAH\",\"image\":{\"@type\":\"ImageObject\",\"inLanguage\":\"fr-FR\",\"@id\":\"https:\\\/\\\/secure.gravatar.com\\\/avatar\\\/c45cf8a86d3cde8c562d63858f4ea8947664bd10708ad75990c2938897d9dbe1?s=96&d=mm&r=g\",\"url\":\"https:\\\/\\\/secure.gravatar.com\\\/avatar\\\/c45cf8a86d3cde8c562d63858f4ea8947664bd10708ad75990c2938897d9dbe1?s=96&d=mm&r=g\",\"contentUrl\":\"https:\\\/\\\/secure.gravatar.com\\\/avatar\\\/c45cf8a86d3cde8c562d63858f4ea8947664bd10708ad75990c2938897d9dbe1?s=96&d=mm&r=g\",\"caption\":\"Comlan Paul ODAH\"},\"url\":\"https:\\\/\\\/lepatriotebenin.com\"}]}<\/script>\n<!-- \/ Yoast SEO plugin. -->","yoast_head_json":{"title":"Tourn\u00e9e de remobilisation des LD dans la 13\u00e8me : L\u2019He Ta\u00efrou Imorou accueilli en h\u00e9ros \u00e0 Kolokond\u00e9 et B\u00e9ll\u00e9foungou - Le Patriote","robots":{"index":"index","follow":"follow","max-snippet":"max-snippet:-1","max-image-preview":"max-image-preview:large","max-video-preview":"max-video-preview:-1"},"canonical":"https:\/\/lepatriotebenin.com\/index.php\/2025\/01\/06\/tournee-de-remobilisation-des-ld-dans-la-13eme-lhe-tairou-imorou-accueilli-en-heros-a-kolokonde-et-bellefoungou\/","og_locale":"fr_FR","og_type":"article","og_title":"Tourn\u00e9e de remobilisation des LD dans la 13\u00e8me : L\u2019He Ta\u00efrou Imorou accueilli en h\u00e9ros \u00e0 Kolokond\u00e9 et B\u00e9ll\u00e9foungou - Le Patriote","og_description":"Du 30 au 31 d\u00e9cembre 2024, les populations des arrondissements de Kolokond\u00e9 et de B\u00e9ll\u00e9foungou ont re\u00e7u la visite de leur \u00e9lu, l\u2019honorable Ta\u00efrou Imorou. Accompagn\u00e9 d\u2019une forte d\u00e9l\u00e9gation du&hellip;","og_url":"https:\/\/lepatriotebenin.com\/index.php\/2025\/01\/06\/tournee-de-remobilisation-des-ld-dans-la-13eme-lhe-tairou-imorou-accueilli-en-heros-a-kolokonde-et-bellefoungou\/","og_site_name":"Le Patriote","article_published_time":"2025-01-06T07:43:37+00:00","article_modified_time":"2025-01-06T07:49:39+00:00","og_image":[{"width":1280,"height":960,"url":"https:\/\/lepatriotebenin.com\/wp-content\/uploads\/2025\/01\/whatsapp-image-2025-01-06-a-07-54-51-8d258082.jpg","type":"image\/jpeg"}],"author":"Comlan Paul ODAH","twitter_card":"summary_large_image","twitter_misc":{"\u00c9crit par":"Comlan Paul ODAH","Dur\u00e9e de lecture estim\u00e9e":"3 minutes"},"schema":{"@context":"https:\/\/schema.org","@graph":[{"@type":"Article","@id":"https:\/\/lepatriotebenin.com\/index.php\/2025\/01\/06\/tournee-de-remobilisation-des-ld-dans-la-13eme-lhe-tairou-imorou-accueilli-en-heros-a-kolokonde-et-bellefoungou\/#article","isPartOf":{"@id":"https:\/\/lepatriotebenin.com\/index.php\/2025\/01\/06\/tournee-de-remobilisation-des-ld-dans-la-13eme-lhe-tairou-imorou-accueilli-en-heros-a-kolokonde-et-bellefoungou\/"},"author":{"name":"Comlan Paul ODAH","@id":"https:\/\/lepatriotebenin.com\/#\/schema\/person\/6486fa44ec286eee49816deb241bcbbf"},"headline":"Tourn\u00e9e de remobilisation des LD dans la 13\u00e8me : L\u2019He Ta\u00efrou Imorou accueilli en h\u00e9ros \u00e0 Kolokond\u00e9 et B\u00e9ll\u00e9foungou","datePublished":"2025-01-06T07:43:37+00:00","dateModified":"2025-01-06T07:49:39+00:00","mainEntityOfPage":{"@id":"https:\/\/lepatriotebenin.com\/index.php\/2025\/01\/06\/tournee-de-remobilisation-des-ld-dans-la-13eme-lhe-tairou-imorou-accueilli-en-heros-a-kolokonde-et-bellefoungou\/"},"wordCount":649,"commentCount":0,"image":{"@id":"https:\/\/lepatriotebenin.com\/index.php\/2025\/01\/06\/tournee-de-remobilisation-des-ld-dans-la-13eme-lhe-tairou-imorou-accueilli-en-heros-a-kolokonde-et-bellefoungou\/#primaryimage"},"thumbnailUrl":"https:\/\/lepatriotebenin.com\/wp-content\/uploads\/2025\/01\/whatsapp-image-2025-01-06-a-07-54-51-8d258082.jpg","articleSection":["Politique"],"inLanguage":"fr-FR","potentialAction":[{"@type":"CommentAction","name":"Comment","target":["https:\/\/lepatriotebenin.com\/index.php\/2025\/01\/06\/tournee-de-remobilisation-des-ld-dans-la-13eme-lhe-tairou-imorou-accueilli-en-heros-a-kolokonde-et-bellefoungou\/#respond"]}]},{"@type":"WebPage","@id":"https:\/\/lepatriotebenin.com\/index.php\/2025\/01\/06\/tournee-de-remobilisation-des-ld-dans-la-13eme-lhe-tairou-imorou-accueilli-en-heros-a-kolokonde-et-bellefoungou\/","url":"https:\/\/lepatriotebenin.com\/index.php\/2025\/01\/06\/tournee-de-remobilisation-des-ld-dans-la-13eme-lhe-tairou-imorou-accueilli-en-heros-a-kolokonde-et-bellefoungou\/","name":"Tourn\u00e9e de remobilisation des LD dans la 13\u00e8me : L\u2019He Ta\u00efrou Imorou accueilli en h\u00e9ros \u00e0 Kolokond\u00e9 et B\u00e9ll\u00e9foungou - Le Patriote","isPartOf":{"@id":"https:\/\/lepatriotebenin.com\/#website"},"primaryImageOfPage":{"@id":"https:\/\/lepatriotebenin.com\/index.php\/2025\/01\/06\/tournee-de-remobilisation-des-ld-dans-la-13eme-lhe-tairou-imorou-accueilli-en-heros-a-kolokonde-et-bellefoungou\/#primaryimage"},"image":{"@id":"https:\/\/lepatriotebenin.com\/index.php\/2025\/01\/06\/tournee-de-remobilisation-des-ld-dans-la-13eme-lhe-tairou-imorou-accueilli-en-heros-a-kolokonde-et-bellefoungou\/#primaryimage"},"thumbnailUrl":"https:\/\/lepatriotebenin.com\/wp-content\/uploads\/2025\/01\/whatsapp-image-2025-01-06-a-07-54-51-8d258082.jpg","datePublished":"2025-01-06T07:43:37+00:00","dateModified":"2025-01-06T07:49:39+00:00","author":{"@id":"https:\/\/lepatriotebenin.com\/#\/schema\/person\/6486fa44ec286eee49816deb241bcbbf"},"breadcrumb":{"@id":"https:\/\/lepatriotebenin.com\/index.php\/2025\/01\/06\/tournee-de-remobilisation-des-ld-dans-la-13eme-lhe-tairou-imorou-accueilli-en-heros-a-kolokonde-et-bellefoungou\/#breadcrumb"},"inLanguage":"fr-FR","potentialAction":[{"@type":"ReadAction","target":["https:\/\/lepatriotebenin.com\/index.php\/2025\/01\/06\/tournee-de-remobilisation-des-ld-dans-la-13eme-lhe-tairou-imorou-accueilli-en-heros-a-kolokonde-et-bellefoungou\/"]}]},{"@type":"ImageObject","inLanguage":"fr-FR","@id":"https:\/\/lepatriotebenin.com\/index.php\/2025\/01\/06\/tournee-de-remobilisation-des-ld-dans-la-13eme-lhe-tairou-imorou-accueilli-en-heros-a-kolokonde-et-bellefoungou\/#primaryimage","url":"https:\/\/lepatriotebenin.com\/wp-content\/uploads\/2025\/01\/whatsapp-image-2025-01-06-a-07-54-51-8d258082.jpg","contentUrl":"https:\/\/lepatriotebenin.com\/wp-content\/uploads\/2025\/01\/whatsapp-image-2025-01-06-a-07-54-51-8d258082.jpg","width":1280,"height":960},{"@type":"BreadcrumbList","@id":"https:\/\/lepatriotebenin.com\/index.php\/2025\/01\/06\/tournee-de-remobilisation-des-ld-dans-la-13eme-lhe-tairou-imorou-accueilli-en-heros-a-kolokonde-et-bellefoungou\/#breadcrumb","itemListElement":[{"@type":"ListItem","position":1,"name":"Accueil","item":"https:\/\/lepatriotebenin.com\/"},{"@type":"ListItem","position":2,"name":"Tourn\u00e9e de remobilisation des LD dans la 13\u00e8me : L\u2019He Ta\u00efrou Imorou accueilli en h\u00e9ros \u00e0 Kolokond\u00e9 et B\u00e9ll\u00e9foungou"}]},{"@type":"WebSite","@id":"https:\/\/lepatriotebenin.com\/#website","url":"https:\/\/lepatriotebenin.com\/","name":"Le Patriote","description":"Le Patriote B\u00e9nin","potentialAction":[{"@type":"SearchAction","target":{"@type":"EntryPoint","urlTemplate":"https:\/\/lepatriotebenin.com\/?s={search_term_string}"},"query-input":{"@type":"PropertyValueSpecification","valueRequired":true,"valueName":"search_term_string"}}],"inLanguage":"fr-FR"},{"@type":"Person","@id":"https:\/\/lepatriotebenin.com\/#\/schema\/person\/6486fa44ec286eee49816deb241bcbbf","name":"Comlan Paul ODAH","image":{"@type":"ImageObject","inLanguage":"fr-FR","@id":"https:\/\/secure.gravatar.com\/avatar\/c45cf8a86d3cde8c562d63858f4ea8947664bd10708ad75990c2938897d9dbe1?s=96&d=mm&r=g","url":"https:\/\/secure.gravatar.com\/avatar\/c45cf8a86d3cde8c562d63858f4ea8947664bd10708ad75990c2938897d9dbe1?s=96&d=mm&r=g","contentUrl":"https:\/\/secure.gravatar.com\/avatar\/c45cf8a86d3cde8c562d63858f4ea8947664bd10708ad75990c2938897d9dbe1?s=96&d=mm&r=g","caption":"Comlan Paul ODAH"},"url":"https:\/\/lepatriotebenin.com"}]}},"_links":{"self":[{"href":"https:\/\/lepatriotebenin.com\/index.php\/wp-json\/wp\/v2\/posts\/10152","targetHints":{"allow":["GET"]}}],"collection":[{"href":"https:\/\/lepatriotebenin.com\/index.php\/wp-json\/wp\/v2\/posts"}],"about":[{"href":"https:\/\/lepatriotebenin.com\/index.php\/wp-json\/wp\/v2\/types\/post"}],"author":[{"embeddable":true,"href":"https:\/\/lepatriotebenin.com\/index.php\/wp-json\/wp\/v2\/users\/12"}],"replies":[{"embeddable":true,"href":"https:\/\/lepatriotebenin.com\/index.php\/wp-json\/wp\/v2\/comments?post=10152"}],"version-history":[{"count":1,"href":"https:\/\/lepatriotebenin.com\/index.php\/wp-json\/wp\/v2\/posts\/10152\/revisions"}],"predecessor-version":[{"id":10154,"href":"https:\/\/lepatriotebenin.com\/index.php\/wp-json\/wp\/v2\/posts\/10152\/revisions\/10154"}],"wp:featuredmedia":[{"embeddable":true,"href":"https:\/\/lepatriotebenin.com\/index.php\/wp-json\/wp\/v2\/media\/10153"}],"wp:attachment":[{"href":"https:\/\/lepatriotebenin.com\/index.php\/wp-json\/wp\/v2\/media?parent=10152"}],"wp:term":[{"taxonomy":"category","embeddable":true,"href":"https:\/\/lepatriotebenin.com\/index.php\/wp-json\/wp\/v2\/categories?post=10152"},{"taxonomy":"post_tag","embeddable":true,"href":"https:\/\/lepatriotebenin.com\/index.php\/wp-json\/wp\/v2\/tags?post=10152"}],"curies":[{"name":"wp","href":"https:\/\/api.w.org\/{rel}","templated":true}]}}