{"id":10148,"date":"2025-01-05T21:36:00","date_gmt":"2025-01-05T20:36:00","guid":{"rendered":"https:\/\/lepatriotebenin.com\/?p=10148"},"modified":"2025-01-05T21:36:01","modified_gmt":"2025-01-05T20:36:01","slug":"bloc-republicain-voici-les-raisons-de-la-suspension-du-ministre-samou-adambi","status":"publish","type":"post","link":"https:\/\/lepatriotebenin.com\/index.php\/2025\/01\/05\/bloc-republicain-voici-les-raisons-de-la-suspension-du-ministre-samou-adambi\/","title":{"rendered":"Bloc R\u00e9publicain : Voici les raisons de la suspension du ministre Samou Adambi"},"content":{"rendered":"\n<p>&nbsp;Le Bureau Ex\u00e9cutif national (BEN) du parti <strong>Bloc R\u00e9publicain<\/strong> \u00e9tait, ce <strong>dimanche 05 janvier 2025<\/strong> en r\u00e9union extraordinaire, sous la pr\u00e9sidence du ministre d\u2019\u00c9tat charg\u00e9 du d\u00e9veloppement<strong> Abdoulaye Bio Tchan\u00e9<\/strong>. Le motif de cette r\u00e9union extraordinaire est d\u2019examiner les actions solitaires du vice-pr\u00e9sident <strong>Samou S\u00e9idou<\/strong><strong> Adambi<\/strong>. Dans un communiqu\u00e9 rendu public au terme de la s\u00e9ance qui fait \u00e9tat de ce que les actions men\u00e9es par le ministre Adambi sur le terrain ont \u00e9t\u00e9 jug\u00e9es contraires aux principes du parti et ont port\u00e9 atteinte \u00e0 son bon fonctionnement surtout \u00e0 l\u2019approche des \u00e9lections g\u00e9n\u00e9rales de 2026 .C \u2018est pour cela que des mesures conservatoires ont \u00e9t\u00e9 prises \u00e0 son encontre.&nbsp; Voici le communiqu\u00e9 final du parti.<\/p>\n\n\n\n<p><strong>REUNION EXTRAORDINAIRE DU BUREAU EXECUTIF NATIONAL (BEN)<\/strong><\/p>\n\n\n\n<p><strong>COMMUNIQUE FINAL<\/strong><\/p>\n\n\n\n<p>1. Le Bureau Ex\u00e9cutif National (BEN) du Bloc R\u00e9publicain s\u2019est r\u00e9uni en session extraordinaire ce jour 05 janvier 2025, sous la pr\u00e9sidence effective de M. Abdoulaye BIO TCHANE, Pr\u00e9sident du parti. Un seul point \u00e9tait \u00e0 l\u2019ordre du jour et se rapportait \u00e0 l\u2019examen approfondi des actions solitaires du camarade Samou SE\u00cfDOU ADAMBI, Vice-Pr\u00e9sident charg\u00e9 des Relations Ext\u00e9rieures et des partenariats tendant \u00e0 subvertir le fonctionnement des structures officielles du parti.<\/p>\n\n\n\n<p>2. Apr\u00e8s examen approfondi des diff\u00e9rents actes pos\u00e9s par le camarade Samou SE\u00cfDOU ADAMBI, au m\u00e9pris des principes et valeurs contenus dans les textes fondamentaux du parti et tendant \u00e0 handicaper profond\u00e9ment le fonctionnement des organes statutaires \u00e0 la veille d\u2019\u00e9ch\u00e9ances majeures comme les \u00e9lections g\u00e9n\u00e9rales et l\u2019\u00e9lection pr\u00e9sidentielle de 2026, le BEN a d\u00e9cid\u00e9 de prendre des mesures conservatoires \u00e0 l\u2019encontre du sieur Samou SE\u00cfDOU ADAMBI. Ces mesures vont du bl\u00e2me \u00e0 la suspension de l\u2019int\u00e9ress\u00e9 de tous les organes dirigeants du parti.<\/p>\n\n\n\n<p>3. Le Bureau Ex\u00e9cutif National renouvelle son attachement aux r\u00e9formes du syst\u00e8me partisan engag\u00e9es dans notre pays depuis 2016.<\/p>\n\n\n\n<p>4. Le BEN appelle les militantes et militants du parti \u00e0 la s\u00e9r\u00e9nit\u00e9 et \u00e0 l\u2019observance de la discipline du parti<\/p>\n\n\n\n<p>5. Le BEN exhorte enfin les militantes et militants du parti \u00e0 continuer de soutenir, avec d\u00e9termination, les efforts de d\u00e9veloppement men\u00e9s par le Gouvernement du Pr\u00e9sident Patrice TALON qui visent \u00e0 b\u00e2tir un avenir meilleur et prosp\u00e8re pour notre nation.<\/p>\n\n\n\n<p><strong>Fait \u00e0 Cotonou, le 05 janvier 2025<\/strong><\/p>\n\n\n\n<p>Plus unis, plus forts pour construire le B\u00e9nin<br>Pour le Bureau Ex\u00e9cutif National (BEN)<\/p>\n\n\n\n<p><strong>Le Vice-Pr\u00e9sident, charg\u00e9 de la Communication<br>et de l\u2019Information<\/strong><\/p>\n\n\n\n<p><strong>Romaric OGOUWAL\u00c9<\/strong><\/p>\n","protected":false},"excerpt":{"rendered":"<p>&nbsp;Le Bureau Ex\u00e9cutif national (BEN) du parti Bloc R\u00e9publicain \u00e9tait, ce dimanche 05 janvier 2025 en r\u00e9union extraordinaire, sous la pr\u00e9sidence du ministre d\u2019\u00c9tat charg\u00e9 du d\u00e9veloppement Abdoulaye Bio Tchan\u00e9.&hellip;<\/p>\n","protected":false},"author":6,"featured_media":10149,"comment_status":"open","ping_status":"open","sticky":false,"template":"","format":"standard","meta":{"content-type":"","om_disable_all_campaigns":false,"_monsterinsights_skip_tracking":false,"_monsterinsights_sitenote_active":false,"_monsterinsights_sitenote_note":"","_monsterinsights_sitenote_category":0,"_uf_show_specific_survey":0,"_uf_disable_surveys":false,"footnotes":""},"categories":[26],"tags":[],"class_list":["post-10148","post","type-post","status-publish","format-standard","has-post-thumbnail","hentry","category-politique"],"aioseo_notices":[],"yoast_head":"<!-- This site is optimized with the Yoast SEO plugin v27.5 - https:\/\/yoast.com\/product\/yoast-seo-wordpress\/ -->\n<title>Bloc R\u00e9publicain : Voici les raisons de la suspension du ministre Samou Adambi - Le Patriote<\/title>\n<meta name=\"robots\" content=\"index, follow, max-snippet:-1, max-image-preview:large, max-video-preview:-1\" \/>\n<link rel=\"canonical\" href=\"https:\/\/lepatriotebenin.com\/index.php\/2025\/01\/05\/bloc-republicain-voici-les-raisons-de-la-suspension-du-ministre-samou-adambi\/\" \/>\n<meta property=\"og:locale\" content=\"fr_FR\" \/>\n<meta property=\"og:type\" content=\"article\" \/>\n<meta property=\"og:title\" content=\"Bloc R\u00e9publicain : Voici les raisons de la suspension du ministre Samou Adambi - Le Patriote\" \/>\n<meta property=\"og:description\" content=\"&nbsp;Le Bureau Ex\u00e9cutif national (BEN) du parti Bloc R\u00e9publicain \u00e9tait, ce dimanche 05 janvier 2025 en r\u00e9union extraordinaire, sous la pr\u00e9sidence du ministre d\u2019\u00c9tat charg\u00e9 du d\u00e9veloppement Abdoulaye Bio Tchan\u00e9.&hellip;\" \/>\n<meta property=\"og:url\" content=\"https:\/\/lepatriotebenin.com\/index.php\/2025\/01\/05\/bloc-republicain-voici-les-raisons-de-la-suspension-du-ministre-samou-adambi\/\" \/>\n<meta property=\"og:site_name\" content=\"Le Patriote\" \/>\n<meta property=\"article:published_time\" content=\"2025-01-05T20:36:00+00:00\" \/>\n<meta property=\"article:modified_time\" content=\"2025-01-05T20:36:01+00:00\" \/>\n<meta property=\"og:image\" content=\"https:\/\/lepatriotebenin.com\/wp-content\/uploads\/2025\/01\/adambi.jpeg\" \/>\n\t<meta property=\"og:image:width\" content=\"600\" \/>\n\t<meta property=\"og:image:height\" content=\"501\" \/>\n\t<meta property=\"og:image:type\" content=\"image\/jpeg\" \/>\n<meta name=\"author\" content=\"Roland AFFANOU\" \/>\n<meta name=\"twitter:card\" content=\"summary_large_image\" \/>\n<meta name=\"twitter:label1\" content=\"\u00c9crit par\" \/>\n\t<meta name=\"twitter:data1\" content=\"Roland AFFANOU\" \/>\n\t<meta name=\"twitter:label2\" content=\"Dur\u00e9e de lecture estim\u00e9e\" \/>\n\t<meta name=\"twitter:data2\" content=\"3 minutes\" \/>\n<script type=\"application\/ld+json\" class=\"yoast-schema-graph\">{\"@context\":\"https:\\\/\\\/schema.org\",\"@graph\":[{\"@type\":\"Article\",\"@id\":\"https:\\\/\\\/lepatriotebenin.com\\\/index.php\\\/2025\\\/01\\\/05\\\/bloc-republicain-voici-les-raisons-de-la-suspension-du-ministre-samou-adambi\\\/#article\",\"isPartOf\":{\"@id\":\"https:\\\/\\\/lepatriotebenin.com\\\/index.php\\\/2025\\\/01\\\/05\\\/bloc-republicain-voici-les-raisons-de-la-suspension-du-ministre-samou-adambi\\\/\"},\"author\":{\"name\":\"Roland AFFANOU\",\"@id\":\"https:\\\/\\\/lepatriotebenin.com\\\/#\\\/schema\\\/person\\\/4a9b67216c97d04045e01405c534c91f\"},\"headline\":\"Bloc R\u00e9publicain : Voici les raisons de la suspension du ministre Samou Adambi\",\"datePublished\":\"2025-01-05T20:36:00+00:00\",\"dateModified\":\"2025-01-05T20:36:01+00:00\",\"mainEntityOfPage\":{\"@id\":\"https:\\\/\\\/lepatriotebenin.com\\\/index.php\\\/2025\\\/01\\\/05\\\/bloc-republicain-voici-les-raisons-de-la-suspension-du-ministre-samou-adambi\\\/\"},\"wordCount\":439,\"commentCount\":0,\"image\":{\"@id\":\"https:\\\/\\\/lepatriotebenin.com\\\/index.php\\\/2025\\\/01\\\/05\\\/bloc-republicain-voici-les-raisons-de-la-suspension-du-ministre-samou-adambi\\\/#primaryimage\"},\"thumbnailUrl\":\"https:\\\/\\\/lepatriotebenin.com\\\/wp-content\\\/uploads\\\/2025\\\/01\\\/adambi.jpeg\",\"articleSection\":[\"Politique\"],\"inLanguage\":\"fr-FR\",\"potentialAction\":[{\"@type\":\"CommentAction\",\"name\":\"Comment\",\"target\":[\"https:\\\/\\\/lepatriotebenin.com\\\/index.php\\\/2025\\\/01\\\/05\\\/bloc-republicain-voici-les-raisons-de-la-suspension-du-ministre-samou-adambi\\\/#respond\"]}]},{\"@type\":\"WebPage\",\"@id\":\"https:\\\/\\\/lepatriotebenin.com\\\/index.php\\\/2025\\\/01\\\/05\\\/bloc-republicain-voici-les-raisons-de-la-suspension-du-ministre-samou-adambi\\\/\",\"url\":\"https:\\\/\\\/lepatriotebenin.com\\\/index.php\\\/2025\\\/01\\\/05\\\/bloc-republicain-voici-les-raisons-de-la-suspension-du-ministre-samou-adambi\\\/\",\"name\":\"Bloc R\u00e9publicain : Voici les raisons de la suspension du ministre Samou Adambi - Le Patriote\",\"isPartOf\":{\"@id\":\"https:\\\/\\\/lepatriotebenin.com\\\/#website\"},\"primaryImageOfPage\":{\"@id\":\"https:\\\/\\\/lepatriotebenin.com\\\/index.php\\\/2025\\\/01\\\/05\\\/bloc-republicain-voici-les-raisons-de-la-suspension-du-ministre-samou-adambi\\\/#primaryimage\"},\"image\":{\"@id\":\"https:\\\/\\\/lepatriotebenin.com\\\/index.php\\\/2025\\\/01\\\/05\\\/bloc-republicain-voici-les-raisons-de-la-suspension-du-ministre-samou-adambi\\\/#primaryimage\"},\"thumbnailUrl\":\"https:\\\/\\\/lepatriotebenin.com\\\/wp-content\\\/uploads\\\/2025\\\/01\\\/adambi.jpeg\",\"datePublished\":\"2025-01-05T20:36:00+00:00\",\"dateModified\":\"2025-01-05T20:36:01+00:00\",\"author\":{\"@id\":\"https:\\\/\\\/lepatriotebenin.com\\\/#\\\/schema\\\/person\\\/4a9b67216c97d04045e01405c534c91f\"},\"breadcrumb\":{\"@id\":\"https:\\\/\\\/lepatriotebenin.com\\\/index.php\\\/2025\\\/01\\\/05\\\/bloc-republicain-voici-les-raisons-de-la-suspension-du-ministre-samou-adambi\\\/#breadcrumb\"},\"inLanguage\":\"fr-FR\",\"potentialAction\":[{\"@type\":\"ReadAction\",\"target\":[\"https:\\\/\\\/lepatriotebenin.com\\\/index.php\\\/2025\\\/01\\\/05\\\/bloc-republicain-voici-les-raisons-de-la-suspension-du-ministre-samou-adambi\\\/\"]}]},{\"@type\":\"ImageObject\",\"inLanguage\":\"fr-FR\",\"@id\":\"https:\\\/\\\/lepatriotebenin.com\\\/index.php\\\/2025\\\/01\\\/05\\\/bloc-republicain-voici-les-raisons-de-la-suspension-du-ministre-samou-adambi\\\/#primaryimage\",\"url\":\"https:\\\/\\\/lepatriotebenin.com\\\/wp-content\\\/uploads\\\/2025\\\/01\\\/adambi.jpeg\",\"contentUrl\":\"https:\\\/\\\/lepatriotebenin.com\\\/wp-content\\\/uploads\\\/2025\\\/01\\\/adambi.jpeg\",\"width\":600,\"height\":501},{\"@type\":\"BreadcrumbList\",\"@id\":\"https:\\\/\\\/lepatriotebenin.com\\\/index.php\\\/2025\\\/01\\\/05\\\/bloc-republicain-voici-les-raisons-de-la-suspension-du-ministre-samou-adambi\\\/#breadcrumb\",\"itemListElement\":[{\"@type\":\"ListItem\",\"position\":1,\"name\":\"Accueil\",\"item\":\"https:\\\/\\\/lepatriotebenin.com\\\/\"},{\"@type\":\"ListItem\",\"position\":2,\"name\":\"Bloc R\u00e9publicain : Voici les raisons de la suspension du ministre Samou Adambi\"}]},{\"@type\":\"WebSite\",\"@id\":\"https:\\\/\\\/lepatriotebenin.com\\\/#website\",\"url\":\"https:\\\/\\\/lepatriotebenin.com\\\/\",\"name\":\"Le Patriote\",\"description\":\"Le Patriote B\u00e9nin\",\"potentialAction\":[{\"@type\":\"SearchAction\",\"target\":{\"@type\":\"EntryPoint\",\"urlTemplate\":\"https:\\\/\\\/lepatriotebenin.com\\\/?s={search_term_string}\"},\"query-input\":{\"@type\":\"PropertyValueSpecification\",\"valueRequired\":true,\"valueName\":\"search_term_string\"}}],\"inLanguage\":\"fr-FR\"},{\"@type\":\"Person\",\"@id\":\"https:\\\/\\\/lepatriotebenin.com\\\/#\\\/schema\\\/person\\\/4a9b67216c97d04045e01405c534c91f\",\"name\":\"Roland AFFANOU\",\"image\":{\"@type\":\"ImageObject\",\"inLanguage\":\"fr-FR\",\"@id\":\"https:\\\/\\\/secure.gravatar.com\\\/avatar\\\/7209d3f6d2d47ea4d0c67e14d3effb61feb10ae540a4381280c66265de5bd643?s=96&d=mm&r=g\",\"url\":\"https:\\\/\\\/secure.gravatar.com\\\/avatar\\\/7209d3f6d2d47ea4d0c67e14d3effb61feb10ae540a4381280c66265de5bd643?s=96&d=mm&r=g\",\"contentUrl\":\"https:\\\/\\\/secure.gravatar.com\\\/avatar\\\/7209d3f6d2d47ea4d0c67e14d3effb61feb10ae540a4381280c66265de5bd643?s=96&d=mm&r=g\",\"caption\":\"Roland AFFANOU\"},\"url\":\"https:\\\/\\\/lepatriotebenin.com\"}]}<\/script>\n<!-- \/ Yoast SEO plugin. -->","yoast_head_json":{"title":"Bloc R\u00e9publicain : Voici les raisons de la suspension du ministre Samou Adambi - Le Patriote","robots":{"index":"index","follow":"follow","max-snippet":"max-snippet:-1","max-image-preview":"max-image-preview:large","max-video-preview":"max-video-preview:-1"},"canonical":"https:\/\/lepatriotebenin.com\/index.php\/2025\/01\/05\/bloc-republicain-voici-les-raisons-de-la-suspension-du-ministre-samou-adambi\/","og_locale":"fr_FR","og_type":"article","og_title":"Bloc R\u00e9publicain : Voici les raisons de la suspension du ministre Samou Adambi - Le Patriote","og_description":"&nbsp;Le Bureau Ex\u00e9cutif national (BEN) du parti Bloc R\u00e9publicain \u00e9tait, ce dimanche 05 janvier 2025 en r\u00e9union extraordinaire, sous la pr\u00e9sidence du ministre d\u2019\u00c9tat charg\u00e9 du d\u00e9veloppement Abdoulaye Bio Tchan\u00e9.&hellip;","og_url":"https:\/\/lepatriotebenin.com\/index.php\/2025\/01\/05\/bloc-republicain-voici-les-raisons-de-la-suspension-du-ministre-samou-adambi\/","og_site_name":"Le Patriote","article_published_time":"2025-01-05T20:36:00+00:00","article_modified_time":"2025-01-05T20:36:01+00:00","og_image":[{"width":600,"height":501,"url":"https:\/\/lepatriotebenin.com\/wp-content\/uploads\/2025\/01\/adambi.jpeg","type":"image\/jpeg"}],"author":"Roland AFFANOU","twitter_card":"summary_large_image","twitter_misc":{"\u00c9crit par":"Roland AFFANOU","Dur\u00e9e de lecture estim\u00e9e":"3 minutes"},"schema":{"@context":"https:\/\/schema.org","@graph":[{"@type":"Article","@id":"https:\/\/lepatriotebenin.com\/index.php\/2025\/01\/05\/bloc-republicain-voici-les-raisons-de-la-suspension-du-ministre-samou-adambi\/#article","isPartOf":{"@id":"https:\/\/lepatriotebenin.com\/index.php\/2025\/01\/05\/bloc-republicain-voici-les-raisons-de-la-suspension-du-ministre-samou-adambi\/"},"author":{"name":"Roland AFFANOU","@id":"https:\/\/lepatriotebenin.com\/#\/schema\/person\/4a9b67216c97d04045e01405c534c91f"},"headline":"Bloc R\u00e9publicain : Voici les raisons de la suspension du ministre Samou Adambi","datePublished":"2025-01-05T20:36:00+00:00","dateModified":"2025-01-05T20:36:01+00:00","mainEntityOfPage":{"@id":"https:\/\/lepatriotebenin.com\/index.php\/2025\/01\/05\/bloc-republicain-voici-les-raisons-de-la-suspension-du-ministre-samou-adambi\/"},"wordCount":439,"commentCount":0,"image":{"@id":"https:\/\/lepatriotebenin.com\/index.php\/2025\/01\/05\/bloc-republicain-voici-les-raisons-de-la-suspension-du-ministre-samou-adambi\/#primaryimage"},"thumbnailUrl":"https:\/\/lepatriotebenin.com\/wp-content\/uploads\/2025\/01\/adambi.jpeg","articleSection":["Politique"],"inLanguage":"fr-FR","potentialAction":[{"@type":"CommentAction","name":"Comment","target":["https:\/\/lepatriotebenin.com\/index.php\/2025\/01\/05\/bloc-republicain-voici-les-raisons-de-la-suspension-du-ministre-samou-adambi\/#respond"]}]},{"@type":"WebPage","@id":"https:\/\/lepatriotebenin.com\/index.php\/2025\/01\/05\/bloc-republicain-voici-les-raisons-de-la-suspension-du-ministre-samou-adambi\/","url":"https:\/\/lepatriotebenin.com\/index.php\/2025\/01\/05\/bloc-republicain-voici-les-raisons-de-la-suspension-du-ministre-samou-adambi\/","name":"Bloc R\u00e9publicain : Voici les raisons de la suspension du ministre Samou Adambi - Le Patriote","isPartOf":{"@id":"https:\/\/lepatriotebenin.com\/#website"},"primaryImageOfPage":{"@id":"https:\/\/lepatriotebenin.com\/index.php\/2025\/01\/05\/bloc-republicain-voici-les-raisons-de-la-suspension-du-ministre-samou-adambi\/#primaryimage"},"image":{"@id":"https:\/\/lepatriotebenin.com\/index.php\/2025\/01\/05\/bloc-republicain-voici-les-raisons-de-la-suspension-du-ministre-samou-adambi\/#primaryimage"},"thumbnailUrl":"https:\/\/lepatriotebenin.com\/wp-content\/uploads\/2025\/01\/adambi.jpeg","datePublished":"2025-01-05T20:36:00+00:00","dateModified":"2025-01-05T20:36:01+00:00","author":{"@id":"https:\/\/lepatriotebenin.com\/#\/schema\/person\/4a9b67216c97d04045e01405c534c91f"},"breadcrumb":{"@id":"https:\/\/lepatriotebenin.com\/index.php\/2025\/01\/05\/bloc-republicain-voici-les-raisons-de-la-suspension-du-ministre-samou-adambi\/#breadcrumb"},"inLanguage":"fr-FR","potentialAction":[{"@type":"ReadAction","target":["https:\/\/lepatriotebenin.com\/index.php\/2025\/01\/05\/bloc-republicain-voici-les-raisons-de-la-suspension-du-ministre-samou-adambi\/"]}]},{"@type":"ImageObject","inLanguage":"fr-FR","@id":"https:\/\/lepatriotebenin.com\/index.php\/2025\/01\/05\/bloc-republicain-voici-les-raisons-de-la-suspension-du-ministre-samou-adambi\/#primaryimage","url":"https:\/\/lepatriotebenin.com\/wp-content\/uploads\/2025\/01\/adambi.jpeg","contentUrl":"https:\/\/lepatriotebenin.com\/wp-content\/uploads\/2025\/01\/adambi.jpeg","width":600,"height":501},{"@type":"BreadcrumbList","@id":"https:\/\/lepatriotebenin.com\/index.php\/2025\/01\/05\/bloc-republicain-voici-les-raisons-de-la-suspension-du-ministre-samou-adambi\/#breadcrumb","itemListElement":[{"@type":"ListItem","position":1,"name":"Accueil","item":"https:\/\/lepatriotebenin.com\/"},{"@type":"ListItem","position":2,"name":"Bloc R\u00e9publicain : Voici les raisons de la suspension du ministre Samou Adambi"}]},{"@type":"WebSite","@id":"https:\/\/lepatriotebenin.com\/#website","url":"https:\/\/lepatriotebenin.com\/","name":"Le Patriote","description":"Le Patriote B\u00e9nin","potentialAction":[{"@type":"SearchAction","target":{"@type":"EntryPoint","urlTemplate":"https:\/\/lepatriotebenin.com\/?s={search_term_string}"},"query-input":{"@type":"PropertyValueSpecification","valueRequired":true,"valueName":"search_term_string"}}],"inLanguage":"fr-FR"},{"@type":"Person","@id":"https:\/\/lepatriotebenin.com\/#\/schema\/person\/4a9b67216c97d04045e01405c534c91f","name":"Roland AFFANOU","image":{"@type":"ImageObject","inLanguage":"fr-FR","@id":"https:\/\/secure.gravatar.com\/avatar\/7209d3f6d2d47ea4d0c67e14d3effb61feb10ae540a4381280c66265de5bd643?s=96&d=mm&r=g","url":"https:\/\/secure.gravatar.com\/avatar\/7209d3f6d2d47ea4d0c67e14d3effb61feb10ae540a4381280c66265de5bd643?s=96&d=mm&r=g","contentUrl":"https:\/\/secure.gravatar.com\/avatar\/7209d3f6d2d47ea4d0c67e14d3effb61feb10ae540a4381280c66265de5bd643?s=96&d=mm&r=g","caption":"Roland AFFANOU"},"url":"https:\/\/lepatriotebenin.com"}]}},"_links":{"self":[{"href":"https:\/\/lepatriotebenin.com\/index.php\/wp-json\/wp\/v2\/posts\/10148","targetHints":{"allow":["GET"]}}],"collection":[{"href":"https:\/\/lepatriotebenin.com\/index.php\/wp-json\/wp\/v2\/posts"}],"about":[{"href":"https:\/\/lepatriotebenin.com\/index.php\/wp-json\/wp\/v2\/types\/post"}],"author":[{"embeddable":true,"href":"https:\/\/lepatriotebenin.com\/index.php\/wp-json\/wp\/v2\/users\/6"}],"replies":[{"embeddable":true,"href":"https:\/\/lepatriotebenin.com\/index.php\/wp-json\/wp\/v2\/comments?post=10148"}],"version-history":[{"count":1,"href":"https:\/\/lepatriotebenin.com\/index.php\/wp-json\/wp\/v2\/posts\/10148\/revisions"}],"predecessor-version":[{"id":10150,"href":"https:\/\/lepatriotebenin.com\/index.php\/wp-json\/wp\/v2\/posts\/10148\/revisions\/10150"}],"wp:featuredmedia":[{"embeddable":true,"href":"https:\/\/lepatriotebenin.com\/index.php\/wp-json\/wp\/v2\/media\/10149"}],"wp:attachment":[{"href":"https:\/\/lepatriotebenin.com\/index.php\/wp-json\/wp\/v2\/media?parent=10148"}],"wp:term":[{"taxonomy":"category","embeddable":true,"href":"https:\/\/lepatriotebenin.com\/index.php\/wp-json\/wp\/v2\/categories?post=10148"},{"taxonomy":"post_tag","embeddable":true,"href":"https:\/\/lepatriotebenin.com\/index.php\/wp-json\/wp\/v2\/tags?post=10148"}],"curies":[{"name":"wp","href":"https:\/\/api.w.org\/{rel}","templated":true}]}}