{"id":10141,"date":"2025-01-05T10:00:42","date_gmt":"2025-01-05T09:00:42","guid":{"rendered":"https:\/\/lepatriotebenin.com\/?p=10141"},"modified":"2025-01-05T10:00:43","modified_gmt":"2025-01-05T09:00:43","slug":"choguel-maiga-tout-homme-politique-qui-exerce-la-peur-et-la-terreur-sur-les-gens-il-finira-toujours-mal","status":"publish","type":"post","link":"https:\/\/lepatriotebenin.com\/index.php\/2025\/01\/05\/choguel-maiga-tout-homme-politique-qui-exerce-la-peur-et-la-terreur-sur-les-gens-il-finira-toujours-mal\/","title":{"rendered":"Choguel Ma\u00efga : \u00ab Tout homme politique qui exerce la peur et la terreur sur les gens, il finira toujours mal\u00a0\u00bb"},"content":{"rendered":"\n<p>\u00c9clabouss\u00e9 par un scandale de malversations financi\u00e8res chiffr\u00e9 \u00e0 plusieurs milliards, l \u2018ex premier du Mali, <strong>Choguel Ma\u00efga<\/strong>, limog\u00e9 en <strong>novembre 2024<\/strong> apr\u00e8s avoir critiqu\u00e9 la junte, a profit\u00e9 de la pr\u00e9sentation des v\u0153ux \u00e0 ses partisans, ce<strong> samedi 04 janvier 2025 \u00e0 Bamako<\/strong>, pour r\u00e9pondre aux attaques dont il est victime dans cette affaire depuis la publication du rapport du <a>Bureau du v\u00e9rificateur g\u00e9n\u00e9ral <\/a>(BVG) le <strong>30 d\u00e9cembre 2024.<\/strong><\/p>\n\n\n\n<p>\u00ab&nbsp;<em>Est-ce que quelqu&rsquo;un manque de jugeote jusqu&rsquo;\u00e0 penser qu&rsquo;un Premier ministre qui a fait pr\u00e8s de quatre ans, il n&rsquo;a vol\u00e9 que 35 millions&nbsp;?<\/em>&nbsp;\u00bb &nbsp;s\u2019est demand\u00e9&nbsp; l\u2019 ancien Premier ministre malien. &nbsp;Il a par ailleurs d\u00e9nonc\u00e9 l\u2019acharnement contre certains de ses militants a fait savoir qu\u2019\u00ab<em>&nbsp;il faut \u00e9viter les abus<\/em>\u00bb<em>. Car dit -il, <\/em>\u00ab<em> tout pouvoir qui tombe dans les abus, c&rsquo;est sa fin<\/em>&nbsp;\u00bb<em> et qu\u2018 <\/em>\u00ab<em>on ne peut pas gouverner un peuple par la peur. M\u00eame si on met tout le monde en prison, Il faut gouverner par la vertu. Tout homme politique qui exerce la peur et la terreur sur les gens, il finira toujours mal<\/em>&nbsp;\u00bb.<\/p>\n\n\n\n<p>Soufflant le chaud et le froid, Choguel Ma\u00efga , apr\u00e8s avoir critiqu\u00e9 la\u00a0 junte militaire malienne , a commenc\u00e9 subitement par lui jeter des fleurs . \u00ab\u00a0<em>Et personne ne va m&rsquo;amener \u00e0 d\u00e9nigrer les militaires. C\u2019est que sans eux, en ce moment pr\u00e9cis, on n\u2019allait jamais faire aboutir notre combat\u00a0<\/em>\u00bb a -t-il d\u00e9clar\u00e9 avant de signifier \u00e0 qui veut l\u2019entendre qu\u2019il sera de plus en plus pr\u00e9sent sur la sc\u00e8ne politique de son pays.<\/p>\n\n\n\n<p> Faut-il rappeler, le 30 d\u00e9cembre 2024, le Bureau du v\u00e9rificateur g\u00e9n\u00e9ral, institution charg\u00e9e de contr\u00f4ler les d\u00e9penses publiques, a publi\u00e9 un rapport de <strong>113 pages<\/strong> (annexes inclues) dans lequel l\u2019ex premier ministre malien a b\u00e9n\u00e9fici\u00e9 de pr\u00e8s de <strong>35 millions fcfa,<\/strong> au titre\u00a0\u00a0 des \u201c<em>d\u00e9penses de souverainet\u00e9 du Premier ministre\u201d: <\/em>\u00a0d\u00e9penses <em>\u201cnon pr\u00e9vues \u201c<\/em> et \u201c<em>indues\u201d<\/em> selon le V\u00e9rificateur g\u00e9n\u00e9ral.<\/p>\n","protected":false},"excerpt":{"rendered":"<p>\u00c9clabouss\u00e9 par un scandale de malversations financi\u00e8res chiffr\u00e9 \u00e0 plusieurs milliards, l \u2018ex premier du Mali, Choguel Ma\u00efga, limog\u00e9 en novembre 2024 apr\u00e8s avoir critiqu\u00e9 la junte, a profit\u00e9 de&hellip;<\/p>\n","protected":false},"author":6,"featured_media":10142,"comment_status":"open","ping_status":"open","sticky":false,"template":"","format":"standard","meta":{"content-type":"","om_disable_all_campaigns":false,"_monsterinsights_skip_tracking":false,"_monsterinsights_sitenote_active":false,"_monsterinsights_sitenote_note":"","_monsterinsights_sitenote_category":0,"_uf_show_specific_survey":0,"_uf_disable_surveys":false,"footnotes":""},"categories":[9],"tags":[],"class_list":["post-10141","post","type-post","status-publish","format-standard","has-post-thumbnail","hentry","category-uncategorized"],"aioseo_notices":[],"yoast_head":"<!-- This site is optimized with the Yoast SEO plugin v27.5 - https:\/\/yoast.com\/product\/yoast-seo-wordpress\/ -->\n<title>Choguel Ma\u00efga : \u00ab Tout homme politique qui exerce la peur et la terreur sur les gens, il finira toujours mal\u00a0\u00bb - Le Patriote<\/title>\n<meta name=\"robots\" content=\"index, follow, max-snippet:-1, max-image-preview:large, max-video-preview:-1\" \/>\n<link rel=\"canonical\" href=\"https:\/\/lepatriotebenin.com\/index.php\/2025\/01\/05\/choguel-maiga-tout-homme-politique-qui-exerce-la-peur-et-la-terreur-sur-les-gens-il-finira-toujours-mal\/\" \/>\n<meta property=\"og:locale\" content=\"fr_FR\" \/>\n<meta property=\"og:type\" content=\"article\" \/>\n<meta property=\"og:title\" content=\"Choguel Ma\u00efga : \u00ab Tout homme politique qui exerce la peur et la terreur sur les gens, il finira toujours mal\u00a0\u00bb - Le Patriote\" \/>\n<meta property=\"og:description\" content=\"\u00c9clabouss\u00e9 par un scandale de malversations financi\u00e8res chiffr\u00e9 \u00e0 plusieurs milliards, l \u2018ex premier du Mali, Choguel Ma\u00efga, limog\u00e9 en novembre 2024 apr\u00e8s avoir critiqu\u00e9 la junte, a profit\u00e9 de&hellip;\" \/>\n<meta property=\"og:url\" content=\"https:\/\/lepatriotebenin.com\/index.php\/2025\/01\/05\/choguel-maiga-tout-homme-politique-qui-exerce-la-peur-et-la-terreur-sur-les-gens-il-finira-toujours-mal\/\" \/>\n<meta property=\"og:site_name\" content=\"Le Patriote\" \/>\n<meta property=\"article:published_time\" content=\"2025-01-05T09:00:42+00:00\" \/>\n<meta property=\"article:modified_time\" content=\"2025-01-05T09:00:43+00:00\" \/>\n<meta property=\"og:image\" content=\"https:\/\/lepatriotebenin.com\/wp-content\/uploads\/2025\/01\/maiga.jpg\" \/>\n\t<meta property=\"og:image:width\" content=\"980\" \/>\n\t<meta property=\"og:image:height\" content=\"551\" \/>\n\t<meta property=\"og:image:type\" content=\"image\/jpeg\" \/>\n<meta name=\"author\" content=\"Roland AFFANOU\" \/>\n<meta name=\"twitter:card\" content=\"summary_large_image\" \/>\n<meta name=\"twitter:label1\" content=\"\u00c9crit par\" \/>\n\t<meta name=\"twitter:data1\" content=\"Roland AFFANOU\" \/>\n\t<meta name=\"twitter:label2\" content=\"Dur\u00e9e de lecture estim\u00e9e\" \/>\n\t<meta name=\"twitter:data2\" content=\"2 minutes\" \/>\n<script type=\"application\/ld+json\" class=\"yoast-schema-graph\">{\"@context\":\"https:\\\/\\\/schema.org\",\"@graph\":[{\"@type\":\"Article\",\"@id\":\"https:\\\/\\\/lepatriotebenin.com\\\/index.php\\\/2025\\\/01\\\/05\\\/choguel-maiga-tout-homme-politique-qui-exerce-la-peur-et-la-terreur-sur-les-gens-il-finira-toujours-mal\\\/#article\",\"isPartOf\":{\"@id\":\"https:\\\/\\\/lepatriotebenin.com\\\/index.php\\\/2025\\\/01\\\/05\\\/choguel-maiga-tout-homme-politique-qui-exerce-la-peur-et-la-terreur-sur-les-gens-il-finira-toujours-mal\\\/\"},\"author\":{\"name\":\"Roland AFFANOU\",\"@id\":\"https:\\\/\\\/lepatriotebenin.com\\\/#\\\/schema\\\/person\\\/4a9b67216c97d04045e01405c534c91f\"},\"headline\":\"Choguel Ma\u00efga : \u00ab Tout homme politique qui exerce la peur et la terreur sur les gens, il finira toujours mal\u00a0\u00bb\",\"datePublished\":\"2025-01-05T09:00:42+00:00\",\"dateModified\":\"2025-01-05T09:00:43+00:00\",\"mainEntityOfPage\":{\"@id\":\"https:\\\/\\\/lepatriotebenin.com\\\/index.php\\\/2025\\\/01\\\/05\\\/choguel-maiga-tout-homme-politique-qui-exerce-la-peur-et-la-terreur-sur-les-gens-il-finira-toujours-mal\\\/\"},\"wordCount\":370,\"commentCount\":0,\"image\":{\"@id\":\"https:\\\/\\\/lepatriotebenin.com\\\/index.php\\\/2025\\\/01\\\/05\\\/choguel-maiga-tout-homme-politique-qui-exerce-la-peur-et-la-terreur-sur-les-gens-il-finira-toujours-mal\\\/#primaryimage\"},\"thumbnailUrl\":\"https:\\\/\\\/lepatriotebenin.com\\\/wp-content\\\/uploads\\\/2025\\\/01\\\/maiga.jpg\",\"articleSection\":[\"Uncategorized\"],\"inLanguage\":\"fr-FR\",\"potentialAction\":[{\"@type\":\"CommentAction\",\"name\":\"Comment\",\"target\":[\"https:\\\/\\\/lepatriotebenin.com\\\/index.php\\\/2025\\\/01\\\/05\\\/choguel-maiga-tout-homme-politique-qui-exerce-la-peur-et-la-terreur-sur-les-gens-il-finira-toujours-mal\\\/#respond\"]}]},{\"@type\":\"WebPage\",\"@id\":\"https:\\\/\\\/lepatriotebenin.com\\\/index.php\\\/2025\\\/01\\\/05\\\/choguel-maiga-tout-homme-politique-qui-exerce-la-peur-et-la-terreur-sur-les-gens-il-finira-toujours-mal\\\/\",\"url\":\"https:\\\/\\\/lepatriotebenin.com\\\/index.php\\\/2025\\\/01\\\/05\\\/choguel-maiga-tout-homme-politique-qui-exerce-la-peur-et-la-terreur-sur-les-gens-il-finira-toujours-mal\\\/\",\"name\":\"Choguel Ma\u00efga : \u00ab Tout homme politique qui exerce la peur et la terreur sur les gens, il finira toujours mal\u00a0\u00bb - Le Patriote\",\"isPartOf\":{\"@id\":\"https:\\\/\\\/lepatriotebenin.com\\\/#website\"},\"primaryImageOfPage\":{\"@id\":\"https:\\\/\\\/lepatriotebenin.com\\\/index.php\\\/2025\\\/01\\\/05\\\/choguel-maiga-tout-homme-politique-qui-exerce-la-peur-et-la-terreur-sur-les-gens-il-finira-toujours-mal\\\/#primaryimage\"},\"image\":{\"@id\":\"https:\\\/\\\/lepatriotebenin.com\\\/index.php\\\/2025\\\/01\\\/05\\\/choguel-maiga-tout-homme-politique-qui-exerce-la-peur-et-la-terreur-sur-les-gens-il-finira-toujours-mal\\\/#primaryimage\"},\"thumbnailUrl\":\"https:\\\/\\\/lepatriotebenin.com\\\/wp-content\\\/uploads\\\/2025\\\/01\\\/maiga.jpg\",\"datePublished\":\"2025-01-05T09:00:42+00:00\",\"dateModified\":\"2025-01-05T09:00:43+00:00\",\"author\":{\"@id\":\"https:\\\/\\\/lepatriotebenin.com\\\/#\\\/schema\\\/person\\\/4a9b67216c97d04045e01405c534c91f\"},\"breadcrumb\":{\"@id\":\"https:\\\/\\\/lepatriotebenin.com\\\/index.php\\\/2025\\\/01\\\/05\\\/choguel-maiga-tout-homme-politique-qui-exerce-la-peur-et-la-terreur-sur-les-gens-il-finira-toujours-mal\\\/#breadcrumb\"},\"inLanguage\":\"fr-FR\",\"potentialAction\":[{\"@type\":\"ReadAction\",\"target\":[\"https:\\\/\\\/lepatriotebenin.com\\\/index.php\\\/2025\\\/01\\\/05\\\/choguel-maiga-tout-homme-politique-qui-exerce-la-peur-et-la-terreur-sur-les-gens-il-finira-toujours-mal\\\/\"]}]},{\"@type\":\"ImageObject\",\"inLanguage\":\"fr-FR\",\"@id\":\"https:\\\/\\\/lepatriotebenin.com\\\/index.php\\\/2025\\\/01\\\/05\\\/choguel-maiga-tout-homme-politique-qui-exerce-la-peur-et-la-terreur-sur-les-gens-il-finira-toujours-mal\\\/#primaryimage\",\"url\":\"https:\\\/\\\/lepatriotebenin.com\\\/wp-content\\\/uploads\\\/2025\\\/01\\\/maiga.jpg\",\"contentUrl\":\"https:\\\/\\\/lepatriotebenin.com\\\/wp-content\\\/uploads\\\/2025\\\/01\\\/maiga.jpg\",\"width\":980,\"height\":551},{\"@type\":\"BreadcrumbList\",\"@id\":\"https:\\\/\\\/lepatriotebenin.com\\\/index.php\\\/2025\\\/01\\\/05\\\/choguel-maiga-tout-homme-politique-qui-exerce-la-peur-et-la-terreur-sur-les-gens-il-finira-toujours-mal\\\/#breadcrumb\",\"itemListElement\":[{\"@type\":\"ListItem\",\"position\":1,\"name\":\"Accueil\",\"item\":\"https:\\\/\\\/lepatriotebenin.com\\\/\"},{\"@type\":\"ListItem\",\"position\":2,\"name\":\"Choguel Ma\u00efga : \u00ab Tout homme politique qui exerce la peur et la terreur sur les gens, il finira toujours mal\u00a0\u00bb\"}]},{\"@type\":\"WebSite\",\"@id\":\"https:\\\/\\\/lepatriotebenin.com\\\/#website\",\"url\":\"https:\\\/\\\/lepatriotebenin.com\\\/\",\"name\":\"Le Patriote\",\"description\":\"Le Patriote B\u00e9nin\",\"potentialAction\":[{\"@type\":\"SearchAction\",\"target\":{\"@type\":\"EntryPoint\",\"urlTemplate\":\"https:\\\/\\\/lepatriotebenin.com\\\/?s={search_term_string}\"},\"query-input\":{\"@type\":\"PropertyValueSpecification\",\"valueRequired\":true,\"valueName\":\"search_term_string\"}}],\"inLanguage\":\"fr-FR\"},{\"@type\":\"Person\",\"@id\":\"https:\\\/\\\/lepatriotebenin.com\\\/#\\\/schema\\\/person\\\/4a9b67216c97d04045e01405c534c91f\",\"name\":\"Roland AFFANOU\",\"image\":{\"@type\":\"ImageObject\",\"inLanguage\":\"fr-FR\",\"@id\":\"https:\\\/\\\/secure.gravatar.com\\\/avatar\\\/7209d3f6d2d47ea4d0c67e14d3effb61feb10ae540a4381280c66265de5bd643?s=96&d=mm&r=g\",\"url\":\"https:\\\/\\\/secure.gravatar.com\\\/avatar\\\/7209d3f6d2d47ea4d0c67e14d3effb61feb10ae540a4381280c66265de5bd643?s=96&d=mm&r=g\",\"contentUrl\":\"https:\\\/\\\/secure.gravatar.com\\\/avatar\\\/7209d3f6d2d47ea4d0c67e14d3effb61feb10ae540a4381280c66265de5bd643?s=96&d=mm&r=g\",\"caption\":\"Roland AFFANOU\"},\"url\":\"https:\\\/\\\/lepatriotebenin.com\"}]}<\/script>\n<!-- \/ Yoast SEO plugin. -->","yoast_head_json":{"title":"Choguel Ma\u00efga : \u00ab Tout homme politique qui exerce la peur et la terreur sur les gens, il finira toujours mal\u00a0\u00bb - Le Patriote","robots":{"index":"index","follow":"follow","max-snippet":"max-snippet:-1","max-image-preview":"max-image-preview:large","max-video-preview":"max-video-preview:-1"},"canonical":"https:\/\/lepatriotebenin.com\/index.php\/2025\/01\/05\/choguel-maiga-tout-homme-politique-qui-exerce-la-peur-et-la-terreur-sur-les-gens-il-finira-toujours-mal\/","og_locale":"fr_FR","og_type":"article","og_title":"Choguel Ma\u00efga : \u00ab Tout homme politique qui exerce la peur et la terreur sur les gens, il finira toujours mal\u00a0\u00bb - Le Patriote","og_description":"\u00c9clabouss\u00e9 par un scandale de malversations financi\u00e8res chiffr\u00e9 \u00e0 plusieurs milliards, l \u2018ex premier du Mali, Choguel Ma\u00efga, limog\u00e9 en novembre 2024 apr\u00e8s avoir critiqu\u00e9 la junte, a profit\u00e9 de&hellip;","og_url":"https:\/\/lepatriotebenin.com\/index.php\/2025\/01\/05\/choguel-maiga-tout-homme-politique-qui-exerce-la-peur-et-la-terreur-sur-les-gens-il-finira-toujours-mal\/","og_site_name":"Le Patriote","article_published_time":"2025-01-05T09:00:42+00:00","article_modified_time":"2025-01-05T09:00:43+00:00","og_image":[{"width":980,"height":551,"url":"https:\/\/lepatriotebenin.com\/wp-content\/uploads\/2025\/01\/maiga.jpg","type":"image\/jpeg"}],"author":"Roland AFFANOU","twitter_card":"summary_large_image","twitter_misc":{"\u00c9crit par":"Roland AFFANOU","Dur\u00e9e de lecture estim\u00e9e":"2 minutes"},"schema":{"@context":"https:\/\/schema.org","@graph":[{"@type":"Article","@id":"https:\/\/lepatriotebenin.com\/index.php\/2025\/01\/05\/choguel-maiga-tout-homme-politique-qui-exerce-la-peur-et-la-terreur-sur-les-gens-il-finira-toujours-mal\/#article","isPartOf":{"@id":"https:\/\/lepatriotebenin.com\/index.php\/2025\/01\/05\/choguel-maiga-tout-homme-politique-qui-exerce-la-peur-et-la-terreur-sur-les-gens-il-finira-toujours-mal\/"},"author":{"name":"Roland AFFANOU","@id":"https:\/\/lepatriotebenin.com\/#\/schema\/person\/4a9b67216c97d04045e01405c534c91f"},"headline":"Choguel Ma\u00efga : \u00ab Tout homme politique qui exerce la peur et la terreur sur les gens, il finira toujours mal\u00a0\u00bb","datePublished":"2025-01-05T09:00:42+00:00","dateModified":"2025-01-05T09:00:43+00:00","mainEntityOfPage":{"@id":"https:\/\/lepatriotebenin.com\/index.php\/2025\/01\/05\/choguel-maiga-tout-homme-politique-qui-exerce-la-peur-et-la-terreur-sur-les-gens-il-finira-toujours-mal\/"},"wordCount":370,"commentCount":0,"image":{"@id":"https:\/\/lepatriotebenin.com\/index.php\/2025\/01\/05\/choguel-maiga-tout-homme-politique-qui-exerce-la-peur-et-la-terreur-sur-les-gens-il-finira-toujours-mal\/#primaryimage"},"thumbnailUrl":"https:\/\/lepatriotebenin.com\/wp-content\/uploads\/2025\/01\/maiga.jpg","articleSection":["Uncategorized"],"inLanguage":"fr-FR","potentialAction":[{"@type":"CommentAction","name":"Comment","target":["https:\/\/lepatriotebenin.com\/index.php\/2025\/01\/05\/choguel-maiga-tout-homme-politique-qui-exerce-la-peur-et-la-terreur-sur-les-gens-il-finira-toujours-mal\/#respond"]}]},{"@type":"WebPage","@id":"https:\/\/lepatriotebenin.com\/index.php\/2025\/01\/05\/choguel-maiga-tout-homme-politique-qui-exerce-la-peur-et-la-terreur-sur-les-gens-il-finira-toujours-mal\/","url":"https:\/\/lepatriotebenin.com\/index.php\/2025\/01\/05\/choguel-maiga-tout-homme-politique-qui-exerce-la-peur-et-la-terreur-sur-les-gens-il-finira-toujours-mal\/","name":"Choguel Ma\u00efga : \u00ab Tout homme politique qui exerce la peur et la terreur sur les gens, il finira toujours mal\u00a0\u00bb - Le Patriote","isPartOf":{"@id":"https:\/\/lepatriotebenin.com\/#website"},"primaryImageOfPage":{"@id":"https:\/\/lepatriotebenin.com\/index.php\/2025\/01\/05\/choguel-maiga-tout-homme-politique-qui-exerce-la-peur-et-la-terreur-sur-les-gens-il-finira-toujours-mal\/#primaryimage"},"image":{"@id":"https:\/\/lepatriotebenin.com\/index.php\/2025\/01\/05\/choguel-maiga-tout-homme-politique-qui-exerce-la-peur-et-la-terreur-sur-les-gens-il-finira-toujours-mal\/#primaryimage"},"thumbnailUrl":"https:\/\/lepatriotebenin.com\/wp-content\/uploads\/2025\/01\/maiga.jpg","datePublished":"2025-01-05T09:00:42+00:00","dateModified":"2025-01-05T09:00:43+00:00","author":{"@id":"https:\/\/lepatriotebenin.com\/#\/schema\/person\/4a9b67216c97d04045e01405c534c91f"},"breadcrumb":{"@id":"https:\/\/lepatriotebenin.com\/index.php\/2025\/01\/05\/choguel-maiga-tout-homme-politique-qui-exerce-la-peur-et-la-terreur-sur-les-gens-il-finira-toujours-mal\/#breadcrumb"},"inLanguage":"fr-FR","potentialAction":[{"@type":"ReadAction","target":["https:\/\/lepatriotebenin.com\/index.php\/2025\/01\/05\/choguel-maiga-tout-homme-politique-qui-exerce-la-peur-et-la-terreur-sur-les-gens-il-finira-toujours-mal\/"]}]},{"@type":"ImageObject","inLanguage":"fr-FR","@id":"https:\/\/lepatriotebenin.com\/index.php\/2025\/01\/05\/choguel-maiga-tout-homme-politique-qui-exerce-la-peur-et-la-terreur-sur-les-gens-il-finira-toujours-mal\/#primaryimage","url":"https:\/\/lepatriotebenin.com\/wp-content\/uploads\/2025\/01\/maiga.jpg","contentUrl":"https:\/\/lepatriotebenin.com\/wp-content\/uploads\/2025\/01\/maiga.jpg","width":980,"height":551},{"@type":"BreadcrumbList","@id":"https:\/\/lepatriotebenin.com\/index.php\/2025\/01\/05\/choguel-maiga-tout-homme-politique-qui-exerce-la-peur-et-la-terreur-sur-les-gens-il-finira-toujours-mal\/#breadcrumb","itemListElement":[{"@type":"ListItem","position":1,"name":"Accueil","item":"https:\/\/lepatriotebenin.com\/"},{"@type":"ListItem","position":2,"name":"Choguel Ma\u00efga : \u00ab Tout homme politique qui exerce la peur et la terreur sur les gens, il finira toujours mal\u00a0\u00bb"}]},{"@type":"WebSite","@id":"https:\/\/lepatriotebenin.com\/#website","url":"https:\/\/lepatriotebenin.com\/","name":"Le Patriote","description":"Le Patriote B\u00e9nin","potentialAction":[{"@type":"SearchAction","target":{"@type":"EntryPoint","urlTemplate":"https:\/\/lepatriotebenin.com\/?s={search_term_string}"},"query-input":{"@type":"PropertyValueSpecification","valueRequired":true,"valueName":"search_term_string"}}],"inLanguage":"fr-FR"},{"@type":"Person","@id":"https:\/\/lepatriotebenin.com\/#\/schema\/person\/4a9b67216c97d04045e01405c534c91f","name":"Roland AFFANOU","image":{"@type":"ImageObject","inLanguage":"fr-FR","@id":"https:\/\/secure.gravatar.com\/avatar\/7209d3f6d2d47ea4d0c67e14d3effb61feb10ae540a4381280c66265de5bd643?s=96&d=mm&r=g","url":"https:\/\/secure.gravatar.com\/avatar\/7209d3f6d2d47ea4d0c67e14d3effb61feb10ae540a4381280c66265de5bd643?s=96&d=mm&r=g","contentUrl":"https:\/\/secure.gravatar.com\/avatar\/7209d3f6d2d47ea4d0c67e14d3effb61feb10ae540a4381280c66265de5bd643?s=96&d=mm&r=g","caption":"Roland AFFANOU"},"url":"https:\/\/lepatriotebenin.com"}]}},"_links":{"self":[{"href":"https:\/\/lepatriotebenin.com\/index.php\/wp-json\/wp\/v2\/posts\/10141","targetHints":{"allow":["GET"]}}],"collection":[{"href":"https:\/\/lepatriotebenin.com\/index.php\/wp-json\/wp\/v2\/posts"}],"about":[{"href":"https:\/\/lepatriotebenin.com\/index.php\/wp-json\/wp\/v2\/types\/post"}],"author":[{"embeddable":true,"href":"https:\/\/lepatriotebenin.com\/index.php\/wp-json\/wp\/v2\/users\/6"}],"replies":[{"embeddable":true,"href":"https:\/\/lepatriotebenin.com\/index.php\/wp-json\/wp\/v2\/comments?post=10141"}],"version-history":[{"count":1,"href":"https:\/\/lepatriotebenin.com\/index.php\/wp-json\/wp\/v2\/posts\/10141\/revisions"}],"predecessor-version":[{"id":10143,"href":"https:\/\/lepatriotebenin.com\/index.php\/wp-json\/wp\/v2\/posts\/10141\/revisions\/10143"}],"wp:featuredmedia":[{"embeddable":true,"href":"https:\/\/lepatriotebenin.com\/index.php\/wp-json\/wp\/v2\/media\/10142"}],"wp:attachment":[{"href":"https:\/\/lepatriotebenin.com\/index.php\/wp-json\/wp\/v2\/media?parent=10141"}],"wp:term":[{"taxonomy":"category","embeddable":true,"href":"https:\/\/lepatriotebenin.com\/index.php\/wp-json\/wp\/v2\/categories?post=10141"},{"taxonomy":"post_tag","embeddable":true,"href":"https:\/\/lepatriotebenin.com\/index.php\/wp-json\/wp\/v2\/tags?post=10141"}],"curies":[{"name":"wp","href":"https:\/\/api.w.org\/{rel}","templated":true}]}}